{"id":9764,"date":"2021-10-19T09:52:51","date_gmt":"2021-10-19T12:52:51","guid":{"rendered":"https:\/\/radiorevelacionfm.cl\/?p=9764"},"modified":"2021-10-19T09:52:51","modified_gmt":"2021-10-19T12:52:51","slug":"con-mucha-alegria-se-celebra-el-mes-de-las-personas-mayores-en-puerto-aysen","status":"publish","type":"post","link":"https:\/\/radiorevelacionfm.cl\/?p=9764","title":{"rendered":"Con mucha alegr\u00eda se celebra el Mes de las Personas Mayores en Puerto Ays\u00e9n"},"content":{"rendered":"<div class=\"flex_column av_one_full  flex_column_div av-zero-column-padding first  avia-builder-el-0  el_before_av_one_full  avia-builder-el-first  \" style='border-radius:0px; '><div  class='avia-image-container  av-styling-    avia-builder-el-1  avia-builder-el-no-sibling  avia-align-center '  itemprop=\"image\" itemscope=\"itemscope\" itemtype=\"https:\/\/schema.org\/ImageObject\"  ><div class='avia-image-container-inner'><div class='avia-image-overlay-wrap'><img decoding=\"async\" class='wp-image-9765 avia-img-lazy-loading-not-9765 avia_image' src=\"https:\/\/radiorevelacionfm.cl\/wp-content\/uploads\/2021\/10\/Adultos-Mayores-1-1.jpg\" alt='' title='Adultos Mayores (1) (1)' height=\"600\" width=\"900\"  itemprop=\"thumbnailUrl\" srcset=\"https:\/\/radiorevelacionfm.cl\/wp-content\/uploads\/2021\/10\/Adultos-Mayores-1-1.jpg 900w, https:\/\/radiorevelacionfm.cl\/wp-content\/uploads\/2021\/10\/Adultos-Mayores-1-1-300x200.jpg 300w, https:\/\/radiorevelacionfm.cl\/wp-content\/uploads\/2021\/10\/Adultos-Mayores-1-1-768x512.jpg 768w, https:\/\/radiorevelacionfm.cl\/wp-content\/uploads\/2021\/10\/Adultos-Mayores-1-1-705x470.jpg 705w, https:\/\/radiorevelacionfm.cl\/wp-content\/uploads\/2021\/10\/Adultos-Mayores-1-1-600x400.jpg 600w\" sizes=\"(max-width: 900px) 100vw, 900px\" \/><\/div><\/div><\/div><\/div><div class=\"flex_column av_one_full  flex_column_div av-zero-column-padding first  avia-builder-el-2  el_after_av_one_full  el_before_av_one_full  column-top-margin\" style='border-radius:0px; '><section class=\"av_textblock_section \"  itemscope=\"itemscope\" itemtype=\"https:\/\/schema.org\/BlogPosting\" itemprop=\"blogPost\" ><div class='avia_textblock  '   itemprop=\"text\" ><p style=\"text-align: center;\"><strong><span style=\"font-size: 18pt;\">Con mucha alegr\u00eda se celebra el Mes de las Personas Mayores en Puerto Ays\u00e9n<\/span><\/strong><\/p>\n<div id=\"gtx-trans\" style=\"position: absolute; left: -50px; top: 4.31534px;\">\n<div class=\"gtx-trans-icon\"><\/div>\n<\/div>\n<\/div><\/section><\/div><div class=\"flex_column av_one_full  flex_column_div av-zero-column-padding first  avia-builder-el-4  el_after_av_one_full  el_before_av_hr  column-top-margin\" style='border-radius:0px; '><section class=\"av_textblock_section \"  itemscope=\"itemscope\" itemtype=\"https:\/\/schema.org\/BlogPosting\" itemprop=\"blogPost\" ><div class='avia_textblock  '   itemprop=\"text\" ><p style=\"font-weight: 400; text-align: justify;\">La actividad que marc\u00f3 el hito de inicio se efectu\u00f3 en el Frontis del Hogar San Bernardo y cont\u00f3 con la participaci\u00f3n de los residentes, trabajadores y autoridades de la Municipalidad de Ays\u00e9n.<\/p>\n<p style=\"font-weight: 400; text-align: justify;\">Para\u00a0Mauricio Jaque, director de Dideco, el Mes de las Personas Mayores, organizado en conjunto con la Oficina de Adultos Mayores y Discapacidad y SENAMA, dan cuenta que \u201cAys\u00e9n, somos todos\u201d, citando al alcalde Julio Uribe.<\/p>\n<p style=\"font-weight: 400; text-align: justify;\">\u201cEn esta ocasi\u00f3n, quisimos darle un toque especial a esta celebraci\u00f3n, entregando un bello reconocimiento a todos los adultos mayores como residentes del Hogar San Bernardo y a tres funcionarios, que han pasado gran parte de su vida trabajando en pos de los adultos mayores\u201d, recalc\u00f3.<\/p>\n<p style=\"font-weight: 400; text-align: justify;\">En tanto que Marco Con\u0303uecar, director de Seguridad P\u00fablica en el Municipio de Ays\u00e9n, destac\u00f3 la labor de los adultos mayores. \u201cSon personas que han dedicado su vida al desarrollo de Ays\u00e9n, as\u00ed que reconocerlos es lo m\u00ednimo que podamos hacer como municipio. Nuestro alcalde Julio Uribe nos ha pedido estar presentes en todas las actividades, antes estuvimos con los j\u00f3venes y la cultura, hoy es tiempo para los adultos mayores que merecen lo mejor\u201d, expres\u00f3.<\/p>\n<p style=\"font-weight: 400; text-align: justify;\">Por su parte, la concejala Tatiana Villarroel, enfatiz\u00f3 el valor de celebrar a las personas mayores. \u201cOjal\u00e1 que fuera todo el a\u00f1o para ellos, y sin duda es de importancia para nosotros como autoridades y para la comunidad tambi\u00e9n estar aqu\u00ed acompa\u00f1ando a los abuelitos del hogar San Bernardo que han tenido muchos regalos y premios, una manera muy l\u00fadica de acompa\u00f1arlos\u201d, enfatiz\u00f3. A su vez, felicit\u00f3 al municipio por esta iniciativa de celebrar a todas estas personas mayores.<\/p>\n<p style=\"font-weight: 400; text-align: justify;\">En este sentido, Pablo Arredondo, asistente social de la Oficina de Adulto Mayor y Discapacidad, reiter\u00f3 la invitaci\u00f3n para que las personas mayores y sus familias participen en las actividades que contempla el Mes de las Personas Mayores en la comuna de Ays\u00e9n. El mismo llamado hizo la se\u00f1ora Teresa Con\u0303uecar quien asisti\u00f3 al evento municipal. \u201cEncontr\u00e9 muy buena esta celebraci\u00f3n, sobre todo para los abuelitos que pasan aqu\u00ed y no pueden salir. Hay que venir a verlos y ojal\u00e1 que estas actividades se repitan para todas las fechas especiales\u201d, puntualiz\u00f3.<\/p>\n<\/div><\/section><\/div><div  style='height:50px' class='hr hr-invisible   avia-builder-el-6  el_after_av_one_full  el_before_av_social_share '><span class='hr-inner ' ><span class='hr-inner-style'><\/span><\/span><\/div><\/p>\n<div  class='av-social-sharing-box  avia-builder-el-7  el_after_av_hr  el_before_av_hr  '><div class='av-share-box'><h5 class='av-share-link-description av-no-toc '>Compartir esta noticia<\/h5><ul class='av-share-box-list noLightbox'><li class='av-share-link av-social-link-facebook' ><a target=\"_blank\" aria-label=\"Compartir en Facebook\" href='https:\/\/www.facebook.com\/sharer.php?u=https:\/\/radiorevelacionfm.cl\/?p=9764&#038;t=Con%20mucha%20alegr%C3%ADa%20se%20celebra%20el%20Mes%20de%20las%20Personas%20Mayores%20en%20Puerto%20Ays%C3%A9n' aria-hidden='false' data-av_icon='\ue8f3' data-av_iconfont='entypo-fontello' title='' data-avia-related-tooltip='Compartir en Facebook' rel=\"noopener\"><span class='avia_hidden_link_text'>Compartir en Facebook<\/span><\/a><\/li><li class='av-share-link av-social-link-twitter' ><a target=\"_blank\" aria-label=\"Compartir en Twitter\" href='https:\/\/twitter.com\/share?text=Con%20mucha%20alegr%C3%ADa%20se%20celebra%20el%20Mes%20de%20las%20Personas%20Mayores%20en%20Puerto%20Ays%C3%A9n&#038;url=https:\/\/radiorevelacionfm.cl\/?p=9764' aria-hidden='false' data-av_icon='\ue8f1' data-av_iconfont='entypo-fontello' title='' data-avia-related-tooltip='Compartir en Twitter' rel=\"noopener\"><span class='avia_hidden_link_text'>Compartir en Twitter<\/span><\/a><\/li><li class='av-share-link av-social-link-whatsapp' ><a target=\"_blank\" aria-label=\"Compartir en Whatsapp\" href='https:\/\/api.whatsapp.com\/send?text=https:\/\/radiorevelacionfm.cl\/?p=9764' aria-hidden='false' data-av_icon='\uf232' data-av_iconfont='entypo-fontello' title='' data-avia-related-tooltip='Compartir en Whatsapp' rel=\"noopener\"><span class='avia_hidden_link_text'>Compartir en Whatsapp<\/span><\/a><\/li><li class='av-share-link av-social-link-linkedin' ><a target=\"_blank\" aria-label=\"Compartir en LinkedIn\" href='https:\/\/linkedin.com\/shareArticle?mini=true&#038;title=Con%20mucha%20alegr%C3%ADa%20se%20celebra%20el%20Mes%20de%20las%20Personas%20Mayores%20en%20Puerto%20Ays%C3%A9n&#038;url=https:\/\/radiorevelacionfm.cl\/?p=9764' aria-hidden='false' data-av_icon='\ue8fc' data-av_iconfont='entypo-fontello' title='' data-avia-related-tooltip='Compartir en LinkedIn' rel=\"noopener\"><span class='avia_hidden_link_text'>Compartir en LinkedIn<\/span><\/a><\/li><li class='av-share-link av-social-link-mail' ><a  aria-label=\"Compartir por correo\" href='mailto:?subject=Con%20mucha%20alegr%C3%ADa%20se%20celebra%20el%20Mes%20de%20las%20Personas%20Mayores%20en%20Puerto%20Ays%C3%A9n&#038;body=https:\/\/radiorevelacionfm.cl\/?p=9764' aria-hidden='false' data-av_icon='\ue805' data-av_iconfont='entypo-fontello' title='' data-avia-related-tooltip='Compartir por correo'><span class='avia_hidden_link_text'>Compartir por correo<\/span><\/a><\/li><\/ul><\/div><\/div>\n<div  style='height:50px' class='hr hr-invisible   avia-builder-el-8  el_after_av_social_share  el_before_av_comments_list '><span class='hr-inner ' ><span class='hr-inner-style'><\/span><\/span><\/div>\n<div  class='av-buildercomment  av-blog-meta-html-info-disabled av-blog-meta-tag-disabled  '><\/div>\n","protected":false},"excerpt":{"rendered":"","protected":false},"author":1,"featured_media":9765,"comment_status":"open","ping_status":"open","sticky":false,"template":"","format":"standard","meta":{"footnotes":""},"categories":[38],"tags":[],"class_list":["post-9764","post","type-post","status-publish","format-standard","has-post-thumbnail","hentry","category-regional"],"jetpack_featured_media_url":"https:\/\/radiorevelacionfm.cl\/wp-content\/uploads\/2021\/10\/Adultos-Mayores-1-1.jpg","_links":{"self":[{"href":"https:\/\/radiorevelacionfm.cl\/index.php?rest_route=\/wp\/v2\/posts\/9764","targetHints":{"allow":["GET"]}}],"collection":[{"href":"https:\/\/radiorevelacionfm.cl\/index.php?rest_route=\/wp\/v2\/posts"}],"about":[{"href":"https:\/\/radiorevelacionfm.cl\/index.php?rest_route=\/wp\/v2\/types\/post"}],"author":[{"embeddable":true,"href":"https:\/\/radiorevelacionfm.cl\/index.php?rest_route=\/wp\/v2\/users\/1"}],"replies":[{"embeddable":true,"href":"https:\/\/radiorevelacionfm.cl\/index.php?rest_route=%2Fwp%2Fv2%2Fcomments&post=9764"}],"version-history":[{"count":1,"href":"https:\/\/radiorevelacionfm.cl\/index.php?rest_route=\/wp\/v2\/posts\/9764\/revisions"}],"predecessor-version":[{"id":9766,"href":"https:\/\/radiorevelacionfm.cl\/index.php?rest_route=\/wp\/v2\/posts\/9764\/revisions\/9766"}],"wp:featuredmedia":[{"embeddable":true,"href":"https:\/\/radiorevelacionfm.cl\/index.php?rest_route=\/wp\/v2\/media\/9765"}],"wp:attachment":[{"href":"https:\/\/radiorevelacionfm.cl\/index.php?rest_route=%2Fwp%2Fv2%2Fmedia&parent=9764"}],"wp:term":[{"taxonomy":"category","embeddable":true,"href":"https:\/\/radiorevelacionfm.cl\/index.php?rest_route=%2Fwp%2Fv2%2Fcategories&post=9764"},{"taxonomy":"post_tag","embeddable":true,"href":"https:\/\/radiorevelacionfm.cl\/index.php?rest_route=%2Fwp%2Fv2%2Ftags&post=9764"}],"curies":[{"name":"wp","href":"https:\/\/api.w.org\/{rel}","templated":true}]}}