{"id":9758,"date":"2021-10-18T22:30:49","date_gmt":"2021-10-19T01:30:49","guid":{"rendered":"https:\/\/radiorevelacionfm.cl\/?p=9758"},"modified":"2021-10-19T22:13:36","modified_gmt":"2021-10-20T01:13:36","slug":"carabineros-de-puerto-aysen-rescato-pudu-tras-ataque-de-perros-en-el-sector-puente-dun","status":"publish","type":"post","link":"https:\/\/radiorevelacionfm.cl\/?p=9758","title":{"rendered":"Carabineros de Puerto Ays\u00e9n rescat\u00f3 pud\u00fa tras ataque de perros en el sector puente Dun"},"content":{"rendered":"<div class=\"flex_column av_one_full  flex_column_div av-zero-column-padding first  avia-builder-el-0  el_before_av_one_full  avia-builder-el-first  \" style='border-radius:0px; '><div  class='avia-image-container  av-styling-    avia-builder-el-1  avia-builder-el-no-sibling  avia-align-center '  itemprop=\"image\" itemscope=\"itemscope\" itemtype=\"https:\/\/schema.org\/ImageObject\"  ><div class='avia-image-container-inner'><div class='avia-image-overlay-wrap'><img decoding=\"async\" class='wp-image-9759 avia-img-lazy-loading-not-9759 avia_image' src=\"https:\/\/radiorevelacionfm.cl\/wp-content\/uploads\/2021\/10\/Rescate-PUDU-1-1.jpg\" alt='' title='Rescate PUDU (1) (1)' height=\"600\" width=\"1430\"  itemprop=\"thumbnailUrl\" srcset=\"https:\/\/radiorevelacionfm.cl\/wp-content\/uploads\/2021\/10\/Rescate-PUDU-1-1.jpg 1430w, https:\/\/radiorevelacionfm.cl\/wp-content\/uploads\/2021\/10\/Rescate-PUDU-1-1-300x126.jpg 300w, https:\/\/radiorevelacionfm.cl\/wp-content\/uploads\/2021\/10\/Rescate-PUDU-1-1-1030x432.jpg 1030w, https:\/\/radiorevelacionfm.cl\/wp-content\/uploads\/2021\/10\/Rescate-PUDU-1-1-768x322.jpg 768w, https:\/\/radiorevelacionfm.cl\/wp-content\/uploads\/2021\/10\/Rescate-PUDU-1-1-705x296.jpg 705w, https:\/\/radiorevelacionfm.cl\/wp-content\/uploads\/2021\/10\/Rescate-PUDU-1-1-600x252.jpg 600w\" sizes=\"(max-width: 1430px) 100vw, 1430px\" \/><\/div><\/div><\/div><\/div><div class=\"flex_column av_one_full  flex_column_div av-zero-column-padding first  avia-builder-el-2  el_after_av_one_full  el_before_av_one_full  column-top-margin\" style='border-radius:0px; '><section class=\"av_textblock_section \"  itemscope=\"itemscope\" itemtype=\"https:\/\/schema.org\/BlogPosting\" itemprop=\"blogPost\" ><div class='avia_textblock  '   itemprop=\"text\" ><p style=\"text-align: center;\"><strong><span style=\"font-size: 18pt;\">Carabineros de Puerto Ays\u00e9n rescat\u00f3 pud\u00fa tras ataque de perros en el sector puente Dun<\/span><\/strong><\/p>\n<div id=\"gtx-trans\" style=\"position: absolute; left: -50px; top: 4.31534px;\">\n<div class=\"gtx-trans-icon\"><\/div>\n<\/div>\n<\/div><\/section><\/div><div class=\"flex_column av_one_full  flex_column_div av-zero-column-padding first  avia-builder-el-4  el_after_av_one_full  el_before_av_hr  column-top-margin\" style='border-radius:0px; '><section class=\"av_textblock_section \"  itemscope=\"itemscope\" itemtype=\"https:\/\/schema.org\/BlogPosting\" itemprop=\"blogPost\" ><div class='avia_textblock  '   itemprop=\"text\" ><p style=\"text-align: justify;\">La alerta oportuna por parte de un conductor tras percatarse de la presencia de un pud\u00fa a un costado de la Ruta CH-240 en el sector de puente Dun, permiti\u00f3 la inmediata concurrencia por parte de Carabineros de la Segunda Comisar\u00eda de Puerto Ays\u00e9n, logrando rescatar al peque\u00f1o animal, el cual momentos antes era v\u00edctima de un ataque por parte de perros en el lugar.<\/p>\n<p style=\"text-align: justify;\">Tras recibir un comunicado radial a trav\u00e9s de la Central de Comunicaciones (Cenco), el personal concurri\u00f3 en forma inmediata al sector, brindando el auxilio oportuno al ejemplar, siendo trasladado a bordo del carro policial.<\/p>\n<p style=\"text-align: justify;\">Carabineros realiz\u00f3 diversas gestiones con una cl\u00ednica veterinaria de la ciudad, con el prop\u00f3sito de verificar la condici\u00f3n producto del ataque de canes, para m\u00e1s tarde ser derivado al Servicio Agr\u00edcola y Ganadero (SAG).<\/p>\n<p style=\"text-align: justify;\">El pud\u00fa es una especie insignia de los bosques templados de sudam\u00e9rica, habitando sectores cordilleranos y precordilleranos de los Andes de Chile y Argentina. En nuestro pa\u00eds, dicho animal se encuentra distribuido desde la regi\u00f3n del Maule hasta Ays\u00e9n.<\/p>\n<p style=\"text-align: justify;\">Se trata de uno de los ciervos m\u00e1s peque\u00f1os del mundo, toda vez que no supera los 40 cent\u00edmetros de\u00a0altura, ni los 10 kilos de peso.<\/p>\n<p style=\"text-align: justify;\">Es un animal t\u00edmido -que se encuentra en estado vulnerable- el cual se oculta en la vegetaci\u00f3n y vive de manera solitaria o en grupos de no m\u00e1s de tres ejemplares.<\/p>\n<\/div><\/section><\/div><div  style='height:50px' class='hr hr-invisible   avia-builder-el-6  el_after_av_one_full  el_before_av_social_share '><span class='hr-inner ' ><span class='hr-inner-style'><\/span><\/span><\/div><\/p>\n<div  class='av-social-sharing-box  avia-builder-el-7  el_after_av_hr  el_before_av_hr  '><div class='av-share-box'><h5 class='av-share-link-description av-no-toc '>Compartir esta noticia<\/h5><ul class='av-share-box-list noLightbox'><li class='av-share-link av-social-link-facebook' ><a target=\"_blank\" aria-label=\"Compartir en Facebook\" href='https:\/\/www.facebook.com\/sharer.php?u=https:\/\/radiorevelacionfm.cl\/?p=9758&#038;t=Carabineros%20de%20Puerto%20Ays%C3%A9n%20rescat%C3%B3%20pud%C3%BA%20tras%20ataque%20de%20perros%20en%20el%20sector%20puente%20Dun' aria-hidden='false' data-av_icon='\ue8f3' data-av_iconfont='entypo-fontello' title='' data-avia-related-tooltip='Compartir en Facebook' rel=\"noopener\"><span class='avia_hidden_link_text'>Compartir en Facebook<\/span><\/a><\/li><li class='av-share-link av-social-link-twitter' ><a target=\"_blank\" aria-label=\"Compartir en Twitter\" href='https:\/\/twitter.com\/share?text=Carabineros%20de%20Puerto%20Ays%C3%A9n%20rescat%C3%B3%20pud%C3%BA%20tras%20ataque%20de%20perros%20en%20el%20sector%20puente%20Dun&#038;url=https:\/\/radiorevelacionfm.cl\/?p=9758' aria-hidden='false' data-av_icon='\ue8f1' data-av_iconfont='entypo-fontello' title='' data-avia-related-tooltip='Compartir en Twitter' rel=\"noopener\"><span class='avia_hidden_link_text'>Compartir en Twitter<\/span><\/a><\/li><li class='av-share-link av-social-link-whatsapp' ><a target=\"_blank\" aria-label=\"Compartir en Whatsapp\" href='https:\/\/api.whatsapp.com\/send?text=https:\/\/radiorevelacionfm.cl\/?p=9758' aria-hidden='false' data-av_icon='\uf232' data-av_iconfont='entypo-fontello' title='' data-avia-related-tooltip='Compartir en Whatsapp' rel=\"noopener\"><span class='avia_hidden_link_text'>Compartir en Whatsapp<\/span><\/a><\/li><li class='av-share-link av-social-link-linkedin' ><a target=\"_blank\" aria-label=\"Compartir en LinkedIn\" href='https:\/\/linkedin.com\/shareArticle?mini=true&#038;title=Carabineros%20de%20Puerto%20Ays%C3%A9n%20rescat%C3%B3%20pud%C3%BA%20tras%20ataque%20de%20perros%20en%20el%20sector%20puente%20Dun&#038;url=https:\/\/radiorevelacionfm.cl\/?p=9758' aria-hidden='false' data-av_icon='\ue8fc' data-av_iconfont='entypo-fontello' title='' data-avia-related-tooltip='Compartir en LinkedIn' rel=\"noopener\"><span class='avia_hidden_link_text'>Compartir en LinkedIn<\/span><\/a><\/li><li class='av-share-link av-social-link-mail' ><a  aria-label=\"Compartir por correo\" href='mailto:?subject=Carabineros%20de%20Puerto%20Ays%C3%A9n%20rescat%C3%B3%20pud%C3%BA%20tras%20ataque%20de%20perros%20en%20el%20sector%20puente%20Dun&#038;body=https:\/\/radiorevelacionfm.cl\/?p=9758' aria-hidden='false' data-av_icon='\ue805' data-av_iconfont='entypo-fontello' title='' data-avia-related-tooltip='Compartir por correo'><span class='avia_hidden_link_text'>Compartir por correo<\/span><\/a><\/li><\/ul><\/div><\/div>\n<div  style='height:50px' class='hr hr-invisible   avia-builder-el-8  el_after_av_social_share  el_before_av_comments_list '><span class='hr-inner ' ><span class='hr-inner-style'><\/span><\/span><\/div>\n<div  class='av-buildercomment  av-blog-meta-html-info-disabled av-blog-meta-tag-disabled  '><\/div>\n","protected":false},"excerpt":{"rendered":"","protected":false},"author":1,"featured_media":9759,"comment_status":"open","ping_status":"open","sticky":false,"template":"","format":"standard","meta":{"footnotes":""},"categories":[36],"tags":[],"class_list":["post-9758","post","type-post","status-publish","format-standard","has-post-thumbnail","hentry","category-policial"],"jetpack_featured_media_url":"https:\/\/radiorevelacionfm.cl\/wp-content\/uploads\/2021\/10\/Rescate-PUDU-1-1.jpg","_links":{"self":[{"href":"https:\/\/radiorevelacionfm.cl\/index.php?rest_route=\/wp\/v2\/posts\/9758","targetHints":{"allow":["GET"]}}],"collection":[{"href":"https:\/\/radiorevelacionfm.cl\/index.php?rest_route=\/wp\/v2\/posts"}],"about":[{"href":"https:\/\/radiorevelacionfm.cl\/index.php?rest_route=\/wp\/v2\/types\/post"}],"author":[{"embeddable":true,"href":"https:\/\/radiorevelacionfm.cl\/index.php?rest_route=\/wp\/v2\/users\/1"}],"replies":[{"embeddable":true,"href":"https:\/\/radiorevelacionfm.cl\/index.php?rest_route=%2Fwp%2Fv2%2Fcomments&post=9758"}],"version-history":[{"count":1,"href":"https:\/\/radiorevelacionfm.cl\/index.php?rest_route=\/wp\/v2\/posts\/9758\/revisions"}],"predecessor-version":[{"id":9760,"href":"https:\/\/radiorevelacionfm.cl\/index.php?rest_route=\/wp\/v2\/posts\/9758\/revisions\/9760"}],"wp:featuredmedia":[{"embeddable":true,"href":"https:\/\/radiorevelacionfm.cl\/index.php?rest_route=\/wp\/v2\/media\/9759"}],"wp:attachment":[{"href":"https:\/\/radiorevelacionfm.cl\/index.php?rest_route=%2Fwp%2Fv2%2Fmedia&parent=9758"}],"wp:term":[{"taxonomy":"category","embeddable":true,"href":"https:\/\/radiorevelacionfm.cl\/index.php?rest_route=%2Fwp%2Fv2%2Fcategories&post=9758"},{"taxonomy":"post_tag","embeddable":true,"href":"https:\/\/radiorevelacionfm.cl\/index.php?rest_route=%2Fwp%2Fv2%2Ftags&post=9758"}],"curies":[{"name":"wp","href":"https:\/\/api.w.org\/{rel}","templated":true}]}}