{"id":9755,"date":"2021-10-18T21:30:44","date_gmt":"2021-10-19T00:30:44","guid":{"rendered":"https:\/\/radiorevelacionfm.cl\/?p=9755"},"modified":"2021-10-18T21:30:44","modified_gmt":"2021-10-19T00:30:44","slug":"comunidad-de-chile-chico-cansada-de-soluciones-parche-vuelve-a-las-calles-para-reclamar-por-conectividad","status":"publish","type":"post","link":"https:\/\/radiorevelacionfm.cl\/?p=9755","title":{"rendered":"Comunidad de Chile Chico cansada de soluciones parche vuelve a las calles para reclamar por conectividad"},"content":{"rendered":"<div class=\"flex_column av_one_full  flex_column_div av-zero-column-padding first  avia-builder-el-0  el_before_av_one_full  avia-builder-el-first  \" style='border-radius:0px; '><div  class='avia-image-container  av-styling-    avia-builder-el-1  avia-builder-el-no-sibling  avia-align-center '  itemprop=\"image\" itemscope=\"itemscope\" itemtype=\"https:\/\/schema.org\/ImageObject\"  ><div class='avia-image-container-inner'><div class='avia-image-overlay-wrap'><img decoding=\"async\" class='wp-image-9756 avia-img-lazy-loading-not-9756 avia_image' src=\"https:\/\/radiorevelacionfm.cl\/wp-content\/uploads\/2021\/10\/CHILE-CHICO-5-1-1.jpg\" alt='' title='CHILE CHICO 5 (1) (1)' height=\"600\" width=\"1030\"  itemprop=\"thumbnailUrl\" srcset=\"https:\/\/radiorevelacionfm.cl\/wp-content\/uploads\/2021\/10\/CHILE-CHICO-5-1-1.jpg 1030w, https:\/\/radiorevelacionfm.cl\/wp-content\/uploads\/2021\/10\/CHILE-CHICO-5-1-1-300x175.jpg 300w, https:\/\/radiorevelacionfm.cl\/wp-content\/uploads\/2021\/10\/CHILE-CHICO-5-1-1-768x447.jpg 768w, https:\/\/radiorevelacionfm.cl\/wp-content\/uploads\/2021\/10\/CHILE-CHICO-5-1-1-705x411.jpg 705w, https:\/\/radiorevelacionfm.cl\/wp-content\/uploads\/2021\/10\/CHILE-CHICO-5-1-1-600x350.jpg 600w\" sizes=\"(max-width: 1030px) 100vw, 1030px\" \/><\/div><\/div><\/div><\/div><div class=\"flex_column av_one_full  flex_column_div av-zero-column-padding first  avia-builder-el-2  el_after_av_one_full  el_before_av_one_full  column-top-margin\" style='border-radius:0px; '><section class=\"av_textblock_section \"  itemscope=\"itemscope\" itemtype=\"https:\/\/schema.org\/BlogPosting\" itemprop=\"blogPost\" ><div class='avia_textblock  '   itemprop=\"text\" ><p style=\"text-align: center;\"><strong><span style=\"font-size: 18pt;\">Comunidad de Chile Chico cansada de soluciones parche vuelve a las calles para reclamar por conectividad<\/span><\/strong><\/p>\n<div id=\"gtx-trans\" style=\"position: absolute; left: -50px; top: 4.31534px;\">\n<div class=\"gtx-trans-icon\"><\/div>\n<\/div>\n<\/div><\/section><\/div><div class=\"flex_column av_one_full  flex_column_div av-zero-column-padding first  avia-builder-el-4  el_after_av_one_full  el_before_av_hr  column-top-margin\" style='border-radius:0px; '><section class=\"av_textblock_section \"  itemscope=\"itemscope\" itemtype=\"https:\/\/schema.org\/BlogPosting\" itemprop=\"blogPost\" ><div class='avia_textblock  '   itemprop=\"text\" ><p style=\"text-align: justify;\">El fin de semana familias, dirigentes, gremios, concejales, vecinos y vecinas de Chile Chico decidieron salir a las calles, cansado de las reuniones y discursos de las autoridades de Gobierno respecto a la conectividad lacustre.<\/p>\n<p style=\"text-align: justify;\">Esto luego de que la carena de la barcaza Tehuelche haya sufrido varios impases, lo que por estos d\u00edas los tienen con capacidad restringida de carga y pasajeros, debido a que la barcaza Pilchero, una de las m\u00e1s antiguas, est\u00e1 supliendo la necesidad de traslado entre la ciudad del sol e Ib\u00e1\u00f1ez.<\/p>\n<p style=\"text-align: justify;\">Con bombos, banderas, veh\u00edculos y en clara manifestaci\u00f3n los y las chilequenses, llegaron hasta el muelle de la localidad para dar a conocer su descontento con el lento y tramitador accionar de las autoridades que en plena \u00e9poca de turismo, los han tenido complicados con la conectividad.<\/p>\n<p style=\"text-align: justify;\">Mario Figuoeroa, Concejal que ha estado permanentemente dando cuenta de su preocupaci\u00f3n por este tema y la necesidad de que autoridades regionales y nacionales le tomen el peso a esta problem\u00e1tica estuvo junto a los manifestantes.<\/p>\n<p style=\"text-align: justify;\">\u201cHemos estado insistiendo en este tema, hemos participado en una serie de reuniones que se nos ha convocado, pero la verdad es que llega un punto en que uno se cansa, porque no ve una soluci\u00f3n, no ve un avance. Se nota que las autoridades est\u00e1n muy dispersas, yo no veo ac\u00e1 una sinton\u00eda, los Seremis no vienen a apoyar a su delegada, el mismo ejecutivo de este Gobierno la Delegada Presidencial Regional ha brillado por su ausencia. Los vecinos le plantearon eso a la Delegada Provincial, que venga la autoridad regional a dar soluciones concretas, que no se siga con m\u00e1s soluciones parches y no m\u00e1s reuniones, porque la gente est\u00e1 cansada de eso\u201d.<\/p>\n<p style=\"text-align: justify;\">En tanto, Ver\u00f3nica Raty, presidenta de la c\u00e1mara de turismo de Chile Chico, se\u00f1al\u00f3 que desde el d\u00eda 31 de julio que se est\u00e1 requiriendo declarar a la zona en emergencia y que se contrate la Chelenko, otra embarcaci\u00f3n que est\u00e1 en Ib\u00e1\u00f1ez y que podr\u00eda ayudar en estos d\u00edas de contingencia, mientras se realiza la carena de la Tehuelche.<\/p>\n<p style=\"text-align: justify;\">\u201cDesde el 31 de julio nosotros nos vemos en esta situaci\u00f3n, muy afectados, desde el d\u00eda uno que estamos pidiendo que declaren Chile Chico en emergencia y que se contrate la Chelenko, no hemos sido escuchados, hasta ahora no hay ninguna documentaci\u00f3n firmada, respecto a alg\u00fan trabajo concreto que se vaya a hacer en la Tehuelche. Lo que significa que al d\u00eda de hoy, la Tehuelche no est\u00e1 siendo reparada, no se le ha puesto ning\u00fan tornillo como digo yo, por lo tanto, llevamos dos meses aproximadamente de tiempo perdido. Hoy la delegada se compromete que ese documento va estar firmado, de lo contrario seguiremos reuni\u00e9ndonos en el puerto en la manera de lo posible\u201d.<\/p>\n<p style=\"text-align: justify;\">Su preocupaci\u00f3n por lo que est\u00e1 sucediendo con la conectividad lacustre en Chile Chico, tambi\u00e9n la hizo ver el presidente de la uni\u00f3n comunal de juntas de vecinos, Jaime Pradenas. \u201cLos vecinos ya est\u00e1n cansados, no hay fecha de reparaci\u00f3n de la barcaza que es lo que nos interesa, la delegada nos inform\u00f3 de una fecha final el 15 de diciembre, pero eso no nos convence, como no nos ha convencido todo este a\u00f1o todas las mantenciones que se han echado para atr\u00e1s y una vez m\u00e1s hay una empresa que quiz\u00e1s, no hay fecha de inicio, entonces, dudamos de eso\u201d.<\/p>\n<p style=\"text-align: justify;\">La Tehuelche estar\u00eda en el agua navegando el d\u00eda 15 de diciembre, algo que afirm\u00f3 si o si, la Delegada Presidencial Provincial Vanessa V\u00e1squez, momento en el que es interpelada por una dirigenta social de Chile Chico, que si ello no ocurre la autoridad renuncia, a lo que V\u00e1squez contest\u00f3 que, si.<\/p>\n<p style=\"text-align: justify;\">Es importante recordar que, hace dos a\u00f1os en Chile Chico la comunidad se manifest\u00f3, sali\u00f3 a las calles exigiendo mejoras en la conectividad lacustre, debido a que las barcazas estaban presentado diversos inconvenientes. En esa oportunidad, se comprometi\u00f3 una nueva barcaza, la que luego fue ratificada por autoridades del nivel central, pero a dos a\u00f1os de este compromiso de Gobierno el proyecto estar\u00eda solo en el papel.<\/p>\n<\/div><\/section><\/div><div  style='height:50px' class='hr hr-invisible   avia-builder-el-6  el_after_av_one_full  el_before_av_social_share '><span class='hr-inner ' ><span class='hr-inner-style'><\/span><\/span><\/div><\/p>\n<div  class='av-social-sharing-box  avia-builder-el-7  el_after_av_hr  el_before_av_hr  '><div class='av-share-box'><h5 class='av-share-link-description av-no-toc '>Compartir esta noticia<\/h5><ul class='av-share-box-list noLightbox'><li class='av-share-link av-social-link-facebook' ><a target=\"_blank\" aria-label=\"Compartir en Facebook\" href='https:\/\/www.facebook.com\/sharer.php?u=https:\/\/radiorevelacionfm.cl\/?p=9755&#038;t=Comunidad%20de%20Chile%20Chico%20cansada%20de%20soluciones%20parche%20vuelve%20a%20las%20calles%20para%20reclamar%20por%20conectividad' aria-hidden='false' data-av_icon='\ue8f3' data-av_iconfont='entypo-fontello' title='' data-avia-related-tooltip='Compartir en Facebook' rel=\"noopener\"><span class='avia_hidden_link_text'>Compartir en Facebook<\/span><\/a><\/li><li class='av-share-link av-social-link-twitter' ><a target=\"_blank\" aria-label=\"Compartir en Twitter\" href='https:\/\/twitter.com\/share?text=Comunidad%20de%20Chile%20Chico%20cansada%20de%20soluciones%20parche%20vuelve%20a%20las%20calles%20para%20reclamar%20por%20conectividad&#038;url=https:\/\/radiorevelacionfm.cl\/?p=9755' aria-hidden='false' data-av_icon='\ue8f1' data-av_iconfont='entypo-fontello' title='' data-avia-related-tooltip='Compartir en Twitter' rel=\"noopener\"><span class='avia_hidden_link_text'>Compartir en Twitter<\/span><\/a><\/li><li class='av-share-link av-social-link-whatsapp' ><a target=\"_blank\" aria-label=\"Compartir en Whatsapp\" href='https:\/\/api.whatsapp.com\/send?text=https:\/\/radiorevelacionfm.cl\/?p=9755' aria-hidden='false' data-av_icon='\uf232' data-av_iconfont='entypo-fontello' title='' data-avia-related-tooltip='Compartir en Whatsapp' rel=\"noopener\"><span class='avia_hidden_link_text'>Compartir en Whatsapp<\/span><\/a><\/li><li class='av-share-link av-social-link-linkedin' ><a target=\"_blank\" aria-label=\"Compartir en LinkedIn\" href='https:\/\/linkedin.com\/shareArticle?mini=true&#038;title=Comunidad%20de%20Chile%20Chico%20cansada%20de%20soluciones%20parche%20vuelve%20a%20las%20calles%20para%20reclamar%20por%20conectividad&#038;url=https:\/\/radiorevelacionfm.cl\/?p=9755' aria-hidden='false' data-av_icon='\ue8fc' data-av_iconfont='entypo-fontello' title='' data-avia-related-tooltip='Compartir en LinkedIn' rel=\"noopener\"><span class='avia_hidden_link_text'>Compartir en LinkedIn<\/span><\/a><\/li><li class='av-share-link av-social-link-mail' ><a  aria-label=\"Compartir por correo\" href='mailto:?subject=Comunidad%20de%20Chile%20Chico%20cansada%20de%20soluciones%20parche%20vuelve%20a%20las%20calles%20para%20reclamar%20por%20conectividad&#038;body=https:\/\/radiorevelacionfm.cl\/?p=9755' aria-hidden='false' data-av_icon='\ue805' data-av_iconfont='entypo-fontello' title='' data-avia-related-tooltip='Compartir por correo'><span class='avia_hidden_link_text'>Compartir por correo<\/span><\/a><\/li><\/ul><\/div><\/div>\n<div  style='height:50px' class='hr hr-invisible   avia-builder-el-8  el_after_av_social_share  el_before_av_comments_list '><span class='hr-inner ' ><span class='hr-inner-style'><\/span><\/span><\/div>\n<div  class='av-buildercomment  av-blog-meta-html-info-disabled av-blog-meta-tag-disabled  '><\/div>\n","protected":false},"excerpt":{"rendered":"","protected":false},"author":1,"featured_media":9756,"comment_status":"open","ping_status":"open","sticky":false,"template":"","format":"standard","meta":{"footnotes":""},"categories":[38],"tags":[],"class_list":["post-9755","post","type-post","status-publish","format-standard","has-post-thumbnail","hentry","category-regional"],"jetpack_featured_media_url":"https:\/\/radiorevelacionfm.cl\/wp-content\/uploads\/2021\/10\/CHILE-CHICO-5-1-1.jpg","_links":{"self":[{"href":"https:\/\/radiorevelacionfm.cl\/index.php?rest_route=\/wp\/v2\/posts\/9755","targetHints":{"allow":["GET"]}}],"collection":[{"href":"https:\/\/radiorevelacionfm.cl\/index.php?rest_route=\/wp\/v2\/posts"}],"about":[{"href":"https:\/\/radiorevelacionfm.cl\/index.php?rest_route=\/wp\/v2\/types\/post"}],"author":[{"embeddable":true,"href":"https:\/\/radiorevelacionfm.cl\/index.php?rest_route=\/wp\/v2\/users\/1"}],"replies":[{"embeddable":true,"href":"https:\/\/radiorevelacionfm.cl\/index.php?rest_route=%2Fwp%2Fv2%2Fcomments&post=9755"}],"version-history":[{"count":1,"href":"https:\/\/radiorevelacionfm.cl\/index.php?rest_route=\/wp\/v2\/posts\/9755\/revisions"}],"predecessor-version":[{"id":9757,"href":"https:\/\/radiorevelacionfm.cl\/index.php?rest_route=\/wp\/v2\/posts\/9755\/revisions\/9757"}],"wp:featuredmedia":[{"embeddable":true,"href":"https:\/\/radiorevelacionfm.cl\/index.php?rest_route=\/wp\/v2\/media\/9756"}],"wp:attachment":[{"href":"https:\/\/radiorevelacionfm.cl\/index.php?rest_route=%2Fwp%2Fv2%2Fmedia&parent=9755"}],"wp:term":[{"taxonomy":"category","embeddable":true,"href":"https:\/\/radiorevelacionfm.cl\/index.php?rest_route=%2Fwp%2Fv2%2Fcategories&post=9755"},{"taxonomy":"post_tag","embeddable":true,"href":"https:\/\/radiorevelacionfm.cl\/index.php?rest_route=%2Fwp%2Fv2%2Ftags&post=9755"}],"curies":[{"name":"wp","href":"https:\/\/api.w.org\/{rel}","templated":true}]}}