{"id":9753,"date":"2021-10-18T19:39:22","date_gmt":"2021-10-18T22:39:22","guid":{"rendered":"https:\/\/radiorevelacionfm.cl\/?p=9753"},"modified":"2021-10-18T19:39:22","modified_gmt":"2021-10-18T22:39:22","slug":"calisto-condeno-suspension-de-vuelo-en-balmaceda-y-resalto-urgencia-de-avanzar-en-proyecto-que-aumenta-compensaciones-a-pasajeros","status":"publish","type":"post","link":"https:\/\/radiorevelacionfm.cl\/?p=9753","title":{"rendered":"Calisto conden\u00f3 suspensi\u00f3n de vuelo en Balmaceda y resalt\u00f3 urgencia de avanzar en proyecto que aumenta compensaciones a pasajeros"},"content":{"rendered":"<div class=\"flex_column av_one_full  flex_column_div av-zero-column-padding first  avia-builder-el-0  el_before_av_one_full  avia-builder-el-first  \" style='border-radius:0px; '><div  class='avia-image-container  av-styling-    avia-builder-el-1  avia-builder-el-no-sibling  avia-align-center '  itemprop=\"image\" itemscope=\"itemscope\" itemtype=\"https:\/\/schema.org\/ImageObject\"  ><div class='avia-image-container-inner'><div class='avia-image-overlay-wrap'><img decoding=\"async\" class='wp-image-6083 avia-img-lazy-loading-not-6083 avia_image' src=\"https:\/\/radiorevelacionfm.cl\/wp-content\/uploads\/2021\/07\/Aeropuerto-Balmaceda01-1.jpg\" alt='' title='Aeropuerto Balmaceda01 (1)' height=\"624\" width=\"1024\"  itemprop=\"thumbnailUrl\" srcset=\"https:\/\/radiorevelacionfm.cl\/wp-content\/uploads\/2021\/07\/Aeropuerto-Balmaceda01-1.jpg 1024w, https:\/\/radiorevelacionfm.cl\/wp-content\/uploads\/2021\/07\/Aeropuerto-Balmaceda01-1-300x183.jpg 300w, https:\/\/radiorevelacionfm.cl\/wp-content\/uploads\/2021\/07\/Aeropuerto-Balmaceda01-1-768x468.jpg 768w, https:\/\/radiorevelacionfm.cl\/wp-content\/uploads\/2021\/07\/Aeropuerto-Balmaceda01-1-705x430.jpg 705w, https:\/\/radiorevelacionfm.cl\/wp-content\/uploads\/2021\/07\/Aeropuerto-Balmaceda01-1-600x366.jpg 600w\" sizes=\"(max-width: 1024px) 100vw, 1024px\" \/><\/div><\/div><\/div><\/div><div class=\"flex_column av_one_full  flex_column_div av-zero-column-padding first  avia-builder-el-2  el_after_av_one_full  el_before_av_one_full  column-top-margin\" style='border-radius:0px; '><section class=\"av_textblock_section \"  itemscope=\"itemscope\" itemtype=\"https:\/\/schema.org\/BlogPosting\" itemprop=\"blogPost\" ><div class='avia_textblock  '   itemprop=\"text\" ><p style=\"text-align: center;\"><span style=\"font-size: 18pt;\"><b><span lang=\"ES\">Calisto conden\u00f3 suspensi\u00f3n de vuelo en Balmaceda y resalt\u00f3 urgencia de avanzar en proyecto que aumenta compensaciones a pasajeros<\/span><\/b><\/span><\/p>\n<div id=\"gtx-trans\" style=\"position: absolute; left: -50px; top: 4.31534px;\">\n<div class=\"gtx-trans-icon\"><\/div>\n<\/div>\n<\/div><\/section><\/div><div class=\"flex_column av_one_full  flex_column_div av-zero-column-padding first  avia-builder-el-4  el_after_av_one_full  el_before_av_hr  column-top-margin\" style='border-radius:0px; '><section class=\"av_textblock_section \"  itemscope=\"itemscope\" itemtype=\"https:\/\/schema.org\/BlogPosting\" itemprop=\"blogPost\" ><div class='avia_textblock  '   itemprop=\"text\" ><p style=\"text-align: justify;\">Ante la nueva cancelaci\u00f3n de un vuelo de la aerol\u00ednea Latam en el aeropuerto de Balmaceda, el diputado Miguel \u00c1ngel Calisto conden\u00f3 la actitud de la empresa, quienes s\u00f3lo le ofrecieron como compensaci\u00f3n a los pasajeros afectados un transporte de retorno a Coyhaique, por lo que record\u00f3 que \u00e9l present\u00f3 un proyecto que aumenta las compensaciones en el caso que sucedan este tipo de situaciones.<\/p>\n<p style=\"text-align: justify;\">El hecho ocurri\u00f3 la tarde de este domingo. Luego que los pasajeros que ten\u00edan programado su vuelo a las 17:30 esperaran varias horas sin ninguna informaci\u00f3n oficial, la empresa decide cancelar el trayecto por motivos mec\u00e1nicos. Al momento de ofrecer compensaciones, tal como lo establece la normativa vigente, s\u00f3lo dieron la opci\u00f3n de disponer de un traslado a la ciudad de Coyhaique.<\/p>\n<p style=\"text-align: justify;\">Seg\u00fan el diputado Calisto, \u201clo que sucedi\u00f3 el domingo en el aeropuerto de Balmaceda es lamentable, porque nuevamente estamos presenciando c\u00f3mo las grandes empresas hacen y deshacen, sin tener el m\u00ednimo de empat\u00eda por sus propios clientes\u201d.<\/p>\n<p style=\"text-align: justify;\">\u201cLa compensaci\u00f3n ofrecida, que consisti\u00f3 en un traslado a Coyhaique, puede servir para la gente que vive en la capital regional, pero \u00bfqu\u00e9 pasa con aquellas personas que viajaron de Cochrane, Puerto Ays\u00e9n o alguna otra localidad que quede m\u00e1s alejada? Adem\u00e1s, esto no es primera vez que sucede, entonces ya se transforma en un abuso\u201d, se\u00f1al\u00f3.<\/p>\n<p style=\"text-align: justify;\">Con respecto al proyecto, indic\u00f3 que \u201cyo he presentado tres iniciativas de ley que apuntan precisamente a terminar con los abusos de las aerol\u00edneas, y uno aborda directamente este problema, porque determina compensaciones en el caso de cancelaci\u00f3n de un vuelo, si no se avisa con 12 horas de anticipaci\u00f3n\u201d.<\/p>\n<p style=\"text-align: justify;\">\u201cEstas compensaciones ser\u00e1n las mismas que por ley deben ofrecer las aerol\u00edneas en el caso de sobreventa. Me parecer que es lo m\u00ednimo que una empresa de este tipo debiera ofrecer si no est\u00e1 cumpliendo el contrato pactado\u201d, se\u00f1al\u00f3 el legislador.<\/p>\n<p style=\"text-align: justify;\">Finalmente, Miguel \u00c1ngel Calisto indic\u00f3 que \u201cseguiremos peleando para que las l\u00edneas a\u00e9reas terminan de cometer estos abusos, que afectan mucho a la gente de las zonas extremas, porque para nosotros no es un lujo viajar en avi\u00f3n, es una necesidad. Esperamos tambi\u00e9n que prontamente nuestro proyecto que permite el endoso de pasajes sea aprobado por el Senado y ya sea ley de la Rep\u00fablica\u201d.<\/p>\n<\/div><\/section><\/div><div  style='height:50px' class='hr hr-invisible   avia-builder-el-6  el_after_av_one_full  el_before_av_social_share '><span class='hr-inner ' ><span class='hr-inner-style'><\/span><\/span><\/div><\/p>\n<div  class='av-social-sharing-box  avia-builder-el-7  el_after_av_hr  el_before_av_hr  '><div class='av-share-box'><h5 class='av-share-link-description av-no-toc '>Compartir esta noticia<\/h5><ul class='av-share-box-list noLightbox'><li class='av-share-link av-social-link-facebook' ><a target=\"_blank\" aria-label=\"Compartir en Facebook\" href='https:\/\/www.facebook.com\/sharer.php?u=https:\/\/radiorevelacionfm.cl\/?p=9753&#038;t=Calisto%20conden%C3%B3%20suspensi%C3%B3n%20de%20vuelo%20en%20Balmaceda%20y%20resalt%C3%B3%20urgencia%20de%20avanzar%20en%20proyecto%20que%20aumenta%20compensaciones%20a%20pasajeros' aria-hidden='false' data-av_icon='\ue8f3' data-av_iconfont='entypo-fontello' title='' data-avia-related-tooltip='Compartir en Facebook' rel=\"noopener\"><span class='avia_hidden_link_text'>Compartir en Facebook<\/span><\/a><\/li><li class='av-share-link av-social-link-twitter' ><a target=\"_blank\" aria-label=\"Compartir en Twitter\" href='https:\/\/twitter.com\/share?text=Calisto%20conden%C3%B3%20suspensi%C3%B3n%20de%20vuelo%20en%20Balmaceda%20y%20resalt%C3%B3%20urgencia%20de%20avanzar%20en%20proyecto%20que%20aumenta%20compensaciones%20a%20pasajeros&#038;url=https:\/\/radiorevelacionfm.cl\/?p=9753' aria-hidden='false' data-av_icon='\ue8f1' data-av_iconfont='entypo-fontello' title='' data-avia-related-tooltip='Compartir en Twitter' rel=\"noopener\"><span class='avia_hidden_link_text'>Compartir en Twitter<\/span><\/a><\/li><li class='av-share-link av-social-link-whatsapp' ><a target=\"_blank\" aria-label=\"Compartir en Whatsapp\" href='https:\/\/api.whatsapp.com\/send?text=https:\/\/radiorevelacionfm.cl\/?p=9753' aria-hidden='false' data-av_icon='\uf232' data-av_iconfont='entypo-fontello' title='' data-avia-related-tooltip='Compartir en Whatsapp' rel=\"noopener\"><span class='avia_hidden_link_text'>Compartir en Whatsapp<\/span><\/a><\/li><li class='av-share-link av-social-link-linkedin' ><a target=\"_blank\" aria-label=\"Compartir en LinkedIn\" href='https:\/\/linkedin.com\/shareArticle?mini=true&#038;title=Calisto%20conden%C3%B3%20suspensi%C3%B3n%20de%20vuelo%20en%20Balmaceda%20y%20resalt%C3%B3%20urgencia%20de%20avanzar%20en%20proyecto%20que%20aumenta%20compensaciones%20a%20pasajeros&#038;url=https:\/\/radiorevelacionfm.cl\/?p=9753' aria-hidden='false' data-av_icon='\ue8fc' data-av_iconfont='entypo-fontello' title='' data-avia-related-tooltip='Compartir en LinkedIn' rel=\"noopener\"><span class='avia_hidden_link_text'>Compartir en LinkedIn<\/span><\/a><\/li><li class='av-share-link av-social-link-mail' ><a  aria-label=\"Compartir por correo\" href='mailto:?subject=Calisto%20conden%C3%B3%20suspensi%C3%B3n%20de%20vuelo%20en%20Balmaceda%20y%20resalt%C3%B3%20urgencia%20de%20avanzar%20en%20proyecto%20que%20aumenta%20compensaciones%20a%20pasajeros&#038;body=https:\/\/radiorevelacionfm.cl\/?p=9753' aria-hidden='false' data-av_icon='\ue805' data-av_iconfont='entypo-fontello' title='' data-avia-related-tooltip='Compartir por correo'><span class='avia_hidden_link_text'>Compartir por correo<\/span><\/a><\/li><\/ul><\/div><\/div>\n<div  style='height:50px' class='hr hr-invisible   avia-builder-el-8  el_after_av_social_share  el_before_av_comments_list '><span class='hr-inner ' ><span class='hr-inner-style'><\/span><\/span><\/div>\n<div  class='av-buildercomment  av-blog-meta-html-info-disabled av-blog-meta-tag-disabled  '><\/div>\n","protected":false},"excerpt":{"rendered":"","protected":false},"author":1,"featured_media":6083,"comment_status":"open","ping_status":"open","sticky":false,"template":"","format":"standard","meta":{"footnotes":""},"categories":[35],"tags":[],"class_list":["post-9753","post","type-post","status-publish","format-standard","has-post-thumbnail","hentry","category-politica"],"jetpack_featured_media_url":"https:\/\/radiorevelacionfm.cl\/wp-content\/uploads\/2021\/07\/Aeropuerto-Balmaceda01-1.jpg","_links":{"self":[{"href":"https:\/\/radiorevelacionfm.cl\/index.php?rest_route=\/wp\/v2\/posts\/9753","targetHints":{"allow":["GET"]}}],"collection":[{"href":"https:\/\/radiorevelacionfm.cl\/index.php?rest_route=\/wp\/v2\/posts"}],"about":[{"href":"https:\/\/radiorevelacionfm.cl\/index.php?rest_route=\/wp\/v2\/types\/post"}],"author":[{"embeddable":true,"href":"https:\/\/radiorevelacionfm.cl\/index.php?rest_route=\/wp\/v2\/users\/1"}],"replies":[{"embeddable":true,"href":"https:\/\/radiorevelacionfm.cl\/index.php?rest_route=%2Fwp%2Fv2%2Fcomments&post=9753"}],"version-history":[{"count":1,"href":"https:\/\/radiorevelacionfm.cl\/index.php?rest_route=\/wp\/v2\/posts\/9753\/revisions"}],"predecessor-version":[{"id":9754,"href":"https:\/\/radiorevelacionfm.cl\/index.php?rest_route=\/wp\/v2\/posts\/9753\/revisions\/9754"}],"wp:featuredmedia":[{"embeddable":true,"href":"https:\/\/radiorevelacionfm.cl\/index.php?rest_route=\/wp\/v2\/media\/6083"}],"wp:attachment":[{"href":"https:\/\/radiorevelacionfm.cl\/index.php?rest_route=%2Fwp%2Fv2%2Fmedia&parent=9753"}],"wp:term":[{"taxonomy":"category","embeddable":true,"href":"https:\/\/radiorevelacionfm.cl\/index.php?rest_route=%2Fwp%2Fv2%2Fcategories&post=9753"},{"taxonomy":"post_tag","embeddable":true,"href":"https:\/\/radiorevelacionfm.cl\/index.php?rest_route=%2Fwp%2Fv2%2Ftags&post=9753"}],"curies":[{"name":"wp","href":"https:\/\/api.w.org\/{rel}","templated":true}]}}