{"id":9750,"date":"2021-10-18T19:26:30","date_gmt":"2021-10-18T22:26:30","guid":{"rendered":"https:\/\/radiorevelacionfm.cl\/?p=9750"},"modified":"2021-10-18T19:26:30","modified_gmt":"2021-10-18T22:26:30","slug":"fiscalizacion-en-locales-de-expendio-permitio-decomiso-de-alcoholes-desde-local-no-patentado","status":"publish","type":"post","link":"https:\/\/radiorevelacionfm.cl\/?p=9750","title":{"rendered":"Fiscalizaci\u00f3n en locales de expendio permiti\u00f3 decomiso de alcoholes desde local no patentado"},"content":{"rendered":"<div class=\"flex_column av_one_full  flex_column_div av-zero-column-padding first  avia-builder-el-0  el_before_av_one_full  avia-builder-el-first  \" style='border-radius:0px; '><div  class='avia-image-container  av-styling-    avia-builder-el-1  avia-builder-el-no-sibling  avia-align-center '  itemprop=\"image\" itemscope=\"itemscope\" itemtype=\"https:\/\/schema.org\/ImageObject\"  ><div class='avia-image-container-inner'><div class='avia-image-overlay-wrap'><img decoding=\"async\" class='wp-image-9751 avia-img-lazy-loading-not-9751 avia_image' src=\"https:\/\/radiorevelacionfm.cl\/wp-content\/uploads\/2021\/10\/decomiso-alcohol-1_optimized.jpg\" alt='' title='decomiso-alcohol-(1)_optimized' height=\"600\" width=\"800\"  itemprop=\"thumbnailUrl\" srcset=\"https:\/\/radiorevelacionfm.cl\/wp-content\/uploads\/2021\/10\/decomiso-alcohol-1_optimized.jpg 800w, https:\/\/radiorevelacionfm.cl\/wp-content\/uploads\/2021\/10\/decomiso-alcohol-1_optimized-300x225.jpg 300w, https:\/\/radiorevelacionfm.cl\/wp-content\/uploads\/2021\/10\/decomiso-alcohol-1_optimized-768x576.jpg 768w, https:\/\/radiorevelacionfm.cl\/wp-content\/uploads\/2021\/10\/decomiso-alcohol-1_optimized-705x529.jpg 705w, https:\/\/radiorevelacionfm.cl\/wp-content\/uploads\/2021\/10\/decomiso-alcohol-1_optimized-600x450.jpg 600w\" sizes=\"(max-width: 800px) 100vw, 800px\" \/><\/div><\/div><\/div><\/div><div class=\"flex_column av_one_full  flex_column_div av-zero-column-padding first  avia-builder-el-2  el_after_av_one_full  el_before_av_one_full  column-top-margin\" style='border-radius:0px; '><section class=\"av_textblock_section \"  itemscope=\"itemscope\" itemtype=\"https:\/\/schema.org\/BlogPosting\" itemprop=\"blogPost\" ><div class='avia_textblock  '   itemprop=\"text\" ><p style=\"text-align: center;\"><strong><span style=\"font-size: 18pt;\">Fiscalizaci\u00f3n en locales de expendio permiti\u00f3 decomiso de alcoholes desde local no patentado<\/span><\/strong><\/p>\n<div id=\"gtx-trans\" style=\"position: absolute; left: -50px; top: 4.31534px;\">\n<div class=\"gtx-trans-icon\"><\/div>\n<\/div>\n<\/div><\/section><\/div><div class=\"flex_column av_one_full  flex_column_div av-zero-column-padding first  avia-builder-el-4  el_after_av_one_full  el_before_av_hr  column-top-margin\" style='border-radius:0px; '><section class=\"av_textblock_section \"  itemscope=\"itemscope\" itemtype=\"https:\/\/schema.org\/BlogPosting\" itemprop=\"blogPost\" ><div class='avia_textblock  '   itemprop=\"text\" ><p style=\"text-align: justify;\">El decomiso de diversas bebidas alcoh\u00f3licas fue el resultado de un trabajo de fiscalizaci\u00f3n desarrollado por Carabineros de la Primera Comisar\u00eda de Coyhaique junto a la Seremi de Salud Ays\u00e9n y la Unidad de Fiscalizaci\u00f3n de la Municipalidad de la ciudad capital de la regi\u00f3n de Ays\u00e9n.<\/p>\n<p style=\"text-align: justify;\">Tras la conformaci\u00f3n de un equipo multidisciplinario, el personal se aboc\u00f3 al desarrollo de controles a diversos locales de expendio de bebidas alcoh\u00f3licas, seg\u00fan indic\u00f3 el Capit\u00e1n Bruno Schulbach, Subcomisario de los Servicios de la Primera Comisar\u00eda de esta ciudad, quien detall\u00f3 que el personal fiscalizador retir\u00f3 una importante cantidad de mercader\u00eda desde un c\u00e9ntrico establecimiento que no contaba con la debida autorizaci\u00f3n de funcionamiento.<\/p>\n<p style=\"text-align: justify;\">\u00abSe pudo verificar que dicho local -si bien hab\u00eda dos locales en una misma edificaci\u00f3n- uno de estos no contaba con patente municipal de alcoholes. Ante ello y dada la falta que se estaba cometiendo, personal de fiscalizaci\u00f3n efectu\u00f3 un levantamiento de informaci\u00f3n y dej\u00f3 al regente citado al tribunal por no mantener patente. En nuestro aspecto, procedimos al decomiso de todas las bebidas alcoh\u00f3licas que se encontraban al interior y que se estaban expendiendo a las distintas personas que se encontraban al interior\u00bb, expres\u00f3 el Oficial.<\/p>\n<p style=\"text-align: justify;\">Dicha mercader\u00eda fue incautada bajo acta y trasladada a las bodegas municipales, quedando a disposici\u00f3n del Juzgado de Polic\u00eda Local de Coyhaique.<\/p>\n<p style=\"text-align: justify;\">Carabineros record\u00f3 que se encuentran\u00a0vigentes las modificaciones a la Ley de Alcoholes, lo que implica la exigencia de la c\u00e9dula de identidad a los clientes, as\u00ed como la prohibici\u00f3n de expendio a menores de edad.<\/p>\n<\/div><\/section><\/div><div  style='height:50px' class='hr hr-invisible   avia-builder-el-6  el_after_av_one_full  el_before_av_social_share '><span class='hr-inner ' ><span class='hr-inner-style'><\/span><\/span><\/div><\/p>\n<div  class='av-social-sharing-box  avia-builder-el-7  el_after_av_hr  el_before_av_hr  '><div class='av-share-box'><h5 class='av-share-link-description av-no-toc '>Compartir esta noticia<\/h5><ul class='av-share-box-list noLightbox'><li class='av-share-link av-social-link-facebook' ><a target=\"_blank\" aria-label=\"Compartir en Facebook\" href='https:\/\/www.facebook.com\/sharer.php?u=https:\/\/radiorevelacionfm.cl\/?p=9750&#038;t=Fiscalizaci%C3%B3n%20en%20locales%20de%20expendio%20permiti%C3%B3%20decomiso%20de%20alcoholes%20desde%20local%20no%20patentado' aria-hidden='false' data-av_icon='\ue8f3' data-av_iconfont='entypo-fontello' title='' data-avia-related-tooltip='Compartir en Facebook' rel=\"noopener\"><span class='avia_hidden_link_text'>Compartir en Facebook<\/span><\/a><\/li><li class='av-share-link av-social-link-twitter' ><a target=\"_blank\" aria-label=\"Compartir en Twitter\" href='https:\/\/twitter.com\/share?text=Fiscalizaci%C3%B3n%20en%20locales%20de%20expendio%20permiti%C3%B3%20decomiso%20de%20alcoholes%20desde%20local%20no%20patentado&#038;url=https:\/\/radiorevelacionfm.cl\/?p=9750' aria-hidden='false' data-av_icon='\ue8f1' data-av_iconfont='entypo-fontello' title='' data-avia-related-tooltip='Compartir en Twitter' rel=\"noopener\"><span class='avia_hidden_link_text'>Compartir en Twitter<\/span><\/a><\/li><li class='av-share-link av-social-link-whatsapp' ><a target=\"_blank\" aria-label=\"Compartir en Whatsapp\" href='https:\/\/api.whatsapp.com\/send?text=https:\/\/radiorevelacionfm.cl\/?p=9750' aria-hidden='false' data-av_icon='\uf232' data-av_iconfont='entypo-fontello' title='' data-avia-related-tooltip='Compartir en Whatsapp' rel=\"noopener\"><span class='avia_hidden_link_text'>Compartir en Whatsapp<\/span><\/a><\/li><li class='av-share-link av-social-link-linkedin' ><a target=\"_blank\" aria-label=\"Compartir en LinkedIn\" href='https:\/\/linkedin.com\/shareArticle?mini=true&#038;title=Fiscalizaci%C3%B3n%20en%20locales%20de%20expendio%20permiti%C3%B3%20decomiso%20de%20alcoholes%20desde%20local%20no%20patentado&#038;url=https:\/\/radiorevelacionfm.cl\/?p=9750' aria-hidden='false' data-av_icon='\ue8fc' data-av_iconfont='entypo-fontello' title='' data-avia-related-tooltip='Compartir en LinkedIn' rel=\"noopener\"><span class='avia_hidden_link_text'>Compartir en LinkedIn<\/span><\/a><\/li><li class='av-share-link av-social-link-mail' ><a  aria-label=\"Compartir por correo\" href='mailto:?subject=Fiscalizaci%C3%B3n%20en%20locales%20de%20expendio%20permiti%C3%B3%20decomiso%20de%20alcoholes%20desde%20local%20no%20patentado&#038;body=https:\/\/radiorevelacionfm.cl\/?p=9750' aria-hidden='false' data-av_icon='\ue805' data-av_iconfont='entypo-fontello' title='' data-avia-related-tooltip='Compartir por correo'><span class='avia_hidden_link_text'>Compartir por correo<\/span><\/a><\/li><\/ul><\/div><\/div>\n<div  style='height:50px' class='hr hr-invisible   avia-builder-el-8  el_after_av_social_share  el_before_av_comments_list '><span class='hr-inner ' ><span class='hr-inner-style'><\/span><\/span><\/div>\n<div  class='av-buildercomment  av-blog-meta-html-info-disabled av-blog-meta-tag-disabled  '><\/div>\n","protected":false},"excerpt":{"rendered":"","protected":false},"author":1,"featured_media":9751,"comment_status":"open","ping_status":"open","sticky":false,"template":"","format":"standard","meta":{"footnotes":""},"categories":[36],"tags":[],"class_list":["post-9750","post","type-post","status-publish","format-standard","has-post-thumbnail","hentry","category-policial"],"jetpack_featured_media_url":"https:\/\/radiorevelacionfm.cl\/wp-content\/uploads\/2021\/10\/decomiso-alcohol-1_optimized.jpg","_links":{"self":[{"href":"https:\/\/radiorevelacionfm.cl\/index.php?rest_route=\/wp\/v2\/posts\/9750","targetHints":{"allow":["GET"]}}],"collection":[{"href":"https:\/\/radiorevelacionfm.cl\/index.php?rest_route=\/wp\/v2\/posts"}],"about":[{"href":"https:\/\/radiorevelacionfm.cl\/index.php?rest_route=\/wp\/v2\/types\/post"}],"author":[{"embeddable":true,"href":"https:\/\/radiorevelacionfm.cl\/index.php?rest_route=\/wp\/v2\/users\/1"}],"replies":[{"embeddable":true,"href":"https:\/\/radiorevelacionfm.cl\/index.php?rest_route=%2Fwp%2Fv2%2Fcomments&post=9750"}],"version-history":[{"count":1,"href":"https:\/\/radiorevelacionfm.cl\/index.php?rest_route=\/wp\/v2\/posts\/9750\/revisions"}],"predecessor-version":[{"id":9752,"href":"https:\/\/radiorevelacionfm.cl\/index.php?rest_route=\/wp\/v2\/posts\/9750\/revisions\/9752"}],"wp:featuredmedia":[{"embeddable":true,"href":"https:\/\/radiorevelacionfm.cl\/index.php?rest_route=\/wp\/v2\/media\/9751"}],"wp:attachment":[{"href":"https:\/\/radiorevelacionfm.cl\/index.php?rest_route=%2Fwp%2Fv2%2Fmedia&parent=9750"}],"wp:term":[{"taxonomy":"category","embeddable":true,"href":"https:\/\/radiorevelacionfm.cl\/index.php?rest_route=%2Fwp%2Fv2%2Fcategories&post=9750"},{"taxonomy":"post_tag","embeddable":true,"href":"https:\/\/radiorevelacionfm.cl\/index.php?rest_route=%2Fwp%2Fv2%2Ftags&post=9750"}],"curies":[{"name":"wp","href":"https:\/\/api.w.org\/{rel}","templated":true}]}}