{"id":9747,"date":"2021-10-19T11:15:29","date_gmt":"2021-10-19T14:15:29","guid":{"rendered":"https:\/\/radiorevelacionfm.cl\/?p=9747"},"modified":"2021-10-19T11:22:34","modified_gmt":"2021-10-19T14:22:34","slug":"agentes-de-dialogo-la-nueva-funcion-que-desarrolla-carabineros-en-actos-masivos","status":"publish","type":"post","link":"https:\/\/radiorevelacionfm.cl\/?p=9747","title":{"rendered":"Agentes de Di\u00e1logo: la nueva funci\u00f3n que desarrolla Carabineros en actos masivos"},"content":{"rendered":"<div class=\"flex_column av_one_full  flex_column_div av-zero-column-padding first  avia-builder-el-0  el_before_av_one_full  avia-builder-el-first  \" style='border-radius:0px; '><div  class='avia-image-container  av-styling-    avia-builder-el-1  avia-builder-el-no-sibling  avia-align-center '  itemprop=\"image\" itemscope=\"itemscope\" itemtype=\"https:\/\/schema.org\/ImageObject\"  ><div class='avia-image-container-inner'><div class='avia-image-overlay-wrap'><img decoding=\"async\" class='wp-image-9748 avia-img-lazy-loading-not-9748 avia_image' src=\"https:\/\/radiorevelacionfm.cl\/wp-content\/uploads\/2021\/10\/Untitled-10-1-1.jpg\" alt='' title='Untitled-10 (1) (1)' height=\"600\" width=\"1067\"  itemprop=\"thumbnailUrl\" srcset=\"https:\/\/radiorevelacionfm.cl\/wp-content\/uploads\/2021\/10\/Untitled-10-1-1.jpg 1067w, https:\/\/radiorevelacionfm.cl\/wp-content\/uploads\/2021\/10\/Untitled-10-1-1-300x169.jpg 300w, https:\/\/radiorevelacionfm.cl\/wp-content\/uploads\/2021\/10\/Untitled-10-1-1-1030x579.jpg 1030w, https:\/\/radiorevelacionfm.cl\/wp-content\/uploads\/2021\/10\/Untitled-10-1-1-768x432.jpg 768w, https:\/\/radiorevelacionfm.cl\/wp-content\/uploads\/2021\/10\/Untitled-10-1-1-705x396.jpg 705w, https:\/\/radiorevelacionfm.cl\/wp-content\/uploads\/2021\/10\/Untitled-10-1-1-600x337.jpg 600w\" sizes=\"(max-width: 1067px) 100vw, 1067px\" \/><\/div><\/div><\/div><\/div><div class=\"flex_column av_one_full  flex_column_div av-zero-column-padding first  avia-builder-el-2  el_after_av_one_full  el_before_av_one_full  column-top-margin\" style='border-radius:0px; '><section class=\"av_textblock_section \"  itemscope=\"itemscope\" itemtype=\"https:\/\/schema.org\/BlogPosting\" itemprop=\"blogPost\" ><div class='avia_textblock  '   itemprop=\"text\" ><p style=\"text-align: center;\"><strong><span style=\"font-size: 18pt;\">Agentes de Di\u00e1logo: la nueva funci\u00f3n que desarrolla Carabineros en actos masivos<\/span><\/strong><\/p>\n<div id=\"gtx-trans\" style=\"position: absolute; left: -50px; top: 4.31534px;\">\n<div class=\"gtx-trans-icon\"><\/div>\n<\/div>\n<\/div><\/section><\/div><div class=\"flex_column av_one_full  flex_column_div av-zero-column-padding first  avia-builder-el-4  el_after_av_one_full  el_before_av_hr  column-top-margin\" style='border-radius:0px; '><section class=\"av_textblock_section \"  itemscope=\"itemscope\" itemtype=\"https:\/\/schema.org\/BlogPosting\" itemprop=\"blogPost\" ><div class='avia_textblock  '   itemprop=\"text\" ><p style=\"text-align: justify;\">Se trata de funcionarios que poseen un perfil determinado y facilitan la relaci\u00f3n entre la polic\u00eda con quienes participan de estas acciones, generando un canal de interacci\u00f3n efectiva en el desarrollo de manifestaciones o eventos de alta convocatoria.<\/p>\n<p style=\"text-align: justify;\">A ra\u00edz de los hechos ocurridos a contar del pasado 18 de octubre de 2019 en nuestro pa\u00eds, fecha en que acontecieron multitudinarias y reiteradas manifestaciones, as\u00ed como expresiones de violencia, surgen nuevos desaf\u00edos para abordar el mantenimiento del orden p\u00fablico y, en particular, la relaci\u00f3n del personal policial con los participantes de manifestaciones sociales.<\/p>\n<p style=\"text-align: justify;\">Entre estos desaf\u00edos destaca la incorporaci\u00f3n de nuevas estrategias que permitan cumplir de manera eficaz con esta funci\u00f3n policial, evitando el enfrentamiento, generando soluciones pac\u00edficas a las contingencias que pudieren surgir y reaccionando de manera eficiente ante se\u00f1ales de escalamiento de violencia, todo lo anterior con una visi\u00f3n de resguardo y protecci\u00f3n de los derechos fundamentales de participantes de estos eventos, de terceras personas y funcionarios policiales.<\/p>\n<p style=\"text-align: justify;\">En este contexto, sobresale la importancia de avanzar por el camino del entendimiento y la comunicaci\u00f3n entre los distintos actores de la sociedad, contempl\u00e1ndose el di\u00e1logo dentro de la gesti\u00f3n del orden p\u00fablico de la polic\u00eda, como estrategia y herramienta id\u00f3nea para la contenci\u00f3n de conflictos.<\/p>\n<p style=\"text-align: justify;\">Carabineros de Chile, atendiendo la necesidad de fortalecer las competencias y el conocimiento del personal policial en materias relacionadas con el control de orden p\u00fablico, como tambi\u00e9n procurando cumplir con sus obligaciones constitucionales y dada la importancia esencial que tiene el di\u00e1logo entre Carabineros de Chile y los dem\u00e1s integrantes de la ciudadan\u00eda, ha estimado de suma importancia elaborar un Plan de Capacitaci\u00f3n Nacional, que permita dotar a los funcionarios policiales de mayores conocimientos y competencias para su relaci\u00f3n y di\u00e1logo con manifestantes y, en general, con participantes no violentos en eventos de control del orden p\u00fablico.<\/p>\n<p style=\"text-align: justify;\"><strong>Facilitadores de di\u00e1logo en eventos masivos<\/strong><\/p>\n<p style=\"text-align: justify;\">En el marco de la Reforma y Modernizaci\u00f3n de Carabineros de Chile, impulsado por el Ministerio de Interior y Seguridad P\u00fablica y Carabineros, el 03.04.2020 dispuso los lineamientos para la ejecuci\u00f3n de aquellas materias que permitan implementar las propuestas emitidas por parte de la Comisi\u00f3n para la Reforma de Carabineros de Chile.<\/p>\n<p style=\"text-align: justify;\">En dicho contexto, se dispuso la creaci\u00f3n de un conjunto de mesas de trabajo conformadas por integrantes de la Subsecretar\u00eda del Interior y de Carabineros, para abordar asuntos en materia de Control de Orden P\u00fablico, siendo uno de los objetivos primordiales iniciar el trabajo vinculado al \u00abDi\u00e1logo con manifestantes\u00bb y, espec\u00edficamente, con la instalaci\u00f3n en Carabineros de Chile de \u00abagentes y estrategias de di\u00e1logo\u00bb con manifestantes. Esta instancia, asimismo, permiti\u00f3 conocer y resolver aspectos relativos al prop\u00f3sito de los agentes de di\u00e1logo en las polic\u00edas y su labor espec\u00edfica, as\u00ed como entregar lineamientos sobre los conocimientos y competencias que debiesen ser considerados en las capacitaciones en la materia. De igual forma definir el perfil del funcionario policial que debiere ejercer esta importante y delicada funci\u00f3n.<\/p>\n<p style=\"text-align: justify;\">En consecuencia, y atendiendo a la relevancia de contar con agentes de di\u00e1logo que permitan, entre otras cosas, facilitar la relaci\u00f3n entre la polic\u00eda y manifestantes, como tambi\u00e9n contribuir a fortalecer la legitimidad del actuar policial en el mantenimiento y restablecimiento del orden p\u00fablico, se ha desarrollado un Plan de Capacitaci\u00f3n de Agentes de Di\u00e1logo en Carabineros de Chile, de car\u00e1cter nacional, que considera la conformaci\u00f3n de un n\u00famero importante de funcionarios con competencias de di\u00e1logo, que generen un canal de interacci\u00f3n efectiva en el desarrollo de manifestaciones y eventos masivos.<\/p>\n<\/div><\/section><\/div><div  style='height:50px' class='hr hr-invisible   avia-builder-el-6  el_after_av_one_full  el_before_av_social_share '><span class='hr-inner ' ><span class='hr-inner-style'><\/span><\/span><\/div><\/p>\n<div  class='av-social-sharing-box  avia-builder-el-7  el_after_av_hr  el_before_av_hr  '><div class='av-share-box'><h5 class='av-share-link-description av-no-toc '>Compartir esta noticia<\/h5><ul class='av-share-box-list noLightbox'><li class='av-share-link av-social-link-facebook' ><a target=\"_blank\" aria-label=\"Compartir en Facebook\" href='https:\/\/www.facebook.com\/sharer.php?u=https:\/\/radiorevelacionfm.cl\/?p=9747&#038;t=Agentes%20de%20Di%C3%A1logo%3A%20la%20nueva%20funci%C3%B3n%20que%20desarrolla%20Carabineros%20en%20actos%20masivos' aria-hidden='false' data-av_icon='\ue8f3' data-av_iconfont='entypo-fontello' title='' data-avia-related-tooltip='Compartir en Facebook' rel=\"noopener\"><span class='avia_hidden_link_text'>Compartir en Facebook<\/span><\/a><\/li><li class='av-share-link av-social-link-twitter' ><a target=\"_blank\" aria-label=\"Compartir en Twitter\" href='https:\/\/twitter.com\/share?text=Agentes%20de%20Di%C3%A1logo%3A%20la%20nueva%20funci%C3%B3n%20que%20desarrolla%20Carabineros%20en%20actos%20masivos&#038;url=https:\/\/radiorevelacionfm.cl\/?p=9747' aria-hidden='false' data-av_icon='\ue8f1' data-av_iconfont='entypo-fontello' title='' data-avia-related-tooltip='Compartir en Twitter' rel=\"noopener\"><span class='avia_hidden_link_text'>Compartir en Twitter<\/span><\/a><\/li><li class='av-share-link av-social-link-whatsapp' ><a target=\"_blank\" aria-label=\"Compartir en Whatsapp\" href='https:\/\/api.whatsapp.com\/send?text=https:\/\/radiorevelacionfm.cl\/?p=9747' aria-hidden='false' data-av_icon='\uf232' data-av_iconfont='entypo-fontello' title='' data-avia-related-tooltip='Compartir en Whatsapp' rel=\"noopener\"><span class='avia_hidden_link_text'>Compartir en Whatsapp<\/span><\/a><\/li><li class='av-share-link av-social-link-linkedin' ><a target=\"_blank\" aria-label=\"Compartir en LinkedIn\" href='https:\/\/linkedin.com\/shareArticle?mini=true&#038;title=Agentes%20de%20Di%C3%A1logo%3A%20la%20nueva%20funci%C3%B3n%20que%20desarrolla%20Carabineros%20en%20actos%20masivos&#038;url=https:\/\/radiorevelacionfm.cl\/?p=9747' aria-hidden='false' data-av_icon='\ue8fc' data-av_iconfont='entypo-fontello' title='' data-avia-related-tooltip='Compartir en LinkedIn' rel=\"noopener\"><span class='avia_hidden_link_text'>Compartir en LinkedIn<\/span><\/a><\/li><li class='av-share-link av-social-link-mail' ><a  aria-label=\"Compartir por correo\" href='mailto:?subject=Agentes%20de%20Di%C3%A1logo%3A%20la%20nueva%20funci%C3%B3n%20que%20desarrolla%20Carabineros%20en%20actos%20masivos&#038;body=https:\/\/radiorevelacionfm.cl\/?p=9747' aria-hidden='false' data-av_icon='\ue805' data-av_iconfont='entypo-fontello' title='' data-avia-related-tooltip='Compartir por correo'><span class='avia_hidden_link_text'>Compartir por correo<\/span><\/a><\/li><\/ul><\/div><\/div>\n<div  style='height:50px' class='hr hr-invisible   avia-builder-el-8  el_after_av_social_share  el_before_av_comments_list '><span class='hr-inner ' ><span class='hr-inner-style'><\/span><\/span><\/div>\n<div  class='av-buildercomment  av-blog-meta-html-info-disabled av-blog-meta-tag-disabled  '><\/div>\n","protected":false},"excerpt":{"rendered":"","protected":false},"author":1,"featured_media":9748,"comment_status":"open","ping_status":"open","sticky":false,"template":"","format":"standard","meta":{"footnotes":""},"categories":[36],"tags":[],"class_list":["post-9747","post","type-post","status-publish","format-standard","has-post-thumbnail","hentry","category-policial"],"jetpack_featured_media_url":"https:\/\/radiorevelacionfm.cl\/wp-content\/uploads\/2021\/10\/Untitled-10-1-1.jpg","_links":{"self":[{"href":"https:\/\/radiorevelacionfm.cl\/index.php?rest_route=\/wp\/v2\/posts\/9747","targetHints":{"allow":["GET"]}}],"collection":[{"href":"https:\/\/radiorevelacionfm.cl\/index.php?rest_route=\/wp\/v2\/posts"}],"about":[{"href":"https:\/\/radiorevelacionfm.cl\/index.php?rest_route=\/wp\/v2\/types\/post"}],"author":[{"embeddable":true,"href":"https:\/\/radiorevelacionfm.cl\/index.php?rest_route=\/wp\/v2\/users\/1"}],"replies":[{"embeddable":true,"href":"https:\/\/radiorevelacionfm.cl\/index.php?rest_route=%2Fwp%2Fv2%2Fcomments&post=9747"}],"version-history":[{"count":1,"href":"https:\/\/radiorevelacionfm.cl\/index.php?rest_route=\/wp\/v2\/posts\/9747\/revisions"}],"predecessor-version":[{"id":9749,"href":"https:\/\/radiorevelacionfm.cl\/index.php?rest_route=\/wp\/v2\/posts\/9747\/revisions\/9749"}],"wp:featuredmedia":[{"embeddable":true,"href":"https:\/\/radiorevelacionfm.cl\/index.php?rest_route=\/wp\/v2\/media\/9748"}],"wp:attachment":[{"href":"https:\/\/radiorevelacionfm.cl\/index.php?rest_route=%2Fwp%2Fv2%2Fmedia&parent=9747"}],"wp:term":[{"taxonomy":"category","embeddable":true,"href":"https:\/\/radiorevelacionfm.cl\/index.php?rest_route=%2Fwp%2Fv2%2Fcategories&post=9747"},{"taxonomy":"post_tag","embeddable":true,"href":"https:\/\/radiorevelacionfm.cl\/index.php?rest_route=%2Fwp%2Fv2%2Ftags&post=9747"}],"curies":[{"name":"wp","href":"https:\/\/api.w.org\/{rel}","templated":true}]}}