{"id":9719,"date":"2021-10-18T11:14:47","date_gmt":"2021-10-18T14:14:47","guid":{"rendered":"https:\/\/radiorevelacionfm.cl\/?p=9719"},"modified":"2021-10-18T11:14:47","modified_gmt":"2021-10-18T14:14:47","slug":"emergencia-climatica-y-aysen-reserva-de-vida-lanzan-cartilla-infografias-y-video","status":"publish","type":"post","link":"https:\/\/radiorevelacionfm.cl\/?p=9719","title":{"rendered":"Emergencia Clim\u00e1tica y Ays\u00e9n reserva de vida: Lanzan cartilla, infograf\u00edas y video"},"content":{"rendered":"<div class=\"flex_column av_one_full  flex_column_div av-zero-column-padding first  avia-builder-el-0  el_before_av_one_full  avia-builder-el-first  \" style='border-radius:0px; '><div  class='avia-image-container  av-styling-    avia-builder-el-1  avia-builder-el-no-sibling  avia-align-center '  itemprop=\"image\" itemscope=\"itemscope\" itemtype=\"https:\/\/schema.org\/ImageObject\"  ><div class='avia-image-container-inner'><div class='avia-image-overlay-wrap'><img decoding=\"async\" class='wp-image-9720 avia-img-lazy-loading-not-9720 avia_image' src=\"https:\/\/radiorevelacionfm.cl\/wp-content\/uploads\/2021\/10\/Imagen-video-1-1.jpg\" alt='' title='Imagen video (1) (1)' height=\"600\" width=\"1064\"  itemprop=\"thumbnailUrl\" srcset=\"https:\/\/radiorevelacionfm.cl\/wp-content\/uploads\/2021\/10\/Imagen-video-1-1.jpg 1064w, https:\/\/radiorevelacionfm.cl\/wp-content\/uploads\/2021\/10\/Imagen-video-1-1-300x169.jpg 300w, https:\/\/radiorevelacionfm.cl\/wp-content\/uploads\/2021\/10\/Imagen-video-1-1-1030x581.jpg 1030w, https:\/\/radiorevelacionfm.cl\/wp-content\/uploads\/2021\/10\/Imagen-video-1-1-768x433.jpg 768w, https:\/\/radiorevelacionfm.cl\/wp-content\/uploads\/2021\/10\/Imagen-video-1-1-705x398.jpg 705w, https:\/\/radiorevelacionfm.cl\/wp-content\/uploads\/2021\/10\/Imagen-video-1-1-600x338.jpg 600w\" sizes=\"(max-width: 1064px) 100vw, 1064px\" \/><\/div><\/div><\/div><\/div><div class=\"flex_column av_one_full  flex_column_div av-zero-column-padding first  avia-builder-el-2  el_after_av_one_full  el_before_av_one_full  column-top-margin\" style='border-radius:0px; '><section class=\"av_textblock_section \"  itemscope=\"itemscope\" itemtype=\"https:\/\/schema.org\/BlogPosting\" itemprop=\"blogPost\" ><div class='avia_textblock  '   itemprop=\"text\" ><p style=\"text-align: center;\"><span style=\"font-size: 18pt;\"><b><span lang=\"ES\">Emerge<\/span><\/b><b><span lang=\"X-NONE\">ncia Clim\u00e1tica y Ays\u00e9n reserva de vida: Lanzan cartilla, infograf\u00edas y video<\/span><\/b><\/span><\/p>\n<div id=\"gtx-trans\" style=\"position: absolute; left: -50px; top: 4.31534px;\">\n<div class=\"gtx-trans-icon\"><\/div>\n<\/div>\n<\/div><\/section><\/div><div class=\"flex_column av_one_full  flex_column_div av-zero-column-padding first  avia-builder-el-4  el_after_av_one_full  el_before_av_hr  column-top-margin\" style='border-radius:0px; '><section class=\"av_textblock_section \"  itemscope=\"itemscope\" itemtype=\"https:\/\/schema.org\/BlogPosting\" itemprop=\"blogPost\" ><div class='avia_textblock  '   itemprop=\"text\" ><div id=\"message-htmlpart1\" class=\"message-htmlpart\">\n<div class=\"rcmBody\">\n<div dir=\"ltr\">\n<div class=\"v1gmail_default\">\n<p class=\"v1MsoNormal\" style=\"text-align: justify;\"><span lang=\"ES\">\u00abApuntes desde Ays\u00e9n frente a la emergencia clim\u00e1tica\u00bb. <\/span><span lang=\"ES\">Tal es el nombre del webinar que este jueves 21 de octubre reunir<\/span><span lang=\"X-NONE\">\u00e1 a representantes del Senado, la Universidad de Ays\u00e9n, la sociedad civil y expertos, con el fin de discutir c\u00f3mo enfrentar la crisis clim\u00e1tica bajo una \u00f3ptica de soluciones de responsabilidad socioambiental.<\/span><\/p>\n<p class=\"v1MsoNormal\" style=\"text-align: justify;\"><span lang=\"ES\">La actividad, organizada por Chile Sustentable en coordinaci<\/span><span lang=\"X-NONE\">\u00f3n con la Corporaci\u00f3n Privada para el Desarrollo de Ays\u00e9n (Codesa), se iniciar\u00e1 a las 10 de la ma\u00f1ana por las cuentas de\u00a0<\/span><span lang=\"ES\"><a href=\"https:\/\/www.facebook.com\/chilesustentable\" target=\"_blank\" rel=\"noopener noreferrer\"><span lang=\"X-NONE\">Facebook<\/span><\/a><\/span><span lang=\"X-NONE\">\u00a0y\u00a0<\/span><span lang=\"ES\"><a href=\"https:\/\/www.youtube.com\/channel\/UCbBRfzu0XWqNdM1uJsvaoqQ\" target=\"_blank\" rel=\"noopener noreferrer\"><span lang=\"X-NONE\">Youtube<\/span><\/a><\/span><span lang=\"X-NONE\">\u00a0de Chile Sustentable.\u00a0\u00a0<\/span><\/p>\n<p class=\"v1MsoNormal\" style=\"text-align: justify;\"><span lang=\"X-NONE\">En la ocasi\u00f3n se presentar\u00e1n tres documentos, elaborados por expertos del \u00e1rea basados en focus group con especialistas, pobladores y dirigentes socioambientales, adem\u00e1s de investigaciones del \u00e1rea. Las cartillas ser\u00e1n <b>Pesca y Litoral: \u00abDiagn\u00f3stico, principales desaf\u00edos y propuestas prioritarias\u00bb\u00a0<\/b>elaborada por la <b><\/b>bi\u00f3loga marina Claudia Torrijos Kneer;\u00a0<b>Turismo y Conservaci\u00f3n: \u00abUna mirada al desarrollo sustentable de la actividad tur\u00edstica\u00bb<\/b>\u00a0por la ge\u00f3loga Alexandra Salazar Maturana; y\u00a0<b>Agricultura Sustentable: \u00abFortalecer la agricultura local y promover pr\u00e1cticas org\u00e1nicas regenerativas\u00bb<\/b>\u00a0por el huertero\/ingeniero agr\u00f3nomo Francisco Vio Morales.<\/span><\/p>\n<p class=\"v1MsoNormal\" style=\"text-align: justify;\"><span lang=\"X-NONE\">Estos documentos se complementar\u00e1n con el lanzamiento de\u00a0tres infograf\u00edas\u00a0alusivas y un\u00a0video\u00a0animado que sintetiza el diagn\u00f3stico y principales propuestas.<\/span><\/p>\n<p class=\"v1MsoNormal\" style=\"text-align: justify;\"><span lang=\"X-NONE\">\u00a0<\/span><b><span lang=\"X-NONE\">Senado, academia y sociedad civil<\/span><\/b><\/p>\n<p class=\"v1MsoNormal\" style=\"text-align: justify;\"><span lang=\"X-NONE\">Iniciar\u00e1n el encuentro la\u00a0directora ejecutiva de Chile Sustentable Sara Larra\u00edn Ruiz-Tagle\u00a0y la\u00a0presidenta de la Comisi\u00f3n de Medio Ambiente y representante por Ays\u00e9n Ximena \u00d3rdenes Neira, quien se referir\u00e1 a la importancia pol\u00edtica de la discusi\u00f3n.\u00a0\u00a0<\/span><\/p>\n<p class=\"v1MsoNormal\" style=\"text-align: justify;\"><span lang=\"X-NONE\">Tras el lanzamiento de los documentos expondr\u00e1n el\u00a0presidente de la Agrupaci\u00f3n Ais\u00e9n Reserva de Vida y Director de Codeff Ais\u00e9n, Peter Hartmann Samhaber,\u00a0quien se referir\u00e1 a la propuesta\u00a0<\/span><span lang=\"ES\">\u00abAis\u00e9n reserva de vida\u00bb y el\u00a0director de la Carrera de Ingenier\u00eda Forestal de la Universidad de Ays\u00e9n, Dr. Carlos Zamorano-Elgueta, quien abordar<\/span><span lang=\"X-NONE\">\u00e1 el t\u00f3pico\u00a0<\/span><span lang=\"ES\">\u00abLa academia y el debate sobre el cambio clim\u00e1tico\u00bb.<\/span><\/p>\n<p class=\"v1MsoNormal\" style=\"text-align: justify;\"><span lang=\"ES\">Tanto los documentos como las infograf<\/span><span lang=\"X-NONE\">\u00edas y el video quedar\u00e1n a disposici\u00f3n de la ciudadan\u00eda en la web\u00a0<\/span><span lang=\"ES\"><a href=\"http:\/\/www.chilesustentable.net\/\" target=\"_blank\" rel=\"noopener noreferrer\"><span lang=\"X-NONE\">www.chilesustentable.net<\/span><\/a><\/span><\/p>\n<p class=\"v1MsoNormal\" style=\"text-align: justify;\"><span lang=\"X-NONE\">\u00abLa discusi\u00f3n sobre c\u00f3mo enfrentamos la crisis clim\u00e1tica, a nivel global y local es amplia. Desde la sociedad civil entregamos este material como una forma de aportar al debate desde una mirada socioambiental, que incorpore la responsabilidad ecosist\u00e9mica y una transici\u00f3n justa. La idea es que se sumen estos contenidos a las propuestas que ya existen desde la econom\u00eda y el crecimiento\u00bb se\u00f1al\u00f3 al respecto el periodista y secretario de Codesa, Patricio Segura Ortiz, coordinador de la iniciativa.\u00a0<\/span><\/p>\n<p class=\"v1MsoNormal\" style=\"text-align: justify;\"><span lang=\"X-NONE\">El dirigente puntualiz\u00f3 que \u00ab\u00e9ste es un apronte a un trabajo de profundizaci\u00f3n de esta discusi\u00f3n en Ays\u00e9n y la Patagonia, ya que el cambio clim\u00e1tico afectar\u00e1 en especial a este territorio no s\u00f3lo en t\u00e9rminos ecosist\u00e9micos sino incluso de migraci\u00f3n clim\u00e1tica, que ya estamos viendo. Debemos ver c\u00f3mo aportamos a mitigar el problema global y ser resilientes a sus efectos. Nosotros creemos que el modelo Ays\u00e9n reserva de vida es una de las formas\u00bb.<\/span><\/p>\n<\/div>\n<\/div>\n<\/div>\n<\/div>\n<\/div><\/section><\/div><div  style='height:50px' class='hr hr-invisible   avia-builder-el-6  el_after_av_one_full  el_before_av_social_share '><span class='hr-inner ' ><span class='hr-inner-style'><\/span><\/span><\/div><\/p>\n<div  class='av-social-sharing-box  avia-builder-el-7  el_after_av_hr  el_before_av_hr  '><div class='av-share-box'><h5 class='av-share-link-description av-no-toc '>Compartir esta noticia<\/h5><ul class='av-share-box-list noLightbox'><li class='av-share-link av-social-link-facebook' ><a target=\"_blank\" aria-label=\"Compartir en Facebook\" href='https:\/\/www.facebook.com\/sharer.php?u=https:\/\/radiorevelacionfm.cl\/?p=9719&#038;t=Emergencia%20Clim%C3%A1tica%20y%20Ays%C3%A9n%20reserva%20de%20vida%3A%20Lanzan%20cartilla%2C%20infograf%C3%ADas%20y%20video' aria-hidden='false' data-av_icon='\ue8f3' data-av_iconfont='entypo-fontello' title='' data-avia-related-tooltip='Compartir en Facebook' rel=\"noopener\"><span class='avia_hidden_link_text'>Compartir en Facebook<\/span><\/a><\/li><li class='av-share-link av-social-link-twitter' ><a target=\"_blank\" aria-label=\"Compartir en Twitter\" href='https:\/\/twitter.com\/share?text=Emergencia%20Clim%C3%A1tica%20y%20Ays%C3%A9n%20reserva%20de%20vida%3A%20Lanzan%20cartilla%2C%20infograf%C3%ADas%20y%20video&#038;url=https:\/\/radiorevelacionfm.cl\/?p=9719' aria-hidden='false' data-av_icon='\ue8f1' data-av_iconfont='entypo-fontello' title='' data-avia-related-tooltip='Compartir en Twitter' rel=\"noopener\"><span class='avia_hidden_link_text'>Compartir en Twitter<\/span><\/a><\/li><li class='av-share-link av-social-link-whatsapp' ><a target=\"_blank\" aria-label=\"Compartir en Whatsapp\" href='https:\/\/api.whatsapp.com\/send?text=https:\/\/radiorevelacionfm.cl\/?p=9719' aria-hidden='false' data-av_icon='\uf232' data-av_iconfont='entypo-fontello' title='' data-avia-related-tooltip='Compartir en Whatsapp' rel=\"noopener\"><span class='avia_hidden_link_text'>Compartir en Whatsapp<\/span><\/a><\/li><li class='av-share-link av-social-link-linkedin' ><a target=\"_blank\" aria-label=\"Compartir en LinkedIn\" href='https:\/\/linkedin.com\/shareArticle?mini=true&#038;title=Emergencia%20Clim%C3%A1tica%20y%20Ays%C3%A9n%20reserva%20de%20vida%3A%20Lanzan%20cartilla%2C%20infograf%C3%ADas%20y%20video&#038;url=https:\/\/radiorevelacionfm.cl\/?p=9719' aria-hidden='false' data-av_icon='\ue8fc' data-av_iconfont='entypo-fontello' title='' data-avia-related-tooltip='Compartir en LinkedIn' rel=\"noopener\"><span class='avia_hidden_link_text'>Compartir en LinkedIn<\/span><\/a><\/li><li class='av-share-link av-social-link-mail' ><a  aria-label=\"Compartir por correo\" href='mailto:?subject=Emergencia%20Clim%C3%A1tica%20y%20Ays%C3%A9n%20reserva%20de%20vida%3A%20Lanzan%20cartilla%2C%20infograf%C3%ADas%20y%20video&#038;body=https:\/\/radiorevelacionfm.cl\/?p=9719' aria-hidden='false' data-av_icon='\ue805' data-av_iconfont='entypo-fontello' title='' data-avia-related-tooltip='Compartir por correo'><span class='avia_hidden_link_text'>Compartir por correo<\/span><\/a><\/li><\/ul><\/div><\/div>\n<div  style='height:50px' class='hr hr-invisible   avia-builder-el-8  el_after_av_social_share  el_before_av_comments_list '><span class='hr-inner ' ><span class='hr-inner-style'><\/span><\/span><\/div>\n<div  class='av-buildercomment  av-blog-meta-html-info-disabled av-blog-meta-tag-disabled  '><\/div>\n","protected":false},"excerpt":{"rendered":"","protected":false},"author":1,"featured_media":9720,"comment_status":"open","ping_status":"open","sticky":false,"template":"","format":"standard","meta":{"footnotes":""},"categories":[39],"tags":[],"class_list":["post-9719","post","type-post","status-publish","format-standard","has-post-thumbnail","hentry","category-medio-ambiente"],"jetpack_featured_media_url":"https:\/\/radiorevelacionfm.cl\/wp-content\/uploads\/2021\/10\/Imagen-video-1-1.jpg","_links":{"self":[{"href":"https:\/\/radiorevelacionfm.cl\/index.php?rest_route=\/wp\/v2\/posts\/9719","targetHints":{"allow":["GET"]}}],"collection":[{"href":"https:\/\/radiorevelacionfm.cl\/index.php?rest_route=\/wp\/v2\/posts"}],"about":[{"href":"https:\/\/radiorevelacionfm.cl\/index.php?rest_route=\/wp\/v2\/types\/post"}],"author":[{"embeddable":true,"href":"https:\/\/radiorevelacionfm.cl\/index.php?rest_route=\/wp\/v2\/users\/1"}],"replies":[{"embeddable":true,"href":"https:\/\/radiorevelacionfm.cl\/index.php?rest_route=%2Fwp%2Fv2%2Fcomments&post=9719"}],"version-history":[{"count":1,"href":"https:\/\/radiorevelacionfm.cl\/index.php?rest_route=\/wp\/v2\/posts\/9719\/revisions"}],"predecessor-version":[{"id":9721,"href":"https:\/\/radiorevelacionfm.cl\/index.php?rest_route=\/wp\/v2\/posts\/9719\/revisions\/9721"}],"wp:featuredmedia":[{"embeddable":true,"href":"https:\/\/radiorevelacionfm.cl\/index.php?rest_route=\/wp\/v2\/media\/9720"}],"wp:attachment":[{"href":"https:\/\/radiorevelacionfm.cl\/index.php?rest_route=%2Fwp%2Fv2%2Fmedia&parent=9719"}],"wp:term":[{"taxonomy":"category","embeddable":true,"href":"https:\/\/radiorevelacionfm.cl\/index.php?rest_route=%2Fwp%2Fv2%2Fcategories&post=9719"},{"taxonomy":"post_tag","embeddable":true,"href":"https:\/\/radiorevelacionfm.cl\/index.php?rest_route=%2Fwp%2Fv2%2Ftags&post=9719"}],"curies":[{"name":"wp","href":"https:\/\/api.w.org\/{rel}","templated":true}]}}