{"id":9716,"date":"2021-10-17T16:25:54","date_gmt":"2021-10-17T19:25:54","guid":{"rendered":"https:\/\/radiorevelacionfm.cl\/?p=9716"},"modified":"2021-10-17T16:25:54","modified_gmt":"2021-10-17T19:25:54","slug":"sandoval-recalca-importancia-de-la-conectividad-terrestre-en-la-region-tras-visitar-zona-norte-y-verificar-avances-de-pavimentacion-de-la-ruta-7","status":"publish","type":"post","link":"https:\/\/radiorevelacionfm.cl\/?p=9716","title":{"rendered":"Sandoval recalca importancia de la conectividad terrestre en la regi\u00f3n tras visitar zona norte y verificar avances de pavimentaci\u00f3n de la Ruta 7"},"content":{"rendered":"<div class=\"flex_column av_one_full  flex_column_div av-zero-column-padding first  avia-builder-el-0  el_before_av_one_full  avia-builder-el-first  \" style='border-radius:0px; '><div  class='avia-image-container  av-styling-    avia-builder-el-1  avia-builder-el-no-sibling  avia-align-center '  itemprop=\"image\" itemscope=\"itemscope\" itemtype=\"https:\/\/schema.org\/ImageObject\"  ><div class='avia-image-container-inner'><div class='avia-image-overlay-wrap'><img decoding=\"async\" class='wp-image-9717 avia-img-lazy-loading-not-9717 avia_image' src=\"https:\/\/radiorevelacionfm.cl\/wp-content\/uploads\/2021\/10\/carretera-austral-norte1-1_optimized.jpg\" alt='' title='carretera-austral-norte1-(1)_optimized' height=\"600\" width=\"1057\"  itemprop=\"thumbnailUrl\" srcset=\"https:\/\/radiorevelacionfm.cl\/wp-content\/uploads\/2021\/10\/carretera-austral-norte1-1_optimized.jpg 1057w, https:\/\/radiorevelacionfm.cl\/wp-content\/uploads\/2021\/10\/carretera-austral-norte1-1_optimized-300x170.jpg 300w, https:\/\/radiorevelacionfm.cl\/wp-content\/uploads\/2021\/10\/carretera-austral-norte1-1_optimized-1030x585.jpg 1030w, https:\/\/radiorevelacionfm.cl\/wp-content\/uploads\/2021\/10\/carretera-austral-norte1-1_optimized-768x436.jpg 768w, https:\/\/radiorevelacionfm.cl\/wp-content\/uploads\/2021\/10\/carretera-austral-norte1-1_optimized-705x400.jpg 705w, https:\/\/radiorevelacionfm.cl\/wp-content\/uploads\/2021\/10\/carretera-austral-norte1-1_optimized-600x341.jpg 600w\" sizes=\"(max-width: 1057px) 100vw, 1057px\" \/><\/div><\/div><\/div><\/div><div class=\"flex_column av_one_full  flex_column_div av-zero-column-padding first  avia-builder-el-2  el_after_av_one_full  el_before_av_one_full  column-top-margin\" style='border-radius:0px; '><section class=\"av_textblock_section \"  itemscope=\"itemscope\" itemtype=\"https:\/\/schema.org\/BlogPosting\" itemprop=\"blogPost\" ><div class='avia_textblock  '   itemprop=\"text\" ><p style=\"text-align: center;\"><strong><span style=\"font-size: 18pt;\">Sandoval recalca importancia de la conectividad terrestre en la regi\u00f3n tras visitar zona norte y verificar avances de pavimentaci\u00f3n de la Ruta 7<\/span><\/strong><\/p>\n<div id=\"gtx-trans\" style=\"position: absolute; left: -50px; top: 4.31534px;\">\n<div class=\"gtx-trans-icon\"><\/div>\n<\/div>\n<\/div><\/section><\/div><div class=\"flex_column av_one_full  flex_column_div av-zero-column-padding first  avia-builder-el-4  el_after_av_one_full  el_before_av_hr  column-top-margin\" style='border-radius:0px; '><section class=\"av_textblock_section \"  itemscope=\"itemscope\" itemtype=\"https:\/\/schema.org\/BlogPosting\" itemprop=\"blogPost\" ><div class='avia_textblock  '   itemprop=\"text\" ><p style=\"text-align: justify;\">El parlamentario insisti\u00f3 que es un tema sobre el que hay seguir poniendo \u00e9nfasis, sobre todo considerando la discusi\u00f3n del presupuesto 2022, destacando la labor del MOP Ays\u00e9n.<\/p>\n<p style=\"text-align: justify;\">\u201cLa conectividad para la regi\u00f3n de Ays\u00e9n es fundamental\u201d. As\u00ed lo afirm\u00f3 el senador David Sandoval, quien visit\u00f3 este fin de semana la zona norte de la regi\u00f3n, donde realiz\u00f3 diversas actividades, entre ellas, verificar el estado de avance de la pavimentaci\u00f3n de la ruta 7.<\/p>\n<p style=\"text-align: justify;\">En ese sentido, el parlamentario se\u00f1al\u00f3 que es indudable que el t\u00e9rmino de la pavimentaci\u00f3n de la Carretera Austral, representar\u00e1 un cambio radical en lo que ser\u00e1 el futuro de la regi\u00f3n, por lo cual recalc\u00f3 la relevancia de los trabajos que se est\u00e1n realizando actualmente. \u201cEsta columna vertebral, que en el futuro va a terminar por Puerto Yungay en su tramo completo, va a cambiar el destino de la regi\u00f3n\u201d, indic\u00f3.<\/p>\n<p style=\"text-align: justify;\">Por lo mismo, Sandoval destac\u00f3 la labor de todo el equipo del MOP en Ays\u00e9n, enfatizando en que se tiene que seguir poniendo \u00e9nfasis en el tema, especialmente considerando la discusi\u00f3n presupuestaria del a\u00f1o 2022. \u201cYo s\u00e9 que es un gran trabajo, un gran compromiso y no me cabe la menor duda que lo que hay que hacer (es seguir) poniendo toda la prioridad, particularmente en el presupuesto del a\u00f1o 2022\u201d, puntualiz\u00f3, agregando que \u201cla Carretera Austral es el gran sue\u00f1o de la regi\u00f3n de Ays\u00e9n\u201d, agreg\u00f3.<\/p>\n<p style=\"text-align: justify;\">En esa l\u00ednea, el seremi de Obras P\u00fablicas, N\u00e9stor Mera, recalc\u00f3 la relevancia de dar cumplimiento a las propuestas que se hab\u00edan hecho como administraci\u00f3n. \u201cEn el punto donde termina el pavimento es donde ya est\u00e1 instalada la empresa trabajando en nueve kil\u00f3metros m\u00e1s; desde ese punto hasta la zona m\u00e1s alta del Queulat. Estas son obras que impactan positivamente en nuestra regi\u00f3n\u201d, resalt\u00f3.<\/p>\n<p style=\"text-align: justify;\">Asimismo, la autoridad sectorial explic\u00f3 que solo quedar\u00e1n sin pavimentar ocho km. de los cien que van hacia el norte, si bien se espera dejar incluso licitados 5 Km. de aqu\u00ed a fin de a\u00f1o o a principios del que viene. \u201cEl resto va a estar en pleno trabajo durante todo este verano y parte del pr\u00f3ximo a\u00f1o\u201d, precis\u00f3.<\/p>\n<p style=\"text-align: justify;\">\u201cLo que estamos haciendo hacia el norte es lo que esperamos que ocurra de Villa Cerro Castillo al sur en los pr\u00f3ximos a\u00f1os y administraciones\u201d, agreg\u00f3.<\/p>\n<p style=\"text-align: justify;\">Finalmente, destac\u00f3 lo que se est\u00e1 haciendo en materia de pavimentaci\u00f3n desde Villa Ortega hacia Coyhaique. \u201cEl desarrollo de la regi\u00f3n de Ays\u00e9n, pasa por la Carretera Austral\u201d, concluy\u00f3 N\u00e9stor Mera.<\/p>\n<\/div><\/section><\/div><div  style='height:50px' class='hr hr-invisible   avia-builder-el-6  el_after_av_one_full  el_before_av_social_share '><span class='hr-inner ' ><span class='hr-inner-style'><\/span><\/span><\/div><\/p>\n<div  class='av-social-sharing-box  avia-builder-el-7  el_after_av_hr  el_before_av_hr  '><div class='av-share-box'><h5 class='av-share-link-description av-no-toc '>Compartir esta noticia<\/h5><ul class='av-share-box-list noLightbox'><li class='av-share-link av-social-link-facebook' ><a target=\"_blank\" aria-label=\"Compartir en Facebook\" href='https:\/\/www.facebook.com\/sharer.php?u=https:\/\/radiorevelacionfm.cl\/?p=9716&#038;t=Sandoval%20recalca%20importancia%20de%20la%20conectividad%20terrestre%20en%20la%20regi%C3%B3n%20tras%20visitar%20zona%20norte%20y%20verificar%20avances%20de%20pavimentaci%C3%B3n%20de%20la%20Ruta%207' aria-hidden='false' data-av_icon='\ue8f3' data-av_iconfont='entypo-fontello' title='' data-avia-related-tooltip='Compartir en Facebook' rel=\"noopener\"><span class='avia_hidden_link_text'>Compartir en Facebook<\/span><\/a><\/li><li class='av-share-link av-social-link-twitter' ><a target=\"_blank\" aria-label=\"Compartir en Twitter\" href='https:\/\/twitter.com\/share?text=Sandoval%20recalca%20importancia%20de%20la%20conectividad%20terrestre%20en%20la%20regi%C3%B3n%20tras%20visitar%20zona%20norte%20y%20verificar%20avances%20de%20pavimentaci%C3%B3n%20de%20la%20Ruta%207&#038;url=https:\/\/radiorevelacionfm.cl\/?p=9716' aria-hidden='false' data-av_icon='\ue8f1' data-av_iconfont='entypo-fontello' title='' data-avia-related-tooltip='Compartir en Twitter' rel=\"noopener\"><span class='avia_hidden_link_text'>Compartir en Twitter<\/span><\/a><\/li><li class='av-share-link av-social-link-whatsapp' ><a target=\"_blank\" aria-label=\"Compartir en Whatsapp\" href='https:\/\/api.whatsapp.com\/send?text=https:\/\/radiorevelacionfm.cl\/?p=9716' aria-hidden='false' data-av_icon='\uf232' data-av_iconfont='entypo-fontello' title='' data-avia-related-tooltip='Compartir en Whatsapp' rel=\"noopener\"><span class='avia_hidden_link_text'>Compartir en Whatsapp<\/span><\/a><\/li><li class='av-share-link av-social-link-linkedin' ><a target=\"_blank\" aria-label=\"Compartir en LinkedIn\" href='https:\/\/linkedin.com\/shareArticle?mini=true&#038;title=Sandoval%20recalca%20importancia%20de%20la%20conectividad%20terrestre%20en%20la%20regi%C3%B3n%20tras%20visitar%20zona%20norte%20y%20verificar%20avances%20de%20pavimentaci%C3%B3n%20de%20la%20Ruta%207&#038;url=https:\/\/radiorevelacionfm.cl\/?p=9716' aria-hidden='false' data-av_icon='\ue8fc' data-av_iconfont='entypo-fontello' title='' data-avia-related-tooltip='Compartir en LinkedIn' rel=\"noopener\"><span class='avia_hidden_link_text'>Compartir en LinkedIn<\/span><\/a><\/li><li class='av-share-link av-social-link-mail' ><a  aria-label=\"Compartir por correo\" href='mailto:?subject=Sandoval%20recalca%20importancia%20de%20la%20conectividad%20terrestre%20en%20la%20regi%C3%B3n%20tras%20visitar%20zona%20norte%20y%20verificar%20avances%20de%20pavimentaci%C3%B3n%20de%20la%20Ruta%207&#038;body=https:\/\/radiorevelacionfm.cl\/?p=9716' aria-hidden='false' data-av_icon='\ue805' data-av_iconfont='entypo-fontello' title='' data-avia-related-tooltip='Compartir por correo'><span class='avia_hidden_link_text'>Compartir por correo<\/span><\/a><\/li><\/ul><\/div><\/div>\n<div  style='height:50px' class='hr hr-invisible   avia-builder-el-8  el_after_av_social_share  el_before_av_comments_list '><span class='hr-inner ' ><span class='hr-inner-style'><\/span><\/span><\/div>\n<div  class='av-buildercomment  av-blog-meta-html-info-disabled av-blog-meta-tag-disabled  '><\/div>\n","protected":false},"excerpt":{"rendered":"","protected":false},"author":1,"featured_media":9717,"comment_status":"open","ping_status":"open","sticky":false,"template":"","format":"standard","meta":{"footnotes":""},"categories":[35],"tags":[],"class_list":["post-9716","post","type-post","status-publish","format-standard","has-post-thumbnail","hentry","category-politica"],"jetpack_featured_media_url":"https:\/\/radiorevelacionfm.cl\/wp-content\/uploads\/2021\/10\/carretera-austral-norte1-1_optimized.jpg","_links":{"self":[{"href":"https:\/\/radiorevelacionfm.cl\/index.php?rest_route=\/wp\/v2\/posts\/9716","targetHints":{"allow":["GET"]}}],"collection":[{"href":"https:\/\/radiorevelacionfm.cl\/index.php?rest_route=\/wp\/v2\/posts"}],"about":[{"href":"https:\/\/radiorevelacionfm.cl\/index.php?rest_route=\/wp\/v2\/types\/post"}],"author":[{"embeddable":true,"href":"https:\/\/radiorevelacionfm.cl\/index.php?rest_route=\/wp\/v2\/users\/1"}],"replies":[{"embeddable":true,"href":"https:\/\/radiorevelacionfm.cl\/index.php?rest_route=%2Fwp%2Fv2%2Fcomments&post=9716"}],"version-history":[{"count":1,"href":"https:\/\/radiorevelacionfm.cl\/index.php?rest_route=\/wp\/v2\/posts\/9716\/revisions"}],"predecessor-version":[{"id":9718,"href":"https:\/\/radiorevelacionfm.cl\/index.php?rest_route=\/wp\/v2\/posts\/9716\/revisions\/9718"}],"wp:featuredmedia":[{"embeddable":true,"href":"https:\/\/radiorevelacionfm.cl\/index.php?rest_route=\/wp\/v2\/media\/9717"}],"wp:attachment":[{"href":"https:\/\/radiorevelacionfm.cl\/index.php?rest_route=%2Fwp%2Fv2%2Fmedia&parent=9716"}],"wp:term":[{"taxonomy":"category","embeddable":true,"href":"https:\/\/radiorevelacionfm.cl\/index.php?rest_route=%2Fwp%2Fv2%2Fcategories&post=9716"},{"taxonomy":"post_tag","embeddable":true,"href":"https:\/\/radiorevelacionfm.cl\/index.php?rest_route=%2Fwp%2Fv2%2Ftags&post=9716"}],"curies":[{"name":"wp","href":"https:\/\/api.w.org\/{rel}","templated":true}]}}