{"id":9713,"date":"2021-10-17T14:43:51","date_gmt":"2021-10-17T17:43:51","guid":{"rendered":"https:\/\/radiorevelacionfm.cl\/?p=9713"},"modified":"2021-10-17T14:43:51","modified_gmt":"2021-10-17T17:43:51","slug":"jovenes-participan-en-taller-gratuito-de-estetica-integral-desarrollado-por-injuv","status":"publish","type":"post","link":"https:\/\/radiorevelacionfm.cl\/?p=9713","title":{"rendered":"J\u00f3venes participan en taller gratuito de est\u00e9tica integral desarrollado por INJUV"},"content":{"rendered":"<div class=\"flex_column av_one_full  flex_column_div av-zero-column-padding first  avia-builder-el-0  el_before_av_one_full  avia-builder-el-first  \" style='border-radius:0px; '><div  class='avia-image-container  av-styling-    avia-builder-el-1  avia-builder-el-no-sibling  avia-align-center '  itemprop=\"image\" itemscope=\"itemscope\" itemtype=\"https:\/\/schema.org\/ImageObject\"  ><div class='avia-image-container-inner'><div class='avia-image-overlay-wrap'><img decoding=\"async\" class='wp-image-9714 avia-img-lazy-loading-not-9714 avia_image' src=\"https:\/\/radiorevelacionfm.cl\/wp-content\/uploads\/2021\/10\/Foto-1-10-1-1.jpg\" alt='' title='Foto 1 (10) (1) (1)' height=\"600\" width=\"785\"  itemprop=\"thumbnailUrl\" srcset=\"https:\/\/radiorevelacionfm.cl\/wp-content\/uploads\/2021\/10\/Foto-1-10-1-1.jpg 785w, https:\/\/radiorevelacionfm.cl\/wp-content\/uploads\/2021\/10\/Foto-1-10-1-1-300x229.jpg 300w, https:\/\/radiorevelacionfm.cl\/wp-content\/uploads\/2021\/10\/Foto-1-10-1-1-768x587.jpg 768w, https:\/\/radiorevelacionfm.cl\/wp-content\/uploads\/2021\/10\/Foto-1-10-1-1-705x539.jpg 705w, https:\/\/radiorevelacionfm.cl\/wp-content\/uploads\/2021\/10\/Foto-1-10-1-1-600x459.jpg 600w\" sizes=\"(max-width: 785px) 100vw, 785px\" \/><\/div><\/div><\/div><\/div><div class=\"flex_column av_one_full  flex_column_div av-zero-column-padding first  avia-builder-el-2  el_after_av_one_full  el_before_av_one_full  column-top-margin\" style='border-radius:0px; '><section class=\"av_textblock_section \"  itemscope=\"itemscope\" itemtype=\"https:\/\/schema.org\/BlogPosting\" itemprop=\"blogPost\" ><div class='avia_textblock  '   itemprop=\"text\" ><p style=\"text-align: center;\"><strong><span style=\"font-size: 18pt;\">J\u00f3venes participan en taller gratuito de est\u00e9tica integral desarrollado por INJUV<\/span><\/strong><\/p>\n<div id=\"gtx-trans\" style=\"position: absolute; left: -50px; top: 4.31534px;\">\n<div class=\"gtx-trans-icon\"><\/div>\n<\/div>\n<\/div><\/section><\/div><div class=\"flex_column av_one_full  flex_column_div av-zero-column-padding first  avia-builder-el-4  el_after_av_one_full  el_before_av_hr  column-top-margin\" style='border-radius:0px; '><section class=\"av_textblock_section \"  itemscope=\"itemscope\" itemtype=\"https:\/\/schema.org\/BlogPosting\" itemprop=\"blogPost\" ><div class='avia_textblock  '   itemprop=\"text\" ><p style=\"text-align: justify;\">El Instituto Nacional de la Juventud se encuentra desarrollando una serie de talleres gratuitos para la comunidad juvenil regional, iniciativas que tienen por objetivo entregar m\u00e1s y mejores espacios de participaci\u00f3n a los j\u00f3venes de la regi\u00f3n de Ays\u00e9n.<\/p>\n<p style=\"text-align: justify;\">Es as\u00ed como recientemente INJUV desarrollo el taller \u201cLimpieza facial, t\u00e9cnicas b\u00e1sicas de maquillaje y peinado\u201d, instancia donde las participantes aprendieron las distintas t\u00e9cnicas b\u00e1sicas de la est\u00e9tica integral ense\u00f1ada.<\/p>\n<p style=\"text-align: justify;\">Durante el mes de octubre INJUV Ays\u00e9n desarrollara los talleres gratitos de \u201cManicure para principiantes y Cuidado facial y corporal con aparatolog\u00eda\u201d, es importante destacar que todos los encuentros que se realizan de forma presencial cuentan con el aforo y las medidas sanitarias exigidas por la autoridad correspondiente.<\/p>\n<p style=\"text-align: justify;\">\u201cEstamos muy entusiasmados de comenzar a realizar algunas actividades de forma presencial con nuestros j\u00f3venes, siempre cumpliendo con las medidas sanitarias requeridas. Invitamos a toda la comunidad juvenil regional a informarse y participar de las distintas actividades que tenemos preparadas, nuestra oferta program\u00e1tica cada mes es muy variada, visiten nuestras redes sociales, Instagram, Fan Page y Twitter @injuvaysen\u201d, indico la directora regional (s), G\u00e9nesis Arias Fuentes.<\/p>\n<p style=\"text-align: justify;\">Catalina Castro joven beneficiaria, sostuvo que \u201cme pareci\u00f3 un taller muy entretenido, aprendimos bastante, la tallerista se dedic\u00f3 a ense\u00f1arnos bien y nos iba aclarando todas las dudas que iban surgiendo, ojal\u00e1 se sigan repitiendo este tipo de talleres\u201d.<\/p>\n<p style=\"text-align: justify;\">En tanto Elizabeth Franco, se\u00f1al\u00f3 que \u201cme encant\u00f3 el taller, ojal\u00e1 se pudieran realizar siempre ya que los encuentro muy entretenidos, aprend\u00ed bastantes t\u00e9cnicas\u201d.<\/p>\n<\/div><\/section><\/div><div  style='height:50px' class='hr hr-invisible   avia-builder-el-6  el_after_av_one_full  el_before_av_social_share '><span class='hr-inner ' ><span class='hr-inner-style'><\/span><\/span><\/div><\/p>\n<div  class='av-social-sharing-box  avia-builder-el-7  el_after_av_hr  el_before_av_hr  '><div class='av-share-box'><h5 class='av-share-link-description av-no-toc '>Compartir esta noticia<\/h5><ul class='av-share-box-list noLightbox'><li class='av-share-link av-social-link-facebook' ><a target=\"_blank\" aria-label=\"Compartir en Facebook\" href='https:\/\/www.facebook.com\/sharer.php?u=https:\/\/radiorevelacionfm.cl\/?p=9713&#038;t=J%C3%B3venes%20participan%20en%20taller%20gratuito%20de%20est%C3%A9tica%20integral%20desarrollado%20por%20INJUV' aria-hidden='false' data-av_icon='\ue8f3' data-av_iconfont='entypo-fontello' title='' data-avia-related-tooltip='Compartir en Facebook' rel=\"noopener\"><span class='avia_hidden_link_text'>Compartir en Facebook<\/span><\/a><\/li><li class='av-share-link av-social-link-twitter' ><a target=\"_blank\" aria-label=\"Compartir en Twitter\" href='https:\/\/twitter.com\/share?text=J%C3%B3venes%20participan%20en%20taller%20gratuito%20de%20est%C3%A9tica%20integral%20desarrollado%20por%20INJUV&#038;url=https:\/\/radiorevelacionfm.cl\/?p=9713' aria-hidden='false' data-av_icon='\ue8f1' data-av_iconfont='entypo-fontello' title='' data-avia-related-tooltip='Compartir en Twitter' rel=\"noopener\"><span class='avia_hidden_link_text'>Compartir en Twitter<\/span><\/a><\/li><li class='av-share-link av-social-link-whatsapp' ><a target=\"_blank\" aria-label=\"Compartir en Whatsapp\" href='https:\/\/api.whatsapp.com\/send?text=https:\/\/radiorevelacionfm.cl\/?p=9713' aria-hidden='false' data-av_icon='\uf232' data-av_iconfont='entypo-fontello' title='' data-avia-related-tooltip='Compartir en Whatsapp' rel=\"noopener\"><span class='avia_hidden_link_text'>Compartir en Whatsapp<\/span><\/a><\/li><li class='av-share-link av-social-link-linkedin' ><a target=\"_blank\" aria-label=\"Compartir en LinkedIn\" href='https:\/\/linkedin.com\/shareArticle?mini=true&#038;title=J%C3%B3venes%20participan%20en%20taller%20gratuito%20de%20est%C3%A9tica%20integral%20desarrollado%20por%20INJUV&#038;url=https:\/\/radiorevelacionfm.cl\/?p=9713' aria-hidden='false' data-av_icon='\ue8fc' data-av_iconfont='entypo-fontello' title='' data-avia-related-tooltip='Compartir en LinkedIn' rel=\"noopener\"><span class='avia_hidden_link_text'>Compartir en LinkedIn<\/span><\/a><\/li><li class='av-share-link av-social-link-mail' ><a  aria-label=\"Compartir por correo\" href='mailto:?subject=J%C3%B3venes%20participan%20en%20taller%20gratuito%20de%20est%C3%A9tica%20integral%20desarrollado%20por%20INJUV&#038;body=https:\/\/radiorevelacionfm.cl\/?p=9713' aria-hidden='false' data-av_icon='\ue805' data-av_iconfont='entypo-fontello' title='' data-avia-related-tooltip='Compartir por correo'><span class='avia_hidden_link_text'>Compartir por correo<\/span><\/a><\/li><\/ul><\/div><\/div>\n<div  style='height:50px' class='hr hr-invisible   avia-builder-el-8  el_after_av_social_share  el_before_av_comments_list '><span class='hr-inner ' ><span class='hr-inner-style'><\/span><\/span><\/div>\n<div  class='av-buildercomment  av-blog-meta-html-info-disabled av-blog-meta-tag-disabled  '><\/div>\n","protected":false},"excerpt":{"rendered":"","protected":false},"author":1,"featured_media":9714,"comment_status":"open","ping_status":"open","sticky":false,"template":"","format":"standard","meta":{"footnotes":""},"categories":[38],"tags":[],"class_list":["post-9713","post","type-post","status-publish","format-standard","has-post-thumbnail","hentry","category-regional"],"jetpack_featured_media_url":"https:\/\/radiorevelacionfm.cl\/wp-content\/uploads\/2021\/10\/Foto-1-10-1-1.jpg","_links":{"self":[{"href":"https:\/\/radiorevelacionfm.cl\/index.php?rest_route=\/wp\/v2\/posts\/9713","targetHints":{"allow":["GET"]}}],"collection":[{"href":"https:\/\/radiorevelacionfm.cl\/index.php?rest_route=\/wp\/v2\/posts"}],"about":[{"href":"https:\/\/radiorevelacionfm.cl\/index.php?rest_route=\/wp\/v2\/types\/post"}],"author":[{"embeddable":true,"href":"https:\/\/radiorevelacionfm.cl\/index.php?rest_route=\/wp\/v2\/users\/1"}],"replies":[{"embeddable":true,"href":"https:\/\/radiorevelacionfm.cl\/index.php?rest_route=%2Fwp%2Fv2%2Fcomments&post=9713"}],"version-history":[{"count":1,"href":"https:\/\/radiorevelacionfm.cl\/index.php?rest_route=\/wp\/v2\/posts\/9713\/revisions"}],"predecessor-version":[{"id":9715,"href":"https:\/\/radiorevelacionfm.cl\/index.php?rest_route=\/wp\/v2\/posts\/9713\/revisions\/9715"}],"wp:featuredmedia":[{"embeddable":true,"href":"https:\/\/radiorevelacionfm.cl\/index.php?rest_route=\/wp\/v2\/media\/9714"}],"wp:attachment":[{"href":"https:\/\/radiorevelacionfm.cl\/index.php?rest_route=%2Fwp%2Fv2%2Fmedia&parent=9713"}],"wp:term":[{"taxonomy":"category","embeddable":true,"href":"https:\/\/radiorevelacionfm.cl\/index.php?rest_route=%2Fwp%2Fv2%2Fcategories&post=9713"},{"taxonomy":"post_tag","embeddable":true,"href":"https:\/\/radiorevelacionfm.cl\/index.php?rest_route=%2Fwp%2Fv2%2Ftags&post=9713"}],"curies":[{"name":"wp","href":"https:\/\/api.w.org\/{rel}","templated":true}]}}