{"id":9710,"date":"2021-10-17T13:56:37","date_gmt":"2021-10-17T16:56:37","guid":{"rendered":"https:\/\/radiorevelacionfm.cl\/?p=9710"},"modified":"2021-10-17T13:56:37","modified_gmt":"2021-10-17T16:56:37","slug":"presentan-oferta-de-capacitacion-para-apoyar-a-emprendedores-y-mejorar-la-empleabilidad-de-trabajadores-as","status":"publish","type":"post","link":"https:\/\/radiorevelacionfm.cl\/?p=9710","title":{"rendered":"Presentan oferta de capacitaci\u00f3n para apoyar a emprendedores y mejorar la empleabilidad de trabajadores\/as"},"content":{"rendered":"<div class=\"flex_column av_one_full  flex_column_div av-zero-column-padding first  avia-builder-el-0  el_before_av_one_full  avia-builder-el-first  \" style='border-radius:0px; '><div  class='avia-image-container  av-styling-    avia-builder-el-1  avia-builder-el-no-sibling  avia-align-center '  itemprop=\"image\" itemscope=\"itemscope\" itemtype=\"https:\/\/schema.org\/ImageObject\"  ><div class='avia-image-container-inner'><div class='avia-image-overlay-wrap'><img decoding=\"async\" class='wp-image-9711 avia-img-lazy-loading-not-9711 avia_image' src=\"https:\/\/radiorevelacionfm.cl\/wp-content\/uploads\/2021\/10\/Sence_OfertaProgramatica1-1-1.jpg\" alt='' title='Sence_OfertaProgramatica1 (1) (1)' height=\"600\" width=\"964\"  itemprop=\"thumbnailUrl\" srcset=\"https:\/\/radiorevelacionfm.cl\/wp-content\/uploads\/2021\/10\/Sence_OfertaProgramatica1-1-1.jpg 964w, https:\/\/radiorevelacionfm.cl\/wp-content\/uploads\/2021\/10\/Sence_OfertaProgramatica1-1-1-300x187.jpg 300w, https:\/\/radiorevelacionfm.cl\/wp-content\/uploads\/2021\/10\/Sence_OfertaProgramatica1-1-1-768x478.jpg 768w, https:\/\/radiorevelacionfm.cl\/wp-content\/uploads\/2021\/10\/Sence_OfertaProgramatica1-1-1-705x439.jpg 705w, https:\/\/radiorevelacionfm.cl\/wp-content\/uploads\/2021\/10\/Sence_OfertaProgramatica1-1-1-600x373.jpg 600w\" sizes=\"(max-width: 964px) 100vw, 964px\" \/><\/div><\/div><\/div><\/div><div class=\"flex_column av_one_full  flex_column_div av-zero-column-padding first  avia-builder-el-2  el_after_av_one_full  el_before_av_one_full  column-top-margin\" style='border-radius:0px; '><section class=\"av_textblock_section \"  itemscope=\"itemscope\" itemtype=\"https:\/\/schema.org\/BlogPosting\" itemprop=\"blogPost\" ><div class='avia_textblock  '   itemprop=\"text\" ><p style=\"text-align: center;\"><strong><span style=\"font-size: 18pt;\">Presentan oferta de capacitaci\u00f3n para apoyar a emprendedores y mejorar la empleabilidad de trabajadores\/as<\/span><\/strong><\/p>\n<div id=\"gtx-trans\" style=\"position: absolute; left: -50px; top: 4.31534px;\">\n<div class=\"gtx-trans-icon\"><\/div>\n<\/div>\n<\/div><\/section><\/div><div class=\"flex_column av_one_full  flex_column_div av-zero-column-padding first  avia-builder-el-4  el_after_av_one_full  el_before_av_hr  column-top-margin\" style='border-radius:0px; '><section class=\"av_textblock_section \"  itemscope=\"itemscope\" itemtype=\"https:\/\/schema.org\/BlogPosting\" itemprop=\"blogPost\" ><div class='avia_textblock  '   itemprop=\"text\" ><p class=\"v1MsoNormal\" style=\"text-align: justify;\"><span lang=\"ES\">Con el prop\u00f3sito de apoyar tanto a los emprendedores\/as como a los trabajadores\/as, el Ministerio del Trabajo y Previsi\u00f3n Social, a trav\u00e9s del Servicio Nacional de Capacitaci\u00f3n y Empleo, Sence, ha adaptado sus programas de capacitaci\u00f3n para mejorar las habilidades y conocimientos de sus alumnos\/as, adem\u00e1s de la empleabilidad para quienes est\u00e9n sin trabajo o deseen optar a un mejor empleo.\u00a0<\/span><\/p>\n<p class=\"v1MsoNormal\" style=\"text-align: justify;\"><span lang=\"ES\">As\u00ed lo destac\u00f3 la Seremi del Trabajo y Previsi\u00f3n Social de Ays\u00e9n, Andrea Ponce junto a la Directora Regional de Sence, Katherine Kingma, en una visita a la emprendedora de Puerto Ays\u00e9n, Katia Inostroza.<\/span><\/p>\n<p class=\"v1MsoNormal\" style=\"text-align: justify;\"><span lang=\"ES\">\u00abAlgo muy importante para desarrollarse como emprendedores y como trabajadores\/as es capacitarse. La pandemia ha acelerado los procesos de modernizaci\u00f3n de los puestos de trabajo, por ejemplo, a trav\u00e9s de las plataformas digitales e inform\u00e1ticas, donde no nos podemos quedar atr\u00e1s. Es por ello, que los invitamos a conocer toda la oferta que tiene Sence en su p\u00e1gina web, son cursos totalmente gratis y acordes a la actualidad, como los dedicados espec\u00edficamente para mujeres, como el Mujer y Finanzas con una serie de cursos y el Despega MIPE para emprendedores y trabajadores con temas como Marketing, Contabilidad, Comercio electr\u00f3nico, Gesti\u00f3n de operaciones en Bodegas, entre otros. Hoy visitamos a Katia, una mujer que con esfuerzo y dedicaci\u00f3n ha sacado adelante su oficina contable, capacit\u00e1ndose. Adem\u00e1s, queremos reforzar tambi\u00e9n el tema de la Reinvenci\u00f3n o Reconversi\u00f3n Laboral, oportunidades hay y Sence tiene el programa Reinv\u00e9ntate para quienes no tienen un empleo y quieran capacitarse para obtener uno, en \u00e1reas de alta empleabilidad, como son construcci\u00f3n, mec\u00e1nica, comercio e inform\u00e1tica, con m\u00e1s de 2.000 cupos\u00bb, mencion\u00f3 la Seremi Andrea Ponce.<\/span><\/p>\n<p class=\"v1MsoNormal\" style=\"text-align: justify;\"><span lang=\"ES\">Con respecto al programa Despega MIPE, la Directora Regional de Sence Ays\u00e9n, coment\u00f3 \u00abAprovechando esta instancia, nosotros queremos invitar que la ciudadan\u00eda ingrese a la p\u00e1gina\u00a0<a href=\"http:\/\/www.sence.cl\/\" target=\"_blank\" rel=\"noopener noreferrer\">www.sence.cl<\/a>\u00a0y se informe de la cantidad de cursos, el detalle de cada uno de los cursos que ofrecemos en este minuto, justamente con el ejemplo de Katia que hizo un curso por despega MIPE, invitarlos, el \u00fanico requisito que se necesita para poder postular, es ser due\u00f1o de una micro o peque\u00f1a empresa, o socio o representante legal o trabajador, toda la postulaci\u00f3n se hace en l\u00ednea y la empresa no debe tener una venta mayor a las 25 mil UF anuales\u00bb inform\u00f3 Katherine Kingma.<\/span><\/p>\n<p class=\"v1MsoNormal\" style=\"text-align: justify;\"><span lang=\"ES\">Katia Inostroza, emprendedora de Puerto Ays\u00e9n, realiz\u00f3 el curso \u00abGesti\u00f3n Administrativa, Financiera y Contable en MYPES\u00bb del programa Despega Mipe. Adem\u00e1s de destacar lo que aprendi\u00f3 en la capacitaci\u00f3n, tambi\u00e9n hizo un llamado a las dem\u00e1s emprendedoras y emprendedores a aprovechar este programa, \u00abYo postul\u00e9, qued\u00e9 aceptada, tom\u00e9 enseguida contacto con el OTEC que iba a dar este curso y as\u00ed parti\u00f3. Fue muy lindo porque me permiti\u00f3 crear redes con gente que son emprendedores a nivel regional y que pude conocer, personas de Ib\u00e1\u00f1ez, de Chile Chico, de Coyhaique, de Ays\u00e9n y se crea como una red de apoyo. O sea, fuera de aprender, se crea esta instancia de conocer vivencias entre los emprendedores y aprend\u00ed harto, de contabilidad, de administraci\u00f3n, cosas que sin ser contadora me dio una herramienta para poder administrar mejor nuestra empresa, as\u00ed que estoy muy contenta y por supuesto, lo recomiendo e invito a mis vecinos a que tomen esta iniciativa y que crezcan pensa<span class=\"v1gmail_default\">n<\/span>do que es por un beneficio propio. La iniciativa de Sence en acercar la capacitaci\u00f3n en pandemia, se agradece bastante\u00bb finaliz\u00f3.<\/span><\/p>\n<p class=\"v1MsoNormal\" style=\"text-align: justify;\"><b><u><span lang=\"ES\">Conoce la oferta program\u00e1tica gratuita de Sence<\/span><\/u><\/b><\/p>\n<p class=\"v1MsoNormal\" style=\"text-align: justify;\">Los programas de capacitaci\u00f3n de Sence son completamente gratuitos. En estos momentos est\u00e1n abiertos los siguientes:<\/p>\n<p class=\"v1MsoNormal\" style=\"text-align: justify;\"><b><u>Curso \u00abDespega MIPE\u00bb<\/u><\/b><u>:<\/u><span lang=\"ES\">\u00a0modalidad en l\u00ednea, dirigido a emprendedores\/as y trabajadores\/as. Los temas en la Regi\u00f3n de Ays\u00e9n son: Formulaci\u00f3n de proyectos de microemprendimiento; Mejorando la administraci\u00f3n y finanzas de mi negocio; Comercio electr\u00f3nico y marketing digital; Facturaci\u00f3n electr\u00f3nica; Potenciando mi negocio; Gesti\u00f3n de operaciones en Bodegas de materiales e insumos. Postulaciones: en\u00a0<a href=\"http:\/\/www.sence.cl\/\" target=\"_blank\" rel=\"noopener noreferrer\">www.sence.cl<\/a>.<\/span><\/p>\n<p style=\"text-align: justify;\"><b><u>Cursos \u00abReinv\u00e9ntate\u00bb<\/u><\/b><u>:<\/u><b>\u00a0<\/b>Se trata de 2.255 cupos de formaci\u00f3n sin costo y para la regi\u00f3n de Ays\u00e9n, 65 cupos, que buscan mejorar la empleabilidad, por medio de la actualizaci\u00f3n o desarrollo de nuevas competencias laborales.\u00a0La oferta de cursos Reinv\u00e9ntate 2021 se enfoca en aquellas \u00e1reas que, por regi\u00f3n, son altamente requeridas por las empresas, y tienen gran potencial de crecimiento y reconversi\u00f3n laboral: \u00abVendedor en Tiendas por Departamento\u00bb y \u00abDesarrollo de Aplicaciones Full Stack Javascript Trainee\u00bb.<\/p>\n<p class=\"v1MsoNormal\" style=\"text-align: justify;\">Requisitos del Programa Reinv\u00e9ntate:<\/p>\n<p class=\"v1MsoNormal\" style=\"text-align: justify;\">\u00b7\u00a0\u00a0\u00a0\u00a0\u00a0\u00a0\u00a0\u00a0\u00a0Ser mayor de 18 a\u00f1os, estar recientemente cesante, y ser parte del 80% m\u00e1s vulnerable (seg\u00fan el Registro Social de Hogares).<\/p>\n<p class=\"v1MsoNormal\" style=\"text-align: justify;\">\u00b7\u00a0\u00a0\u00a0\u00a0\u00a0\u00a0\u00a0\u00a0\u00a0Contar con un m\u00ednimo de 9 cotizaciones previsionales en los \u00faltimos 36 meses y al menos una cotizaci\u00f3n en los \u00faltimos 12 meses.<\/p>\n<p class=\"v1MsoNormal\" style=\"text-align: justify;\">\u00b7\u00a0\u00a0\u00a0\u00a0\u00a0\u00a0\u00a0\u00a0\u00a0Menores de 20 a\u00f1os deben tener la Ense\u00f1anza Media completa.<\/p>\n<p class=\"v1MsoNormal\" style=\"text-align: justify;\">\u00b7\u00a0\u00a0\u00a0\u00a0\u00a0\u00a0\u00a0\u00a0\u00a0<span lang=\"ES\">Postulaciones:\u00a0<a href=\"http:\/\/www.sence.cl\/\" target=\"_blank\" rel=\"noopener noreferrer\">www.sence.cl<\/a>, opci\u00f3n \u00abReinv\u00e9ntate\u00bb y luego, filtrar por regi\u00f3n.<\/span><\/p>\n<p class=\"v1MsoNormal\" style=\"text-align: justify;\"><b><u>Programa \u00abMujer y Finanzas\u00bb<\/u><\/b><b>:\u00a0<\/b><span lang=\"ES\">consiste en una selecci\u00f3n de 18 cursos orientados al emprendimiento y habilidades digitales. Estos cursos en l\u00ednea son 100% gratuitos e ilimitados, y son impartidos por Fundaci\u00f3n Telef\u00f3nica, Fundaci\u00f3n Carlos Slim, LinkedIn Learning y Microsoft. Entre los cursos est\u00e1n:<\/span><span lang=\"ES\">\u00a0An\u00e1lisis y Dise\u00f1o del Sistema de Informaci\u00f3n Contable; Analista financiero; Comercializaci\u00f3n y Distribuci\u00f3n; Comercio Digital; C\u00f3mo Calcular tu Inversi\u00f3n; Conociendo el comercio al detalle; Estrategias de Marketing Online; Evaluaci\u00f3n de ideas de negocio; Marketing digital e Ideas para crecer tu negocio. Postulaciones en:\u00a0<a href=\"http:\/\/www.sence.cl\/\" target=\"_blank\" rel=\"noopener noreferrer\">www.sence.cl<\/a>\u00a0o en\u00a0<a href=\"http:\/\/www.mujeresenfinanzas.com\/\" target=\"_blank\" rel=\"noopener noreferrer\">www.mujeresenfinanzas.com<\/a>.<u><\/u><\/span><\/p>\n<p class=\"v1MsoNormal\" style=\"text-align: justify;\"><b><u><span lang=\"ES\">IFE Laboral<\/span><\/u><\/b><b><span lang=\"ES\">:\u00a0<\/span><\/b><span lang=\"ES\">\u00a0Su objetivo es fomentar la incorporaci\u00f3n y formalizaci\u00f3n del mercado laboral y entregar apoyo a la reincorporaci\u00f3n, sobre todo de mujeres, al mundo del trabajo, a trav\u00e9s de un subsidio directo a quienes se empleen con contrato formal entre agosto y diciembre del 2021. IFE Laboral complementa la renta de los nuevos trabajadores hasta con $250 mil, si eres mujer, persona con discapacidad, joven entre 18 y 24 a\u00f1os; mayor de 55 a\u00f1os, y con hasta $200 mil, si eres hombre. Quienes postularon en septiembre obtendr\u00e1n el beneficio a partir de noviembre. Los requisitos para postular al IFE Laboral son:<\/span><\/p>\n<p style=\"text-align: justify;\"><span lang=\"ES\">\u00b7\u00a0\u00a0\u00a0\u00a0\u00a0\u00a0\u00a0\u00a0\u00a0<\/span><span lang=\"ES\">Tener un nuevo contrato de trabajo (en el mes en curso o m\u00e1ximo el mes anterior a la postulaci\u00f3n).<\/span><\/p>\n<p style=\"text-align: justify;\"><span lang=\"ES\">\u00b7\u00a0\u00a0\u00a0\u00a0\u00a0\u00a0\u00a0\u00a0\u00a0<\/span><span lang=\"ES\">Tener una remuneraci\u00f3n mensual bruta menor o igual a 3 Ingresos M\u00ednimos Mensuales ($1.011.000).<\/span><\/p>\n<p style=\"text-align: justify;\"><span lang=\"ES\">\u00b7\u00a0\u00a0\u00a0\u00a0\u00a0\u00a0\u00a0\u00a0\u00a0<\/span><span lang=\"ES\">Haber estado cesante durante todo el mes anterior al inicio del nuevo contrato de trabajo.<\/span><\/p>\n<p style=\"text-align: justify;\"><span lang=\"ES\">\u00b7\u00a0\u00a0\u00a0\u00a0\u00a0\u00a0\u00a0\u00a0\u00a0<\/span><span lang=\"ES\">Tambi\u00e9n son beneficiarios, los trabajadores que estaban recibiendo el Subsidio al Nuevo Empleo.<\/span><\/p>\n<p style=\"text-align: justify;\"><span lang=\"ES\">\u00b7\u00a0\u00a0\u00a0\u00a0\u00a0\u00a0\u00a0\u00a0\u00a0<\/span><span lang=\"ES\">Postulaciones:\u00a0<a href=\"http:\/\/www.subsidioalempleo.cl\/\" target=\"_blank\" rel=\"noopener noreferrer\">www.subsidioalempleo.cl<\/a>.<\/span><\/p>\n<p style=\"text-align: justify;\"><span lang=\"ES\">\u00a0<\/span><b><u><span lang=\"ES\">Programa Becas Fondo Cesant\u00eda Solidario<\/span><\/u><\/b><b><span lang=\"ES\">:\u00a0<\/span><\/b><span lang=\"ES\">su prop\u00f3sito es apoyar mediante capacitaci\u00f3n a personas cesantes, beneficiarias del Fondo de Cesant\u00eda Solidario, mejorando sus competencias de modo de posibilitar su acceso a un trabajo dependiente o independiente de calidad. En nuestra Regi\u00f3n de Ays\u00e9n se dictar\u00e1 el curso de \u00abEncargado de limpieza y sanitizaci\u00f3n\u00bb, en Puerto Ays\u00e9n, con 25 cupos. Los requisitos para postular son:<\/span><\/p>\n<p style=\"text-align: justify;\"><span lang=\"ES\">\u00b7\u00a0\u00a0\u00a0\u00a0\u00a0\u00a0\u00a0\u00a0\u00a0<\/span><span lang=\"ES\">Mujeres y hombres que sean beneficiarios\/as activos\/as del Fondo de Cesant\u00eda Solidario en el momento de la postulaci\u00f3n y que se encuentren inscritos en la Bolsa Nacional de Empleo, BNE.<\/span><\/p>\n<p style=\"text-align: justify;\"><span lang=\"ES\">\u00b7\u00a0\u00a0\u00a0\u00a0\u00a0\u00a0\u00a0\u00a0\u00a0<\/span><span lang=\"ES\">La validaci\u00f3n de requisitos es en l\u00ednea, en caso de que su postulaci\u00f3n sea rechazada, debe comunicarse con el Encargado Regional.<\/span><\/p>\n<p style=\"text-align: justify;\"><span lang=\"ES\">\u00b7\u00a0\u00a0\u00a0\u00a0\u00a0\u00a0\u00a0\u00a0\u00a0<\/span><span lang=\"ES\">Debe tener su Clave \u00danica activa.<\/span><\/p>\n<div dir=\"ltr\" style=\"text-align: justify;\"><span lang=\"ES\">\u00b7\u00a0\u00a0\u00a0\u00a0\u00a0\u00a0\u00a0\u00a0\u00a0<\/span><span lang=\"ES\">Postulaciones:\u00a0<a href=\"https:\/\/eligemejor.sence.cl\/\" target=\"_blank\" rel=\"noopener noreferrer\">https:\/\/eligemejor.sence.cl<\/a>.<\/span><\/div>\n<\/div><\/section><\/div><div  style='height:50px' class='hr hr-invisible   avia-builder-el-6  el_after_av_one_full  el_before_av_social_share '><span class='hr-inner ' ><span class='hr-inner-style'><\/span><\/span><\/div><\/p>\n<div  class='av-social-sharing-box  avia-builder-el-7  el_after_av_hr  el_before_av_hr  '><div class='av-share-box'><h5 class='av-share-link-description av-no-toc '>Compartir esta noticia<\/h5><ul class='av-share-box-list noLightbox'><li class='av-share-link av-social-link-facebook' ><a target=\"_blank\" aria-label=\"Compartir en Facebook\" href='https:\/\/www.facebook.com\/sharer.php?u=https:\/\/radiorevelacionfm.cl\/?p=9710&#038;t=Presentan%20oferta%20de%20capacitaci%C3%B3n%20para%20apoyar%20a%20emprendedores%20y%20mejorar%20la%20empleabilidad%20de%20trabajadores%2Fas' aria-hidden='false' data-av_icon='\ue8f3' data-av_iconfont='entypo-fontello' title='' data-avia-related-tooltip='Compartir en Facebook' rel=\"noopener\"><span class='avia_hidden_link_text'>Compartir en Facebook<\/span><\/a><\/li><li class='av-share-link av-social-link-twitter' ><a target=\"_blank\" aria-label=\"Compartir en Twitter\" href='https:\/\/twitter.com\/share?text=Presentan%20oferta%20de%20capacitaci%C3%B3n%20para%20apoyar%20a%20emprendedores%20y%20mejorar%20la%20empleabilidad%20de%20trabajadores%2Fas&#038;url=https:\/\/radiorevelacionfm.cl\/?p=9710' aria-hidden='false' data-av_icon='\ue8f1' data-av_iconfont='entypo-fontello' title='' data-avia-related-tooltip='Compartir en Twitter' rel=\"noopener\"><span class='avia_hidden_link_text'>Compartir en Twitter<\/span><\/a><\/li><li class='av-share-link av-social-link-whatsapp' ><a target=\"_blank\" aria-label=\"Compartir en Whatsapp\" href='https:\/\/api.whatsapp.com\/send?text=https:\/\/radiorevelacionfm.cl\/?p=9710' aria-hidden='false' data-av_icon='\uf232' data-av_iconfont='entypo-fontello' title='' data-avia-related-tooltip='Compartir en Whatsapp' rel=\"noopener\"><span class='avia_hidden_link_text'>Compartir en Whatsapp<\/span><\/a><\/li><li class='av-share-link av-social-link-linkedin' ><a target=\"_blank\" aria-label=\"Compartir en LinkedIn\" href='https:\/\/linkedin.com\/shareArticle?mini=true&#038;title=Presentan%20oferta%20de%20capacitaci%C3%B3n%20para%20apoyar%20a%20emprendedores%20y%20mejorar%20la%20empleabilidad%20de%20trabajadores%2Fas&#038;url=https:\/\/radiorevelacionfm.cl\/?p=9710' aria-hidden='false' data-av_icon='\ue8fc' data-av_iconfont='entypo-fontello' title='' data-avia-related-tooltip='Compartir en LinkedIn' rel=\"noopener\"><span class='avia_hidden_link_text'>Compartir en LinkedIn<\/span><\/a><\/li><li class='av-share-link av-social-link-mail' ><a  aria-label=\"Compartir por correo\" href='mailto:?subject=Presentan%20oferta%20de%20capacitaci%C3%B3n%20para%20apoyar%20a%20emprendedores%20y%20mejorar%20la%20empleabilidad%20de%20trabajadores%2Fas&#038;body=https:\/\/radiorevelacionfm.cl\/?p=9710' aria-hidden='false' data-av_icon='\ue805' data-av_iconfont='entypo-fontello' title='' data-avia-related-tooltip='Compartir por correo'><span class='avia_hidden_link_text'>Compartir por correo<\/span><\/a><\/li><\/ul><\/div><\/div>\n<div  style='height:50px' class='hr hr-invisible   avia-builder-el-8  el_after_av_social_share  el_before_av_comments_list '><span class='hr-inner ' ><span class='hr-inner-style'><\/span><\/span><\/div>\n<div  class='av-buildercomment  av-blog-meta-html-info-disabled av-blog-meta-tag-disabled  '><\/div>\n","protected":false},"excerpt":{"rendered":"","protected":false},"author":1,"featured_media":9711,"comment_status":"open","ping_status":"open","sticky":false,"template":"","format":"standard","meta":{"footnotes":""},"categories":[56],"tags":[],"class_list":["post-9710","post","type-post","status-publish","format-standard","has-post-thumbnail","hentry","category-trabajo"],"jetpack_featured_media_url":"https:\/\/radiorevelacionfm.cl\/wp-content\/uploads\/2021\/10\/Sence_OfertaProgramatica1-1-1.jpg","_links":{"self":[{"href":"https:\/\/radiorevelacionfm.cl\/index.php?rest_route=\/wp\/v2\/posts\/9710","targetHints":{"allow":["GET"]}}],"collection":[{"href":"https:\/\/radiorevelacionfm.cl\/index.php?rest_route=\/wp\/v2\/posts"}],"about":[{"href":"https:\/\/radiorevelacionfm.cl\/index.php?rest_route=\/wp\/v2\/types\/post"}],"author":[{"embeddable":true,"href":"https:\/\/radiorevelacionfm.cl\/index.php?rest_route=\/wp\/v2\/users\/1"}],"replies":[{"embeddable":true,"href":"https:\/\/radiorevelacionfm.cl\/index.php?rest_route=%2Fwp%2Fv2%2Fcomments&post=9710"}],"version-history":[{"count":1,"href":"https:\/\/radiorevelacionfm.cl\/index.php?rest_route=\/wp\/v2\/posts\/9710\/revisions"}],"predecessor-version":[{"id":9712,"href":"https:\/\/radiorevelacionfm.cl\/index.php?rest_route=\/wp\/v2\/posts\/9710\/revisions\/9712"}],"wp:featuredmedia":[{"embeddable":true,"href":"https:\/\/radiorevelacionfm.cl\/index.php?rest_route=\/wp\/v2\/media\/9711"}],"wp:attachment":[{"href":"https:\/\/radiorevelacionfm.cl\/index.php?rest_route=%2Fwp%2Fv2%2Fmedia&parent=9710"}],"wp:term":[{"taxonomy":"category","embeddable":true,"href":"https:\/\/radiorevelacionfm.cl\/index.php?rest_route=%2Fwp%2Fv2%2Fcategories&post=9710"},{"taxonomy":"post_tag","embeddable":true,"href":"https:\/\/radiorevelacionfm.cl\/index.php?rest_route=%2Fwp%2Fv2%2Ftags&post=9710"}],"curies":[{"name":"wp","href":"https:\/\/api.w.org\/{rel}","templated":true}]}}