{"id":9700,"date":"2021-10-17T12:39:54","date_gmt":"2021-10-17T15:39:54","guid":{"rendered":"https:\/\/radiorevelacionfm.cl\/?p=9700"},"modified":"2021-10-17T12:44:42","modified_gmt":"2021-10-17T15:44:42","slug":"con-diversas-actividades-liceo-de-manihuales-festejo-59-anos-al-servicio-de-la-educacion","status":"publish","type":"post","link":"https:\/\/radiorevelacionfm.cl\/?p=9700","title":{"rendered":"Con diversas actividades Liceo de Ma\u00f1ihuales festej\u00f3 59 a\u00f1os al servicio de la educaci\u00f3n"},"content":{"rendered":"<div class=\"flex_column av_one_full  flex_column_div av-zero-column-padding first  avia-builder-el-0  el_before_av_one_full  avia-builder-el-first  \" style='border-radius:0px; '><div  class='avia-image-container  av-styling-    avia-builder-el-1  avia-builder-el-no-sibling  avia-align-center '  itemprop=\"image\" itemscope=\"itemscope\" itemtype=\"https:\/\/schema.org\/ImageObject\"  ><div class='avia-image-container-inner'><div class='avia-image-overlay-wrap'><img decoding=\"async\" class='wp-image-9703 avia-img-lazy-loading-not-9703 avia_image' src=\"https:\/\/radiorevelacionfm.cl\/wp-content\/uploads\/2021\/10\/liceo-5-1_optimized.jpg\" alt='' title='liceo-5-(1)_optimized' height=\"600\" width=\"800\"  itemprop=\"thumbnailUrl\" srcset=\"https:\/\/radiorevelacionfm.cl\/wp-content\/uploads\/2021\/10\/liceo-5-1_optimized.jpg 800w, https:\/\/radiorevelacionfm.cl\/wp-content\/uploads\/2021\/10\/liceo-5-1_optimized-300x225.jpg 300w, https:\/\/radiorevelacionfm.cl\/wp-content\/uploads\/2021\/10\/liceo-5-1_optimized-768x576.jpg 768w, https:\/\/radiorevelacionfm.cl\/wp-content\/uploads\/2021\/10\/liceo-5-1_optimized-705x529.jpg 705w, https:\/\/radiorevelacionfm.cl\/wp-content\/uploads\/2021\/10\/liceo-5-1_optimized-600x450.jpg 600w\" sizes=\"(max-width: 800px) 100vw, 800px\" \/><\/div><\/div><\/div><\/div><div class=\"flex_column av_one_full  flex_column_div av-zero-column-padding first  avia-builder-el-2  el_after_av_one_full  el_before_av_one_full  column-top-margin\" style='border-radius:0px; '><section class=\"av_textblock_section \"  itemscope=\"itemscope\" itemtype=\"https:\/\/schema.org\/BlogPosting\" itemprop=\"blogPost\" ><div class='avia_textblock  '   itemprop=\"text\" ><p style=\"text-align: center;\"><strong><span style=\"font-size: 18pt;\">Con diversas actividades Liceo de Ma\u00f1ihuales festej\u00f3 59 a\u00f1os al servicio de la educaci\u00f3n<\/span><\/strong><\/p>\n<div id=\"gtx-trans\" style=\"position: absolute; left: -50px; top: 4.31534px;\">\n<div class=\"gtx-trans-icon\"><\/div>\n<\/div>\n<\/div><\/section><\/div><\/p>\n<div class=\"flex_column av_one_full  flex_column_div av-zero-column-padding first  avia-builder-el-4  el_after_av_one_full  el_before_av_hr  column-top-margin\" style='border-radius:0px; '><section class=\"av_textblock_section \"  itemscope=\"itemscope\" itemtype=\"https:\/\/schema.org\/BlogPosting\" itemprop=\"blogPost\" ><div class='avia_textblock  '   itemprop=\"text\" ><p style=\"text-align: justify;\">Conmemoran los 59 a\u00f1os de existencia del Liceo Ma\u00f1ihuales, establecimiento que se encuentra inserto en la carretera Austral en la localidad de Villa Ma\u00f1ihuales y fue fundado el 15 de octubre de 1962, con cursos combinados de primero a sexto a\u00f1o.<\/p>\n<p style=\"text-align: justify;\">Desde el a\u00f1o 2016 se convirti\u00f3 en Liceo, en la actualidad imparte ense\u00f1anza desde los niveles de transici\u00f3n 1 y 2 hasta 4\u00ba Medio cient\u00edfico humanista y carrera t\u00e9cnica en explotaci\u00f3n minera, siendo el \u00fanico establecimiento en la regi\u00f3n que tiene esta opci\u00f3n.<\/p>\n<p style=\"text-align: justify;\">En cuanto a las actividades, el martes 12 de octubre se dio inicio a las actividades en horarios diferidos para los m\u00e1s peque\u00f1os desde transici\u00f3n 1 y 2 hasta los primeros b\u00e1sicos, mientras que de segundo a b\u00e1sico a cuarto medio ten\u00edan otro horario con competencias acorde a sus edades. Tres fueron las alianzas que se presentaron \u201cAlianza Negra\u201d la cual representaba a un sector caracter\u00edstico de la localidad como es el sector el turbio, la \u201cAlianza Azul\u201d representaba al cerro el Colmillo y la \u201cAlianza Roja\u201d que defend\u00eda el nombre de la laguna La Esponja, resultando ganadora por estrecho margen la \u201cAlianza Negra\u201d.<\/p>\n<p style=\"text-align: justify;\">La directora del Liceo Ma\u00f1ihuales, Sandra Rubilar, se mostr\u00f3 contenta por la participaci\u00f3n durante esta intensa semana, \u201cagradecer al equipo de convivencia escolar, el equipo de PIE, al departamento de educaci\u00f3n f\u00edsica quienes hicieron posible que esta organizaci\u00f3n sea productiva, optima y sobre todo entretenida, los estudiantes participaron en diversas actividades formativas, recreativas en donde ellos sintieron la posibilidad de trabajar en equipo, de compartir, de sentirse bien\u201d.<\/p>\n<p style=\"text-align: justify;\">Adem\u00e1s la directora del establecimiento record\u00f3 que el a\u00f1o pasado producto de la pandemia, el festejo fue distinto, \u201cel a\u00f1o pasado fue una aniversario muy lejano, se tuvo hacer v\u00eda remota por las redes sociales, si bien fue bonito, pero no tan cercano como este, donde se pudo realizar en equipo. Eso quiere decir que d\u00eda a d\u00eda vamos mejorando y con la capacidad de trabajar en comunidad, vincul\u00e1ndonos con nuestros estudiantes y apoderados siempre con el respaldo de los equipos que tenemos en los distintos estamentos, fue una semana muy bonita, muy significativa\u201d.<\/p>\n<p style=\"text-align: justify;\">Las actividades fueron transmitidas v\u00eda streaming por redes sociales a los apoderados quienes desde su casa pudieron por Facebook live o YouTube ver las competencias, ya que por los resguardos no pudieron ingresar al establecimiento.<\/p>\n<p style=\"text-align: justify;\">El aniversario del Liceo, finaliz\u00f3 con una intervenci\u00f3n urbana, siendo escoltados por Carabineros del Ret\u00e9n Ma\u00f1ihuales, recorriendo el sector plaza a caballo y con vestimentas t\u00edpicas de la zona, convirti\u00e9ndose en un verdadero carnaval.<\/p>\n<p style=\"text-align: justify;\">El Liceo Ma\u00f1ihuales ha asumido el compromiso de innovar en el desarrollo de\u00a0las capacidades cognitivas, afectivas, sociales y f\u00edsicas de los estudiantes, entregando una educaci\u00f3n integral de calidad, de sana convivencia escolar, de respeto al medio ambiente. Poniendo a disposici\u00f3n para ello un equipo de profesionales de la educaci\u00f3n, profesionales de apoyo y asistentes, conformado por personas id\u00f3neas, con el fin de innovar y facilitar el desarrollo personal, intelectual, afectivo, social y f\u00edsico de todos los estudiantes\u00a0 para que alcancen los m\u00e1s altos logros estudiantiles, con un claro sentido de identidad y pertenencia centrado en la formaci\u00f3n val\u00f3rica, que les permita adquirir las herramientas necesarias para enfrentar con \u00e9xito la continuidad de sus estudios y responder a las necesidades y desaf\u00edos de esta sociedad en constante cambio.<\/p>\n<\/div><\/section><\/div>\n<div  style='height:50px' class='hr hr-invisible   avia-builder-el-6  el_after_av_one_full  el_before_av_social_share '><span class='hr-inner ' ><span class='hr-inner-style'><\/span><\/span><\/div>\n<div  class='av-social-sharing-box  avia-builder-el-7  el_after_av_hr  el_before_av_hr  '><div class='av-share-box'><h5 class='av-share-link-description av-no-toc '>Compartir esta noticia<\/h5><ul class='av-share-box-list noLightbox'><li class='av-share-link av-social-link-facebook' ><a target=\"_blank\" aria-label=\"Compartir en Facebook\" href='https:\/\/www.facebook.com\/sharer.php?u=https:\/\/radiorevelacionfm.cl\/?p=9700&#038;t=Con%20diversas%20actividades%20Liceo%20de%20Ma%C3%B1ihuales%20festej%C3%B3%2059%20a%C3%B1os%20al%20servicio%20de%20la%20educaci%C3%B3n' aria-hidden='false' data-av_icon='\ue8f3' data-av_iconfont='entypo-fontello' title='' data-avia-related-tooltip='Compartir en Facebook' rel=\"noopener\"><span class='avia_hidden_link_text'>Compartir en Facebook<\/span><\/a><\/li><li class='av-share-link av-social-link-twitter' ><a target=\"_blank\" aria-label=\"Compartir en Twitter\" href='https:\/\/twitter.com\/share?text=Con%20diversas%20actividades%20Liceo%20de%20Ma%C3%B1ihuales%20festej%C3%B3%2059%20a%C3%B1os%20al%20servicio%20de%20la%20educaci%C3%B3n&#038;url=https:\/\/radiorevelacionfm.cl\/?p=9700' aria-hidden='false' data-av_icon='\ue8f1' data-av_iconfont='entypo-fontello' title='' data-avia-related-tooltip='Compartir en Twitter' rel=\"noopener\"><span class='avia_hidden_link_text'>Compartir en Twitter<\/span><\/a><\/li><li class='av-share-link av-social-link-whatsapp' ><a target=\"_blank\" aria-label=\"Compartir en Whatsapp\" href='https:\/\/api.whatsapp.com\/send?text=https:\/\/radiorevelacionfm.cl\/?p=9700' aria-hidden='false' data-av_icon='\uf232' data-av_iconfont='entypo-fontello' title='' data-avia-related-tooltip='Compartir en Whatsapp' rel=\"noopener\"><span class='avia_hidden_link_text'>Compartir en Whatsapp<\/span><\/a><\/li><li class='av-share-link av-social-link-linkedin' ><a target=\"_blank\" aria-label=\"Compartir en LinkedIn\" href='https:\/\/linkedin.com\/shareArticle?mini=true&#038;title=Con%20diversas%20actividades%20Liceo%20de%20Ma%C3%B1ihuales%20festej%C3%B3%2059%20a%C3%B1os%20al%20servicio%20de%20la%20educaci%C3%B3n&#038;url=https:\/\/radiorevelacionfm.cl\/?p=9700' aria-hidden='false' data-av_icon='\ue8fc' data-av_iconfont='entypo-fontello' title='' data-avia-related-tooltip='Compartir en LinkedIn' rel=\"noopener\"><span class='avia_hidden_link_text'>Compartir en LinkedIn<\/span><\/a><\/li><li class='av-share-link av-social-link-mail' ><a  aria-label=\"Compartir por correo\" href='mailto:?subject=Con%20diversas%20actividades%20Liceo%20de%20Ma%C3%B1ihuales%20festej%C3%B3%2059%20a%C3%B1os%20al%20servicio%20de%20la%20educaci%C3%B3n&#038;body=https:\/\/radiorevelacionfm.cl\/?p=9700' aria-hidden='false' data-av_icon='\ue805' data-av_iconfont='entypo-fontello' title='' data-avia-related-tooltip='Compartir por correo'><span class='avia_hidden_link_text'>Compartir por correo<\/span><\/a><\/li><\/ul><\/div><\/div>\n<div  style='height:50px' class='hr hr-invisible   avia-builder-el-8  el_after_av_social_share  el_before_av_comments_list '><span class='hr-inner ' ><span class='hr-inner-style'><\/span><\/span><\/div>\n<div  class='av-buildercomment  av-blog-meta-html-info-disabled av-blog-meta-tag-disabled  '><\/div>\n","protected":false},"excerpt":{"rendered":"","protected":false},"author":1,"featured_media":9703,"comment_status":"open","ping_status":"open","sticky":false,"template":"","format":"standard","meta":{"footnotes":""},"categories":[49],"tags":[],"class_list":["post-9700","post","type-post","status-publish","format-standard","has-post-thumbnail","hentry","category-educacion"],"jetpack_featured_media_url":"https:\/\/radiorevelacionfm.cl\/wp-content\/uploads\/2021\/10\/liceo-5-1_optimized.jpg","_links":{"self":[{"href":"https:\/\/radiorevelacionfm.cl\/index.php?rest_route=\/wp\/v2\/posts\/9700","targetHints":{"allow":["GET"]}}],"collection":[{"href":"https:\/\/radiorevelacionfm.cl\/index.php?rest_route=\/wp\/v2\/posts"}],"about":[{"href":"https:\/\/radiorevelacionfm.cl\/index.php?rest_route=\/wp\/v2\/types\/post"}],"author":[{"embeddable":true,"href":"https:\/\/radiorevelacionfm.cl\/index.php?rest_route=\/wp\/v2\/users\/1"}],"replies":[{"embeddable":true,"href":"https:\/\/radiorevelacionfm.cl\/index.php?rest_route=%2Fwp%2Fv2%2Fcomments&post=9700"}],"version-history":[{"count":2,"href":"https:\/\/radiorevelacionfm.cl\/index.php?rest_route=\/wp\/v2\/posts\/9700\/revisions"}],"predecessor-version":[{"id":9704,"href":"https:\/\/radiorevelacionfm.cl\/index.php?rest_route=\/wp\/v2\/posts\/9700\/revisions\/9704"}],"wp:featuredmedia":[{"embeddable":true,"href":"https:\/\/radiorevelacionfm.cl\/index.php?rest_route=\/wp\/v2\/media\/9703"}],"wp:attachment":[{"href":"https:\/\/radiorevelacionfm.cl\/index.php?rest_route=%2Fwp%2Fv2%2Fmedia&parent=9700"}],"wp:term":[{"taxonomy":"category","embeddable":true,"href":"https:\/\/radiorevelacionfm.cl\/index.php?rest_route=%2Fwp%2Fv2%2Fcategories&post=9700"},{"taxonomy":"post_tag","embeddable":true,"href":"https:\/\/radiorevelacionfm.cl\/index.php?rest_route=%2Fwp%2Fv2%2Ftags&post=9700"}],"curies":[{"name":"wp","href":"https:\/\/api.w.org\/{rel}","templated":true}]}}