{"id":9697,"date":"2021-10-16T20:06:26","date_gmt":"2021-10-16T23:06:26","guid":{"rendered":"https:\/\/radiorevelacionfm.cl\/?p=9697"},"modified":"2021-10-16T20:06:26","modified_gmt":"2021-10-16T23:06:26","slug":"autoridad-maritima-incauta-9-toneladas-de-salmon-robado-en-aysen","status":"publish","type":"post","link":"https:\/\/radiorevelacionfm.cl\/?p=9697","title":{"rendered":"Autoridad Mar\u00edtima incauta 9 toneladas de salm\u00f3n robado en Ays\u00e9n"},"content":{"rendered":"<div class=\"flex_column av_one_full  flex_column_div av-zero-column-padding first  avia-builder-el-0  el_before_av_one_full  avia-builder-el-first  \" style='border-radius:0px; '><div  class='avia-image-container  av-styling-    avia-builder-el-1  avia-builder-el-no-sibling  avia-align-center '  itemprop=\"image\" itemscope=\"itemscope\" itemtype=\"https:\/\/schema.org\/ImageObject\"  ><div class='avia-image-container-inner'><div class='avia-image-overlay-wrap'><img decoding=\"async\" class='wp-image-9698 avia-img-lazy-loading-not-9698 avia_image' src=\"https:\/\/radiorevelacionfm.cl\/wp-content\/uploads\/2021\/10\/salar-1-1-1.jpg\" alt='' title='salar-1 (1) (1)' height=\"600\" width=\"800\"  itemprop=\"thumbnailUrl\" srcset=\"https:\/\/radiorevelacionfm.cl\/wp-content\/uploads\/2021\/10\/salar-1-1-1.jpg 800w, https:\/\/radiorevelacionfm.cl\/wp-content\/uploads\/2021\/10\/salar-1-1-1-300x225.jpg 300w, https:\/\/radiorevelacionfm.cl\/wp-content\/uploads\/2021\/10\/salar-1-1-1-768x576.jpg 768w, https:\/\/radiorevelacionfm.cl\/wp-content\/uploads\/2021\/10\/salar-1-1-1-705x529.jpg 705w, https:\/\/radiorevelacionfm.cl\/wp-content\/uploads\/2021\/10\/salar-1-1-1-600x450.jpg 600w\" sizes=\"(max-width: 800px) 100vw, 800px\" \/><\/div><\/div><\/div><\/div><div class=\"flex_column av_one_full  flex_column_div av-zero-column-padding first  avia-builder-el-2  el_after_av_one_full  el_before_av_one_full  column-top-margin\" style='border-radius:0px; '><section class=\"av_textblock_section \"  itemscope=\"itemscope\" itemtype=\"https:\/\/schema.org\/BlogPosting\" itemprop=\"blogPost\" ><div class='avia_textblock  '   itemprop=\"text\" ><p style=\"text-align: center;\"><strong><span style=\"font-size: 18pt;\">Autoridad Mar\u00edtima incauta 9 toneladas de salm\u00f3n robado en Ays\u00e9n<\/span><\/strong><\/p>\n<div id=\"gtx-trans\" style=\"position: absolute; left: -50px; top: 4.31534px;\">\n<div class=\"gtx-trans-icon\"><\/div>\n<\/div>\n<\/div><\/section><\/div><div class=\"flex_column av_one_full  flex_column_div av-zero-column-padding first  avia-builder-el-4  el_after_av_one_full  el_before_av_hr  column-top-margin\" style='border-radius:0px; '><section class=\"av_textblock_section \"  itemscope=\"itemscope\" itemtype=\"https:\/\/schema.org\/BlogPosting\" itemprop=\"blogPost\" ><div class='avia_textblock  '   itemprop=\"text\" ><p style=\"text-align: justify;\">En el marco de una alerta de robo de salmones en la jurisdicci\u00f3n de Ays\u00e9n, la Capitan\u00eda de Puerto de Quell\u00f3n, efectu\u00f3 patrullajes preventivos el fin de semana largo, a fin de controlar eventuales desembarcos del producto sustra\u00eddo, en sectores alejados de la ciudad.<\/p>\n<p style=\"text-align: justify;\">Respecto a este nuevo procedimiento, el capit\u00e1n de Puerto de Quell\u00f3n, capit\u00e1n de Corbeta Litoral Ricardo Henr\u00edquez, coment\u00f3 que \u201cproducto de lo anterior, personal de la Polic\u00eda Mar\u00edtima detect\u00f3 a un grupo de individuos desembarcando salm\u00f3n en un lugar no habilitado y alejado de la comuna, por lo que se comprob\u00f3 la consecuci\u00f3n del delito, efectuando un procedimiento por receptaci\u00f3n de especies.\u201d<\/p>\n<p style=\"text-align: justify;\">El oficial de la Armada agreg\u00f3 v\u00eda comunicado de prensa que \u201cse logr\u00f3 adem\u00e1s detener a dos personas, la incautaci\u00f3n de una camioneta Nissan NP-300, un furg\u00f3n Peugeot Boxer, una nave menor sin nombre, ni matr\u00edcula y el total de 9.028 kilogramos de Salm\u00f3n Salar, especie con un aval\u00fao aproximado de sesenta millones de pesos\u201d.<\/p>\n<p style=\"text-align: justify;\">Dada las condiciones geogr\u00e1ficas del \u00e1rea de operaci\u00f3n, el procedimiento se extendi\u00f3 por m\u00e1s de catorce horas, informaron desde la Autoridad Mar\u00edtima.<\/p>\n<p style=\"text-align: justify;\">Finalmente, Henr\u00edquez recalc\u00f3 que este tipo de fiscalizaciones \u201cse mantendr\u00e1n en la jurisdicci\u00f3n, ya que responden al \u00e1rea de misi\u00f3n de seguridad e intereses territoriales de la Armada\u201d.<\/p>\n<\/div><\/section><\/div><div  style='height:50px' class='hr hr-invisible   avia-builder-el-6  el_after_av_one_full  el_before_av_social_share '><span class='hr-inner ' ><span class='hr-inner-style'><\/span><\/span><\/div><\/p>\n<div  class='av-social-sharing-box  avia-builder-el-7  el_after_av_hr  el_before_av_hr  '><div class='av-share-box'><h5 class='av-share-link-description av-no-toc '>Compartir esta noticia<\/h5><ul class='av-share-box-list noLightbox'><li class='av-share-link av-social-link-facebook' ><a target=\"_blank\" aria-label=\"Compartir en Facebook\" href='https:\/\/www.facebook.com\/sharer.php?u=https:\/\/radiorevelacionfm.cl\/?p=9697&#038;t=Autoridad%20Mar%C3%ADtima%20incauta%209%20toneladas%20de%20salm%C3%B3n%20robado%20en%20Ays%C3%A9n' aria-hidden='false' data-av_icon='\ue8f3' data-av_iconfont='entypo-fontello' title='' data-avia-related-tooltip='Compartir en Facebook' rel=\"noopener\"><span class='avia_hidden_link_text'>Compartir en Facebook<\/span><\/a><\/li><li class='av-share-link av-social-link-twitter' ><a target=\"_blank\" aria-label=\"Compartir en Twitter\" href='https:\/\/twitter.com\/share?text=Autoridad%20Mar%C3%ADtima%20incauta%209%20toneladas%20de%20salm%C3%B3n%20robado%20en%20Ays%C3%A9n&#038;url=https:\/\/radiorevelacionfm.cl\/?p=9697' aria-hidden='false' data-av_icon='\ue8f1' data-av_iconfont='entypo-fontello' title='' data-avia-related-tooltip='Compartir en Twitter' rel=\"noopener\"><span class='avia_hidden_link_text'>Compartir en Twitter<\/span><\/a><\/li><li class='av-share-link av-social-link-whatsapp' ><a target=\"_blank\" aria-label=\"Compartir en Whatsapp\" href='https:\/\/api.whatsapp.com\/send?text=https:\/\/radiorevelacionfm.cl\/?p=9697' aria-hidden='false' data-av_icon='\uf232' data-av_iconfont='entypo-fontello' title='' data-avia-related-tooltip='Compartir en Whatsapp' rel=\"noopener\"><span class='avia_hidden_link_text'>Compartir en Whatsapp<\/span><\/a><\/li><li class='av-share-link av-social-link-linkedin' ><a target=\"_blank\" aria-label=\"Compartir en LinkedIn\" href='https:\/\/linkedin.com\/shareArticle?mini=true&#038;title=Autoridad%20Mar%C3%ADtima%20incauta%209%20toneladas%20de%20salm%C3%B3n%20robado%20en%20Ays%C3%A9n&#038;url=https:\/\/radiorevelacionfm.cl\/?p=9697' aria-hidden='false' data-av_icon='\ue8fc' data-av_iconfont='entypo-fontello' title='' data-avia-related-tooltip='Compartir en LinkedIn' rel=\"noopener\"><span class='avia_hidden_link_text'>Compartir en LinkedIn<\/span><\/a><\/li><li class='av-share-link av-social-link-mail' ><a  aria-label=\"Compartir por correo\" href='mailto:?subject=Autoridad%20Mar%C3%ADtima%20incauta%209%20toneladas%20de%20salm%C3%B3n%20robado%20en%20Ays%C3%A9n&#038;body=https:\/\/radiorevelacionfm.cl\/?p=9697' aria-hidden='false' data-av_icon='\ue805' data-av_iconfont='entypo-fontello' title='' data-avia-related-tooltip='Compartir por correo'><span class='avia_hidden_link_text'>Compartir por correo<\/span><\/a><\/li><\/ul><\/div><\/div>\n<div  style='height:50px' class='hr hr-invisible   avia-builder-el-8  el_after_av_social_share  el_before_av_comments_list '><span class='hr-inner ' ><span class='hr-inner-style'><\/span><\/span><\/div>\n<div  class='av-buildercomment  av-blog-meta-html-info-disabled av-blog-meta-tag-disabled  '><\/div>\n","protected":false},"excerpt":{"rendered":"","protected":false},"author":1,"featured_media":9698,"comment_status":"open","ping_status":"open","sticky":false,"template":"","format":"standard","meta":{"footnotes":""},"categories":[38],"tags":[],"class_list":["post-9697","post","type-post","status-publish","format-standard","has-post-thumbnail","hentry","category-regional"],"jetpack_featured_media_url":"https:\/\/radiorevelacionfm.cl\/wp-content\/uploads\/2021\/10\/salar-1-1-1.jpg","_links":{"self":[{"href":"https:\/\/radiorevelacionfm.cl\/index.php?rest_route=\/wp\/v2\/posts\/9697","targetHints":{"allow":["GET"]}}],"collection":[{"href":"https:\/\/radiorevelacionfm.cl\/index.php?rest_route=\/wp\/v2\/posts"}],"about":[{"href":"https:\/\/radiorevelacionfm.cl\/index.php?rest_route=\/wp\/v2\/types\/post"}],"author":[{"embeddable":true,"href":"https:\/\/radiorevelacionfm.cl\/index.php?rest_route=\/wp\/v2\/users\/1"}],"replies":[{"embeddable":true,"href":"https:\/\/radiorevelacionfm.cl\/index.php?rest_route=%2Fwp%2Fv2%2Fcomments&post=9697"}],"version-history":[{"count":1,"href":"https:\/\/radiorevelacionfm.cl\/index.php?rest_route=\/wp\/v2\/posts\/9697\/revisions"}],"predecessor-version":[{"id":9699,"href":"https:\/\/radiorevelacionfm.cl\/index.php?rest_route=\/wp\/v2\/posts\/9697\/revisions\/9699"}],"wp:featuredmedia":[{"embeddable":true,"href":"https:\/\/radiorevelacionfm.cl\/index.php?rest_route=\/wp\/v2\/media\/9698"}],"wp:attachment":[{"href":"https:\/\/radiorevelacionfm.cl\/index.php?rest_route=%2Fwp%2Fv2%2Fmedia&parent=9697"}],"wp:term":[{"taxonomy":"category","embeddable":true,"href":"https:\/\/radiorevelacionfm.cl\/index.php?rest_route=%2Fwp%2Fv2%2Fcategories&post=9697"},{"taxonomy":"post_tag","embeddable":true,"href":"https:\/\/radiorevelacionfm.cl\/index.php?rest_route=%2Fwp%2Fv2%2Ftags&post=9697"}],"curies":[{"name":"wp","href":"https:\/\/api.w.org\/{rel}","templated":true}]}}