{"id":9691,"date":"2021-10-16T14:37:21","date_gmt":"2021-10-16T17:37:21","guid":{"rendered":"https:\/\/radiorevelacionfm.cl\/?p=9691"},"modified":"2021-10-16T14:37:21","modified_gmt":"2021-10-16T17:37:21","slug":"estudiantes-de-cisnes-realizan-visita-pedagogica-a-piscicultura-magdalena-de-aquachile","status":"publish","type":"post","link":"https:\/\/radiorevelacionfm.cl\/?p=9691","title":{"rendered":"Estudiantes de Cisnes realizan visita pedag\u00f3gica a piscicultura Magdalena de AquaChile"},"content":{"rendered":"<div class=\"flex_column av_one_full  flex_column_div av-zero-column-padding first  avia-builder-el-0  el_before_av_one_full  avia-builder-el-first  \" style='border-radius:0px; '><div  class='avia-image-container  av-styling-    avia-builder-el-1  avia-builder-el-no-sibling  avia-align-center '  itemprop=\"image\" itemscope=\"itemscope\" itemtype=\"https:\/\/schema.org\/ImageObject\"  ><div class='avia-image-container-inner'><div class='avia-image-overlay-wrap'><img decoding=\"async\" class='wp-image-9692 avia-img-lazy-loading-not-9692 avia_image' src=\"https:\/\/radiorevelacionfm.cl\/wp-content\/uploads\/2021\/10\/AquaChile-768x600-1-1.jpeg\" alt='' title='AquaChile-768x600 (1) (1)' height=\"600\" width=\"846\"  itemprop=\"thumbnailUrl\" srcset=\"https:\/\/radiorevelacionfm.cl\/wp-content\/uploads\/2021\/10\/AquaChile-768x600-1-1.jpeg 846w, https:\/\/radiorevelacionfm.cl\/wp-content\/uploads\/2021\/10\/AquaChile-768x600-1-1-300x213.jpeg 300w, https:\/\/radiorevelacionfm.cl\/wp-content\/uploads\/2021\/10\/AquaChile-768x600-1-1-768x545.jpeg 768w, https:\/\/radiorevelacionfm.cl\/wp-content\/uploads\/2021\/10\/AquaChile-768x600-1-1-260x185.jpeg 260w, https:\/\/radiorevelacionfm.cl\/wp-content\/uploads\/2021\/10\/AquaChile-768x600-1-1-705x500.jpeg 705w, https:\/\/radiorevelacionfm.cl\/wp-content\/uploads\/2021\/10\/AquaChile-768x600-1-1-600x426.jpeg 600w\" sizes=\"(max-width: 846px) 100vw, 846px\" \/><\/div><\/div><\/div><\/div><div class=\"flex_column av_one_full  flex_column_div av-zero-column-padding first  avia-builder-el-2  el_after_av_one_full  el_before_av_one_full  column-top-margin\" style='border-radius:0px; '><section class=\"av_textblock_section \"  itemscope=\"itemscope\" itemtype=\"https:\/\/schema.org\/BlogPosting\" itemprop=\"blogPost\" ><div class='avia_textblock  '   itemprop=\"text\" ><p style=\"text-align: center;\"><strong><span style=\"font-size: 18pt;\">Estudiantes de Cisnes realizan visita pedag\u00f3gica a piscicultura Magdalena de AquaChile <\/span><\/strong><\/p>\n<div id=\"gtx-trans\" style=\"position: absolute; left: -50px; top: 4.31534px;\">\n<div class=\"gtx-trans-icon\"><\/div>\n<\/div>\n<\/div><\/section><\/div><div class=\"flex_column av_one_full  flex_column_div av-zero-column-padding first  avia-builder-el-4  el_after_av_one_full  el_before_av_hr  column-top-margin\" style='border-radius:0px; '><section class=\"av_textblock_section \"  itemscope=\"itemscope\" itemtype=\"https:\/\/schema.org\/BlogPosting\" itemprop=\"blogPost\" ><div class='avia_textblock  '   itemprop=\"text\" ><p style=\"text-align: justify;\">Un total de 15 estudiantes del \u00e1rea T\u00e9cnico Profesional Acu\u00edcola del Liceo Arturo Prat Chac\u00f3n, vivieron su primera actividad en terreno en las dependencias de AquaChile.<\/p>\n<p style=\"text-align: justify;\">Desde marzo del a\u00f1o pasado, a ra\u00edz de la pandemia, las clases presenciales en Puerto Cisnes fueron suspendidas y as\u00ed tambi\u00e9n todos los programas asociados, como lo son las pr\u00e1cticas profesionales de la educaci\u00f3n t\u00e9cnico profesional.<\/p>\n<p style=\"text-align: justify;\">En las dependencias de Magdalena -ubicada en las cercan\u00edas de Puerto Cisnes- se realiz\u00f3 un recorrido por todos los procesos que all\u00ed se llevan a cabo, tales como, incubaci\u00f3n, alevinaje, estanques de engorda con agua de mar, entre otros. La actividad fue guiada por Ignacio Moreira y Jorge Monta\u00f1a, profesionales con trayectoria y experiencia en AquaChile, quienes respondieron a todas las inquietudes de los estudiantes.<\/p>\n<p style=\"text-align: justify;\">Marcos Rojas, jefe de la piscicultura, considera que esta instancia es una tremenda oportunidad para las y los estudiantes, quienes hasta ahora no han podido asistir a sus clases presenciales y agreg\u00f3 que \u201cesperamos que el pr\u00f3ximo a\u00f1o se puedan retomar las pr\u00e1cticas profesionales para que, de este modo, se le puedan entregar todas las herramientas necesarias para desenvolverse en el \u00e1rea acu\u00edcola\u201d.<\/p>\n<p style=\"text-align: justify;\">Por su parte,\u00a0Claudia Vera, docente a cargo del \u00e1rea T\u00e9cnico Profesional Acu\u00edcola\u00a0del liceo, coment\u00f3 que las opiniones de los alumnos con respecto a la visita fueron muy positivas, ya que pudieron reforzar todos los contenidos vistos en las clases virtuales con los talleres a cargo de profesionales de la empresa. \u201cDebo destacar el inter\u00e9s que he observado por parte de AquaChile por mantener activo el v\u00ednculo con nuestro establecimiento, lo que evidencia el compromiso de la empresa con nuestra comunidad educativa. No es algo que se vea en todos los liceos TP, en algunos casos son los liceos los que tienen que salir en b\u00fasqueda de los convenios\u201d, concluy\u00f3.<\/p>\n<\/div><\/section><\/div><div  style='height:50px' class='hr hr-invisible   avia-builder-el-6  el_after_av_one_full  el_before_av_social_share '><span class='hr-inner ' ><span class='hr-inner-style'><\/span><\/span><\/div><\/p>\n<div  class='av-social-sharing-box  avia-builder-el-7  el_after_av_hr  el_before_av_hr  '><div class='av-share-box'><h5 class='av-share-link-description av-no-toc '>Compartir esta noticia<\/h5><ul class='av-share-box-list noLightbox'><li class='av-share-link av-social-link-facebook' ><a target=\"_blank\" aria-label=\"Compartir en Facebook\" href='https:\/\/www.facebook.com\/sharer.php?u=https:\/\/radiorevelacionfm.cl\/?p=9691&#038;t=Estudiantes%20de%20Cisnes%20realizan%20visita%20pedag%C3%B3gica%20a%20piscicultura%20Magdalena%20de%20AquaChile' aria-hidden='false' data-av_icon='\ue8f3' data-av_iconfont='entypo-fontello' title='' data-avia-related-tooltip='Compartir en Facebook' rel=\"noopener\"><span class='avia_hidden_link_text'>Compartir en Facebook<\/span><\/a><\/li><li class='av-share-link av-social-link-twitter' ><a target=\"_blank\" aria-label=\"Compartir en Twitter\" href='https:\/\/twitter.com\/share?text=Estudiantes%20de%20Cisnes%20realizan%20visita%20pedag%C3%B3gica%20a%20piscicultura%20Magdalena%20de%20AquaChile&#038;url=https:\/\/radiorevelacionfm.cl\/?p=9691' aria-hidden='false' data-av_icon='\ue8f1' data-av_iconfont='entypo-fontello' title='' data-avia-related-tooltip='Compartir en Twitter' rel=\"noopener\"><span class='avia_hidden_link_text'>Compartir en Twitter<\/span><\/a><\/li><li class='av-share-link av-social-link-whatsapp' ><a target=\"_blank\" aria-label=\"Compartir en Whatsapp\" href='https:\/\/api.whatsapp.com\/send?text=https:\/\/radiorevelacionfm.cl\/?p=9691' aria-hidden='false' data-av_icon='\uf232' data-av_iconfont='entypo-fontello' title='' data-avia-related-tooltip='Compartir en Whatsapp' rel=\"noopener\"><span class='avia_hidden_link_text'>Compartir en Whatsapp<\/span><\/a><\/li><li class='av-share-link av-social-link-linkedin' ><a target=\"_blank\" aria-label=\"Compartir en LinkedIn\" href='https:\/\/linkedin.com\/shareArticle?mini=true&#038;title=Estudiantes%20de%20Cisnes%20realizan%20visita%20pedag%C3%B3gica%20a%20piscicultura%20Magdalena%20de%20AquaChile&#038;url=https:\/\/radiorevelacionfm.cl\/?p=9691' aria-hidden='false' data-av_icon='\ue8fc' data-av_iconfont='entypo-fontello' title='' data-avia-related-tooltip='Compartir en LinkedIn' rel=\"noopener\"><span class='avia_hidden_link_text'>Compartir en LinkedIn<\/span><\/a><\/li><li class='av-share-link av-social-link-mail' ><a  aria-label=\"Compartir por correo\" href='mailto:?subject=Estudiantes%20de%20Cisnes%20realizan%20visita%20pedag%C3%B3gica%20a%20piscicultura%20Magdalena%20de%20AquaChile&#038;body=https:\/\/radiorevelacionfm.cl\/?p=9691' aria-hidden='false' data-av_icon='\ue805' data-av_iconfont='entypo-fontello' title='' data-avia-related-tooltip='Compartir por correo'><span class='avia_hidden_link_text'>Compartir por correo<\/span><\/a><\/li><\/ul><\/div><\/div>\n<div  style='height:50px' class='hr hr-invisible   avia-builder-el-8  el_after_av_social_share  el_before_av_comments_list '><span class='hr-inner ' ><span class='hr-inner-style'><\/span><\/span><\/div>\n<div  class='av-buildercomment  av-blog-meta-html-info-disabled av-blog-meta-tag-disabled  '><\/div>\n","protected":false},"excerpt":{"rendered":"","protected":false},"author":1,"featured_media":9692,"comment_status":"open","ping_status":"open","sticky":false,"template":"","format":"standard","meta":{"footnotes":""},"categories":[38],"tags":[],"class_list":["post-9691","post","type-post","status-publish","format-standard","has-post-thumbnail","hentry","category-regional"],"jetpack_featured_media_url":"https:\/\/radiorevelacionfm.cl\/wp-content\/uploads\/2021\/10\/AquaChile-768x600-1-1.jpeg","_links":{"self":[{"href":"https:\/\/radiorevelacionfm.cl\/index.php?rest_route=\/wp\/v2\/posts\/9691","targetHints":{"allow":["GET"]}}],"collection":[{"href":"https:\/\/radiorevelacionfm.cl\/index.php?rest_route=\/wp\/v2\/posts"}],"about":[{"href":"https:\/\/radiorevelacionfm.cl\/index.php?rest_route=\/wp\/v2\/types\/post"}],"author":[{"embeddable":true,"href":"https:\/\/radiorevelacionfm.cl\/index.php?rest_route=\/wp\/v2\/users\/1"}],"replies":[{"embeddable":true,"href":"https:\/\/radiorevelacionfm.cl\/index.php?rest_route=%2Fwp%2Fv2%2Fcomments&post=9691"}],"version-history":[{"count":1,"href":"https:\/\/radiorevelacionfm.cl\/index.php?rest_route=\/wp\/v2\/posts\/9691\/revisions"}],"predecessor-version":[{"id":9693,"href":"https:\/\/radiorevelacionfm.cl\/index.php?rest_route=\/wp\/v2\/posts\/9691\/revisions\/9693"}],"wp:featuredmedia":[{"embeddable":true,"href":"https:\/\/radiorevelacionfm.cl\/index.php?rest_route=\/wp\/v2\/media\/9692"}],"wp:attachment":[{"href":"https:\/\/radiorevelacionfm.cl\/index.php?rest_route=%2Fwp%2Fv2%2Fmedia&parent=9691"}],"wp:term":[{"taxonomy":"category","embeddable":true,"href":"https:\/\/radiorevelacionfm.cl\/index.php?rest_route=%2Fwp%2Fv2%2Fcategories&post=9691"},{"taxonomy":"post_tag","embeddable":true,"href":"https:\/\/radiorevelacionfm.cl\/index.php?rest_route=%2Fwp%2Fv2%2Ftags&post=9691"}],"curies":[{"name":"wp","href":"https:\/\/api.w.org\/{rel}","templated":true}]}}