{"id":9680,"date":"2021-10-15T21:11:15","date_gmt":"2021-10-16T00:11:15","guid":{"rendered":"https:\/\/radiorevelacionfm.cl\/?p=9680"},"modified":"2021-10-15T21:11:15","modified_gmt":"2021-10-16T00:11:15","slug":"las-mujeres-rurales-del-pais-conmemoran-su-dia-este-15-de-octubre","status":"publish","type":"post","link":"https:\/\/radiorevelacionfm.cl\/?p=9680","title":{"rendered":"Las mujeres rurales del pa\u00eds conmemoran su d\u00eda este 15 de octubre"},"content":{"rendered":"<div class=\"flex_column av_one_full  flex_column_div av-zero-column-padding first  avia-builder-el-0  el_before_av_one_full  avia-builder-el-first  \" style='border-radius:0px; '><div  class='avia-image-container  av-styling-    avia-builder-el-1  avia-builder-el-no-sibling  avia-align-center '  itemprop=\"image\" itemscope=\"itemscope\" itemtype=\"https:\/\/schema.org\/ImageObject\"  ><div class='avia-image-container-inner'><div class='avia-image-overlay-wrap'><img decoding=\"async\" class='wp-image-9682 avia-img-lazy-loading-not-9682 avia_image' src=\"https:\/\/radiorevelacionfm.cl\/wp-content\/uploads\/2021\/10\/Dia-de-Mujeres-Rurales-1-1.jpg\" alt='' title='Dia de Mujeres Rurales (1) (1)' height=\"600\" width=\"800\"  itemprop=\"thumbnailUrl\" srcset=\"https:\/\/radiorevelacionfm.cl\/wp-content\/uploads\/2021\/10\/Dia-de-Mujeres-Rurales-1-1.jpg 800w, https:\/\/radiorevelacionfm.cl\/wp-content\/uploads\/2021\/10\/Dia-de-Mujeres-Rurales-1-1-300x225.jpg 300w, https:\/\/radiorevelacionfm.cl\/wp-content\/uploads\/2021\/10\/Dia-de-Mujeres-Rurales-1-1-768x576.jpg 768w, https:\/\/radiorevelacionfm.cl\/wp-content\/uploads\/2021\/10\/Dia-de-Mujeres-Rurales-1-1-705x529.jpg 705w, https:\/\/radiorevelacionfm.cl\/wp-content\/uploads\/2021\/10\/Dia-de-Mujeres-Rurales-1-1-600x450.jpg 600w\" sizes=\"(max-width: 800px) 100vw, 800px\" \/><\/div><\/div><\/div><\/div><div class=\"flex_column av_one_full  flex_column_div av-zero-column-padding first  avia-builder-el-2  el_after_av_one_full  el_before_av_one_full  column-top-margin\" style='border-radius:0px; '><section class=\"av_textblock_section \"  itemscope=\"itemscope\" itemtype=\"https:\/\/schema.org\/BlogPosting\" itemprop=\"blogPost\" ><div class='avia_textblock  '   itemprop=\"text\" ><p style=\"text-align: center;\"><strong><span style=\"font-size: 18pt;\">Las mujeres rurales del pa\u00eds conmemoran su d\u00eda este 15 de octubre<\/span><\/strong><\/p>\n<div id=\"gtx-trans\" style=\"position: absolute; left: -50px; top: 4.31534px;\">\n<div class=\"gtx-trans-icon\"><\/div>\n<\/div>\n<\/div><\/section><\/div><div class=\"flex_column av_one_full  flex_column_div av-zero-column-padding first  avia-builder-el-4  el_after_av_one_full  el_before_av_hr  column-top-margin\" style='border-radius:0px; '><section class=\"av_textblock_section \"  itemscope=\"itemscope\" itemtype=\"https:\/\/schema.org\/BlogPosting\" itemprop=\"blogPost\" ><div class='avia_textblock  '   itemprop=\"text\" ><p style=\"text-align: justify;\">Este viernes se conmemor\u00f3 un nuevo d\u00eda de la mujer rural, fecha establecida por la Asamblea General de la ONU desde el a\u00f1o 2007 con el objetivo de reconocer el trabajo de la mujer y su contribuci\u00f3n en el desarrollo rural y agr\u00edcola,\u00a0la erradicaci\u00f3n de la pobreza y la seguridad alimentaria.<\/p>\n<div class=\"code-block code-block-6\" style=\"text-align: justify;\">\n<div id=\"sas_99435\">A\u00f1o a a\u00f1o PRODEMU-fundaci\u00f3n que preside la Primera Dama Cecilia Morel- se suma a estas conmemoraciones donde se reflexiona sobre su rol, necesidades y desaf\u00edos. Al respecto Paola Diez Berliner, directora nacional de PRODEMU, explic\u00f3 que ad portas del a\u00f1o 2022 \u201cla mujer rural es clave para la subsistencia y sostenibilidad del mundo, son las preservadoras de las tradiciones que van transmitiendo de generaci\u00f3n en generaci\u00f3n, son quienes conservan y resguardan la cultura misma del campo, con sus diversidades y de lo que es nuestro pa\u00eds en sus or\u00edgenes\u201d.<\/div>\n<\/div>\n<div class=\"code-block code-block-4\" style=\"text-align: justify;\">\n<div><\/div>\n<div id=\"sas_99072\">Entre los desaf\u00edos que enfrentan las mujeres rurales, identificados por PRODEMU gracias a su trabajo que desde 1992 ha entregado formaci\u00f3n a m\u00e1s de 33 mil mujeres, se encuentra la triple jornada laboral, consecuencia de estereotipos de g\u00e9nero fuertemente heredados culturalmente y que implica la combinaci\u00f3n de su tiempo para la atenci\u00f3n de ni\u00f1os y adultos mayores con quehacer dom\u00e9stico, trabajo dependiente o independiente y labores propias del campo.<\/div>\n<\/div>\n<p style=\"text-align: justify;\">Al respecto, la primera Dama y presidenta de PRODEMU Cecilia Morel se\u00f1ala que \u201clas mujeres rurales son esencialmente multiactivas, es decir, combinan sus actividades agr\u00edcolas asalariadas, con actividades no agr\u00edcolas, que van variando seg\u00fan el periodo del a\u00f1o, su ciclo vital y otras circunstancias familiares o del entorno, por ello, este programa se adapta territorialmente a las realidades complejas y distintas que viven a lo largo y ancho del pa\u00eds. Las seguiremos apoyando desde los distintos programas de Prodemu\u201d.<\/p>\n<p style=\"text-align: justify;\">Otro desaf\u00edo que plantean es la superaci\u00f3n de la brecha tecnol\u00f3gica, donde s\u00f3lo 1 de 4 mujeres rurales tiene conexi\u00f3n a internet. Para abordar esta dificultad que se hizo urgente debido a las restricciones de la pandemia,\u00a0PRODEMU cre\u00f3 la Ruta del Empoderamiento digital\u00a0cuyo objetivo fue abordar una necesidad social y econ\u00f3mica, especialmente en las emprendedoras del mundo campesino, quienes aprendieron a usar las redes sociales como un espacio para comercializar sus productos, aportando al desarrollo de su autonom\u00eda econ\u00f3mica a pesar del encierro.<\/p>\n<p style=\"text-align: justify;\">La realidad de las mujeres rurales desde una perspectiva de g\u00e9nero fue abordada en el estudio \u201cMujeres en la Agricultura Familiar Campesina en Chile\u201d realizado por el Centro de Estudios de G\u00e9nero de la fundaci\u00f3n en enero de 2021, que determin\u00f3 que un 81% de las mujeres se siente empoderada. Entre las causas que generan esta percepci\u00f3n de empoderamiento se encuentran que un 61,9% se\u00f1al\u00f3 que trabaja en su hogar en peque\u00f1a producci\u00f3n agr\u00edcola, lo que habla de ciertos niveles de autonom\u00eda econ\u00f3mica y que un 71,4% se\u00f1ala que pertenece a alguna organizaci\u00f3n social, lo que nos da a entender la importancia de las redes y la asociatividad para su empoderamiento.<\/p>\n<p style=\"text-align: justify;\">Para apoyar y potenciar la organizaci\u00f3n entre mujeres, este 2021 se cre\u00f3 el taller\u00a0<strong>\u201cSembrando redes\u201d,<\/strong> cuyo objetivo es dar respuesta a una necesidad de las participantes del programa mujeres rurales, quienes requer\u00edan apoyo para continuar su trabajo colaborativo. \u201cEste taller pretende enfocarse en el cooperativismo y la comercializaci\u00f3n como eje central, entregando las herramientas que ellas necesitan para continuar su desarrollo, en nuestra regi\u00f3n las mujeres rurales son protagonistas, puesto que por territorio, el campo es uno de los rubros productivos predominantes, y es por ello, que contribuir al proceso de empoderamiento de las participantes por medio de un espacio de reconocimiento al sector campesino, es fundamental\u201d, se\u00f1al\u00f3 Marlene Julio, directora regional de PRODEMU.<\/p>\n<\/div><\/section><\/div><div  style='height:50px' class='hr hr-invisible   avia-builder-el-6  el_after_av_one_full  el_before_av_social_share '><span class='hr-inner ' ><span class='hr-inner-style'><\/span><\/span><\/div><\/p>\n<div  class='av-social-sharing-box  avia-builder-el-7  el_after_av_hr  el_before_av_hr  '><div class='av-share-box'><h5 class='av-share-link-description av-no-toc '>Compartir esta noticia<\/h5><ul class='av-share-box-list noLightbox'><li class='av-share-link av-social-link-facebook' ><a target=\"_blank\" aria-label=\"Compartir en Facebook\" href='https:\/\/www.facebook.com\/sharer.php?u=https:\/\/radiorevelacionfm.cl\/?p=9680&#038;t=Las%20mujeres%20rurales%20del%20pa%C3%ADs%20conmemoran%20su%20d%C3%ADa%20este%2015%20de%20octubre' aria-hidden='false' data-av_icon='\ue8f3' data-av_iconfont='entypo-fontello' title='' data-avia-related-tooltip='Compartir en Facebook' rel=\"noopener\"><span class='avia_hidden_link_text'>Compartir en Facebook<\/span><\/a><\/li><li class='av-share-link av-social-link-twitter' ><a target=\"_blank\" aria-label=\"Compartir en Twitter\" href='https:\/\/twitter.com\/share?text=Las%20mujeres%20rurales%20del%20pa%C3%ADs%20conmemoran%20su%20d%C3%ADa%20este%2015%20de%20octubre&#038;url=https:\/\/radiorevelacionfm.cl\/?p=9680' aria-hidden='false' data-av_icon='\ue8f1' data-av_iconfont='entypo-fontello' title='' data-avia-related-tooltip='Compartir en Twitter' rel=\"noopener\"><span class='avia_hidden_link_text'>Compartir en Twitter<\/span><\/a><\/li><li class='av-share-link av-social-link-whatsapp' ><a target=\"_blank\" aria-label=\"Compartir en Whatsapp\" href='https:\/\/api.whatsapp.com\/send?text=https:\/\/radiorevelacionfm.cl\/?p=9680' aria-hidden='false' data-av_icon='\uf232' data-av_iconfont='entypo-fontello' title='' data-avia-related-tooltip='Compartir en Whatsapp' rel=\"noopener\"><span class='avia_hidden_link_text'>Compartir en Whatsapp<\/span><\/a><\/li><li class='av-share-link av-social-link-linkedin' ><a target=\"_blank\" aria-label=\"Compartir en LinkedIn\" href='https:\/\/linkedin.com\/shareArticle?mini=true&#038;title=Las%20mujeres%20rurales%20del%20pa%C3%ADs%20conmemoran%20su%20d%C3%ADa%20este%2015%20de%20octubre&#038;url=https:\/\/radiorevelacionfm.cl\/?p=9680' aria-hidden='false' data-av_icon='\ue8fc' data-av_iconfont='entypo-fontello' title='' data-avia-related-tooltip='Compartir en LinkedIn' rel=\"noopener\"><span class='avia_hidden_link_text'>Compartir en LinkedIn<\/span><\/a><\/li><li class='av-share-link av-social-link-mail' ><a  aria-label=\"Compartir por correo\" href='mailto:?subject=Las%20mujeres%20rurales%20del%20pa%C3%ADs%20conmemoran%20su%20d%C3%ADa%20este%2015%20de%20octubre&#038;body=https:\/\/radiorevelacionfm.cl\/?p=9680' aria-hidden='false' data-av_icon='\ue805' data-av_iconfont='entypo-fontello' title='' data-avia-related-tooltip='Compartir por correo'><span class='avia_hidden_link_text'>Compartir por correo<\/span><\/a><\/li><\/ul><\/div><\/div>\n<div  style='height:50px' class='hr hr-invisible   avia-builder-el-8  el_after_av_social_share  el_before_av_comments_list '><span class='hr-inner ' ><span class='hr-inner-style'><\/span><\/span><\/div>\n<div  class='av-buildercomment  av-blog-meta-html-info-disabled av-blog-meta-tag-disabled  '><\/div>\n","protected":false},"excerpt":{"rendered":"","protected":false},"author":1,"featured_media":9682,"comment_status":"open","ping_status":"open","sticky":false,"template":"","format":"standard","meta":{"footnotes":""},"categories":[38],"tags":[],"class_list":["post-9680","post","type-post","status-publish","format-standard","has-post-thumbnail","hentry","category-regional"],"jetpack_featured_media_url":"https:\/\/radiorevelacionfm.cl\/wp-content\/uploads\/2021\/10\/Dia-de-Mujeres-Rurales-1-1.jpg","_links":{"self":[{"href":"https:\/\/radiorevelacionfm.cl\/index.php?rest_route=\/wp\/v2\/posts\/9680","targetHints":{"allow":["GET"]}}],"collection":[{"href":"https:\/\/radiorevelacionfm.cl\/index.php?rest_route=\/wp\/v2\/posts"}],"about":[{"href":"https:\/\/radiorevelacionfm.cl\/index.php?rest_route=\/wp\/v2\/types\/post"}],"author":[{"embeddable":true,"href":"https:\/\/radiorevelacionfm.cl\/index.php?rest_route=\/wp\/v2\/users\/1"}],"replies":[{"embeddable":true,"href":"https:\/\/radiorevelacionfm.cl\/index.php?rest_route=%2Fwp%2Fv2%2Fcomments&post=9680"}],"version-history":[{"count":1,"href":"https:\/\/radiorevelacionfm.cl\/index.php?rest_route=\/wp\/v2\/posts\/9680\/revisions"}],"predecessor-version":[{"id":9683,"href":"https:\/\/radiorevelacionfm.cl\/index.php?rest_route=\/wp\/v2\/posts\/9680\/revisions\/9683"}],"wp:featuredmedia":[{"embeddable":true,"href":"https:\/\/radiorevelacionfm.cl\/index.php?rest_route=\/wp\/v2\/media\/9682"}],"wp:attachment":[{"href":"https:\/\/radiorevelacionfm.cl\/index.php?rest_route=%2Fwp%2Fv2%2Fmedia&parent=9680"}],"wp:term":[{"taxonomy":"category","embeddable":true,"href":"https:\/\/radiorevelacionfm.cl\/index.php?rest_route=%2Fwp%2Fv2%2Fcategories&post=9680"},{"taxonomy":"post_tag","embeddable":true,"href":"https:\/\/radiorevelacionfm.cl\/index.php?rest_route=%2Fwp%2Fv2%2Ftags&post=9680"}],"curies":[{"name":"wp","href":"https:\/\/api.w.org\/{rel}","templated":true}]}}