{"id":9678,"date":"2021-10-15T20:05:08","date_gmt":"2021-10-15T23:05:08","guid":{"rendered":"https:\/\/radiorevelacionfm.cl\/?p=9678"},"modified":"2021-10-15T20:05:08","modified_gmt":"2021-10-15T23:05:08","slug":"en-coyhaique-investigan-incendio-de-un-vehiculo-y-amenazas-en-contexto-de-violencia-intrafamiliar","status":"publish","type":"post","link":"https:\/\/radiorevelacionfm.cl\/?p=9678","title":{"rendered":"En Coyhaique investigan incendio de un veh\u00edculo y amenazas en contexto de violencia intrafamiliar"},"content":{"rendered":"<div class=\"flex_column av_one_full  flex_column_div av-zero-column-padding first  avia-builder-el-0  el_before_av_one_full  avia-builder-el-first  \" style='border-radius:0px; '><div  class='avia-image-container  av-styling-    avia-builder-el-1  avia-builder-el-no-sibling  avia-align-center '  itemprop=\"image\" itemscope=\"itemscope\" itemtype=\"https:\/\/schema.org\/ImageObject\"  ><div class='avia-image-container-inner'><div class='avia-image-overlay-wrap'><img decoding=\"async\" class='wp-image-6838 avia-img-lazy-loading-not-6838 avia_image' src=\"https:\/\/radiorevelacionfm.cl\/wp-content\/uploads\/2021\/07\/pdi-imagen-2_optimized.jpg\" alt='' title='pdi-imagen-(2)_optimized' height=\"600\" width=\"903\"  itemprop=\"thumbnailUrl\" srcset=\"https:\/\/radiorevelacionfm.cl\/wp-content\/uploads\/2021\/07\/pdi-imagen-2_optimized.jpg 903w, https:\/\/radiorevelacionfm.cl\/wp-content\/uploads\/2021\/07\/pdi-imagen-2_optimized-300x199.jpg 300w, https:\/\/radiorevelacionfm.cl\/wp-content\/uploads\/2021\/07\/pdi-imagen-2_optimized-768x510.jpg 768w, https:\/\/radiorevelacionfm.cl\/wp-content\/uploads\/2021\/07\/pdi-imagen-2_optimized-705x468.jpg 705w, https:\/\/radiorevelacionfm.cl\/wp-content\/uploads\/2021\/07\/pdi-imagen-2_optimized-600x399.jpg 600w\" sizes=\"(max-width: 903px) 100vw, 903px\" \/><\/div><\/div><\/div><\/div><div class=\"flex_column av_one_full  flex_column_div av-zero-column-padding first  avia-builder-el-2  el_after_av_one_full  el_before_av_one_full  column-top-margin\" style='border-radius:0px; '><section class=\"av_textblock_section \"  itemscope=\"itemscope\" itemtype=\"https:\/\/schema.org\/BlogPosting\" itemprop=\"blogPost\" ><div class='avia_textblock  '   itemprop=\"text\" ><p style=\"text-align: center;\"><strong><span style=\"font-size: 18pt;\">En Coyhaique investigan incendio de un veh\u00edculo y amenazas en contexto de violencia intrafamiliar<\/span><\/strong><\/p>\n<div id=\"gtx-trans\" style=\"position: absolute; left: -50px; top: 4.31534px;\">\n<div class=\"gtx-trans-icon\"><\/div>\n<\/div>\n<\/div><\/section><\/div><div class=\"flex_column av_one_full  flex_column_div av-zero-column-padding first  avia-builder-el-4  el_after_av_one_full  el_before_av_hr  column-top-margin\" style='border-radius:0px; '><section class=\"av_textblock_section \"  itemscope=\"itemscope\" itemtype=\"https:\/\/schema.org\/BlogPosting\" itemprop=\"blogPost\" ><div class='avia_textblock  '   itemprop=\"text\" ><p style=\"text-align: justify;\">Un violento hecho qued\u00f3 al descubierto la ma\u00f1ana del jueves 14 de octubre de 2021 donde, gracias al trabajo coordinado entre la Polic\u00eda de Investigaciones y el Ministerio P\u00fablico, se logr\u00f3 la detenci\u00f3n flagrante de un imputado, mayor de edad y con antecedentes policiales, por el delito de incendio y amenazas condicionales contra personas y propiedades en contexto de violencia intrafamiliar.<\/p>\n<p style=\"text-align: justify;\">El fiscal del Ministerio P\u00fablico, Patricio Jory, se\u00f1al\u00f3 que \u201cse desarroll\u00f3 una audiencia de control de detenci\u00f3n y formalizaci\u00f3n de una persona de sexo masculino a quien se le imput\u00f3 un delito de incendio y amenazas en contexto de violencia intrafamiliar, los hechos habr\u00edan ocurrido durante la madrugada del d\u00eda de ayer -jueves- en circunstancias en que el imputado amenaz\u00f3 a su c\u00f3nyuge de que iba a quemar el auto de esta \u00faltima y posteriormente se comunica con ella indic\u00e1ndole que estaba realizando ese proceso y finalmente aparece el auto de la v\u00edctima quemado en un sitio eriazo\u201d.<\/p>\n<p style=\"text-align: justify;\"><strong>Hechos<\/strong><\/p>\n<p style=\"text-align: justify;\">Sobre el procedimiento policial, el jefe de la Brigada de Investigaci\u00f3n Criminal Coyhaique, subprefecto Christian Mora, indic\u00f3 que, por instrucci\u00f3n del Ministerio P\u00fablico, \u201cse solicit\u00f3 la concurrencia de personal de la Brigada de Investigaci\u00f3n Criminal Coyhaique y del Laboratorio de Criminal\u00edstica Regional, en virtud a una denuncia realizada por una mujer mayor de edad, por el delito de incendio y amenazas condicionales contra personas y propiedades en contexto de violencia intrafamiliar, conform\u00e1ndose un equipo investigativo que r\u00e1pidamente se traslad\u00f3 al sitio del suceso y, mediante un trabajo profesional, an\u00e1lisis de la informaci\u00f3n, empadronamiento y testigos, pudieron establecer la veracidad de la denuncia\u201d.<\/p>\n<p style=\"text-align: justify;\">El subprefecto Mora a\u00f1adi\u00f3 que \u201cse logr\u00f3 la ubicaci\u00f3n y detenci\u00f3n en flagrancia del imputado quien, al tenor de los antecedentes, reconoci\u00f3 y confes\u00f3 los hechos\u201d y, sobre las circunstancias del delito, el oficial se\u00f1al\u00f3 que \u201cel sujeto motivado por los celos, posterior a una discusi\u00f3n con su esposa, tom\u00f3 el veh\u00edculo de propiedad de la v\u00edctima, lo condujo a un sitio eriazo, procediendo a quemarlo, resultando con p\u00e9rdida total\u201d, cuyos da\u00f1os fueron avaluados en la suma de diez millones de pesos.<\/p>\n<p style=\"text-align: justify;\">El fiscal Jory agreg\u00f3 que \u201cse recabaron una serie de antecedentes, principalmente, aquellos que corroboraban la versi\u00f3n de la v\u00edctima de haber sido contactada por el imputado mediante tel\u00e9fono, tambi\u00e9n la versi\u00f3n de la v\u00edctima a trav\u00e9s de una declaraci\u00f3n, los que se pusieron a disposici\u00f3n del Tribunal\u201d.<\/p>\n<p style=\"text-align: justify;\"><strong>Formalizaci\u00f3n<\/strong><\/p>\n<p style=\"text-align: justify;\">Por instrucci\u00f3n de la Fiscal\u00eda, el detenido fue puesto a disposici\u00f3n del Juzgado de Garant\u00eda de Coyhaique, al respecto el persecutor inform\u00f3 que \u201cse formaliz\u00f3, se pidi\u00f3 la medida cautelar de prisi\u00f3n preventiva, no siendo acogida por el Tribunal de Garant\u00eda, de manera que el imputado qued\u00f3 con cautelares de prohibici\u00f3n de acercamiento a la v\u00edctima, con la obligaci\u00f3n de residir en la localidad de Puerto Ays\u00e9n y firma diaria en la Segunda Comisar\u00eda de Puerto Ays\u00e9n\u201d, agregando que la Fiscal\u00eda evaluar\u00e1 presentar un recurso de apelaci\u00f3n, atendida la gravedad de los hechos y la forma en que \u00e9stos ocurrieron.<\/p>\n<p style=\"text-align: justify;\"><strong>Llamado a la denuncia<\/strong><\/p>\n<p style=\"text-align: justify;\">Finalmente, el jefe de la BICRIM Coyhaique, puntualiz\u00f3 que \u201cse hace un llamado a la comunidad a denunciar todos estos hechos, ya que esta es la alerta m\u00e1s importante para brindar ayuda inmediata a quienes son v\u00edctimas o testigos de delitos de violencia intrafamiliar, no silenciemos ni invisibilicemos este fen\u00f3meno, no seamos parte de este delito\u201d.<\/p>\n<p style=\"text-align: justify;\">El plazo de investigaci\u00f3n fue fijado en 90 d\u00edas y durante este plazo se van a desarrollar diligencias que dicen relaci\u00f3n con las pericias que se realizaron el sitio de suceso.<\/p>\n<\/div><\/section><\/div><div  style='height:50px' class='hr hr-invisible   avia-builder-el-6  el_after_av_one_full  el_before_av_social_share '><span class='hr-inner ' ><span class='hr-inner-style'><\/span><\/span><\/div><\/p>\n<div  class='av-social-sharing-box  avia-builder-el-7  el_after_av_hr  el_before_av_hr  '><div class='av-share-box'><h5 class='av-share-link-description av-no-toc '>Compartir esta noticia<\/h5><ul class='av-share-box-list noLightbox'><li class='av-share-link av-social-link-facebook' ><a target=\"_blank\" aria-label=\"Compartir en Facebook\" href='https:\/\/www.facebook.com\/sharer.php?u=https:\/\/radiorevelacionfm.cl\/?p=9678&#038;t=En%20Coyhaique%20investigan%20incendio%20de%20un%20veh%C3%ADculo%20y%20amenazas%20en%20contexto%20de%20violencia%20intrafamiliar' aria-hidden='false' data-av_icon='\ue8f3' data-av_iconfont='entypo-fontello' title='' data-avia-related-tooltip='Compartir en Facebook' rel=\"noopener\"><span class='avia_hidden_link_text'>Compartir en Facebook<\/span><\/a><\/li><li class='av-share-link av-social-link-twitter' ><a target=\"_blank\" aria-label=\"Compartir en Twitter\" href='https:\/\/twitter.com\/share?text=En%20Coyhaique%20investigan%20incendio%20de%20un%20veh%C3%ADculo%20y%20amenazas%20en%20contexto%20de%20violencia%20intrafamiliar&#038;url=https:\/\/radiorevelacionfm.cl\/?p=9678' aria-hidden='false' data-av_icon='\ue8f1' data-av_iconfont='entypo-fontello' title='' data-avia-related-tooltip='Compartir en Twitter' rel=\"noopener\"><span class='avia_hidden_link_text'>Compartir en Twitter<\/span><\/a><\/li><li class='av-share-link av-social-link-whatsapp' ><a target=\"_blank\" aria-label=\"Compartir en Whatsapp\" href='https:\/\/api.whatsapp.com\/send?text=https:\/\/radiorevelacionfm.cl\/?p=9678' aria-hidden='false' data-av_icon='\uf232' data-av_iconfont='entypo-fontello' title='' data-avia-related-tooltip='Compartir en Whatsapp' rel=\"noopener\"><span class='avia_hidden_link_text'>Compartir en Whatsapp<\/span><\/a><\/li><li class='av-share-link av-social-link-linkedin' ><a target=\"_blank\" aria-label=\"Compartir en LinkedIn\" href='https:\/\/linkedin.com\/shareArticle?mini=true&#038;title=En%20Coyhaique%20investigan%20incendio%20de%20un%20veh%C3%ADculo%20y%20amenazas%20en%20contexto%20de%20violencia%20intrafamiliar&#038;url=https:\/\/radiorevelacionfm.cl\/?p=9678' aria-hidden='false' data-av_icon='\ue8fc' data-av_iconfont='entypo-fontello' title='' data-avia-related-tooltip='Compartir en LinkedIn' rel=\"noopener\"><span class='avia_hidden_link_text'>Compartir en LinkedIn<\/span><\/a><\/li><li class='av-share-link av-social-link-mail' ><a  aria-label=\"Compartir por correo\" href='mailto:?subject=En%20Coyhaique%20investigan%20incendio%20de%20un%20veh%C3%ADculo%20y%20amenazas%20en%20contexto%20de%20violencia%20intrafamiliar&#038;body=https:\/\/radiorevelacionfm.cl\/?p=9678' aria-hidden='false' data-av_icon='\ue805' data-av_iconfont='entypo-fontello' title='' data-avia-related-tooltip='Compartir por correo'><span class='avia_hidden_link_text'>Compartir por correo<\/span><\/a><\/li><\/ul><\/div><\/div>\n<div  style='height:50px' class='hr hr-invisible   avia-builder-el-8  el_after_av_social_share  el_before_av_comments_list '><span class='hr-inner ' ><span class='hr-inner-style'><\/span><\/span><\/div>\n<div  class='av-buildercomment  av-blog-meta-html-info-disabled av-blog-meta-tag-disabled  '><\/div>\n","protected":false},"excerpt":{"rendered":"","protected":false},"author":1,"featured_media":6838,"comment_status":"open","ping_status":"open","sticky":false,"template":"","format":"standard","meta":{"footnotes":""},"categories":[36],"tags":[],"class_list":["post-9678","post","type-post","status-publish","format-standard","has-post-thumbnail","hentry","category-policial"],"jetpack_featured_media_url":"https:\/\/radiorevelacionfm.cl\/wp-content\/uploads\/2021\/07\/pdi-imagen-2_optimized.jpg","_links":{"self":[{"href":"https:\/\/radiorevelacionfm.cl\/index.php?rest_route=\/wp\/v2\/posts\/9678","targetHints":{"allow":["GET"]}}],"collection":[{"href":"https:\/\/radiorevelacionfm.cl\/index.php?rest_route=\/wp\/v2\/posts"}],"about":[{"href":"https:\/\/radiorevelacionfm.cl\/index.php?rest_route=\/wp\/v2\/types\/post"}],"author":[{"embeddable":true,"href":"https:\/\/radiorevelacionfm.cl\/index.php?rest_route=\/wp\/v2\/users\/1"}],"replies":[{"embeddable":true,"href":"https:\/\/radiorevelacionfm.cl\/index.php?rest_route=%2Fwp%2Fv2%2Fcomments&post=9678"}],"version-history":[{"count":1,"href":"https:\/\/radiorevelacionfm.cl\/index.php?rest_route=\/wp\/v2\/posts\/9678\/revisions"}],"predecessor-version":[{"id":9679,"href":"https:\/\/radiorevelacionfm.cl\/index.php?rest_route=\/wp\/v2\/posts\/9678\/revisions\/9679"}],"wp:featuredmedia":[{"embeddable":true,"href":"https:\/\/radiorevelacionfm.cl\/index.php?rest_route=\/wp\/v2\/media\/6838"}],"wp:attachment":[{"href":"https:\/\/radiorevelacionfm.cl\/index.php?rest_route=%2Fwp%2Fv2%2Fmedia&parent=9678"}],"wp:term":[{"taxonomy":"category","embeddable":true,"href":"https:\/\/radiorevelacionfm.cl\/index.php?rest_route=%2Fwp%2Fv2%2Fcategories&post=9678"},{"taxonomy":"post_tag","embeddable":true,"href":"https:\/\/radiorevelacionfm.cl\/index.php?rest_route=%2Fwp%2Fv2%2Ftags&post=9678"}],"curies":[{"name":"wp","href":"https:\/\/api.w.org\/{rel}","templated":true}]}}