{"id":9673,"date":"2021-10-15T15:22:43","date_gmt":"2021-10-15T18:22:43","guid":{"rendered":"https:\/\/radiorevelacionfm.cl\/?p=9673"},"modified":"2021-10-15T15:22:43","modified_gmt":"2021-10-15T18:22:43","slug":"sernameg-invita-a-inscribirse-en-talleres-de-sensibilizacion-para-elevar-habilidades-en-liderazgo-politico","status":"publish","type":"post","link":"https:\/\/radiorevelacionfm.cl\/?p=9673","title":{"rendered":"SernamEG invita a inscribirse en talleres de sensibilizaci\u00f3n para elevar habilidades en liderazgo pol\u00edtico"},"content":{"rendered":"<div class=\"flex_column av_one_full  flex_column_div av-zero-column-padding first  avia-builder-el-0  el_before_av_one_full  avia-builder-el-first  \" style='border-radius:0px; '><div  class='avia-image-container  av-styling-    avia-builder-el-1  avia-builder-el-no-sibling  avia-align-center '  itemprop=\"image\" itemscope=\"itemscope\" itemtype=\"https:\/\/schema.org\/ImageObject\"  ><div class='avia-image-container-inner'><div class='avia-image-overlay-wrap'><img decoding=\"async\" class='wp-image-9674 avia-img-lazy-loading-not-9674 avia_image' src=\"https:\/\/radiorevelacionfm.cl\/wp-content\/uploads\/2021\/10\/Llamado-inscripcion-SernamEG-4-1.jpg\" alt='' title='Llamado inscripci\u00f3n SernamEG 4 (1)' height=\"600\" width=\"1080\"  itemprop=\"thumbnailUrl\" srcset=\"https:\/\/radiorevelacionfm.cl\/wp-content\/uploads\/2021\/10\/Llamado-inscripcion-SernamEG-4-1.jpg 1080w, https:\/\/radiorevelacionfm.cl\/wp-content\/uploads\/2021\/10\/Llamado-inscripcion-SernamEG-4-1-300x167.jpg 300w, https:\/\/radiorevelacionfm.cl\/wp-content\/uploads\/2021\/10\/Llamado-inscripcion-SernamEG-4-1-1030x572.jpg 1030w, https:\/\/radiorevelacionfm.cl\/wp-content\/uploads\/2021\/10\/Llamado-inscripcion-SernamEG-4-1-768x427.jpg 768w, https:\/\/radiorevelacionfm.cl\/wp-content\/uploads\/2021\/10\/Llamado-inscripcion-SernamEG-4-1-705x392.jpg 705w, https:\/\/radiorevelacionfm.cl\/wp-content\/uploads\/2021\/10\/Llamado-inscripcion-SernamEG-4-1-600x333.jpg 600w\" sizes=\"(max-width: 1080px) 100vw, 1080px\" \/><\/div><\/div><\/div><\/div><div class=\"flex_column av_one_full  flex_column_div av-zero-column-padding first  avia-builder-el-2  el_after_av_one_full  el_before_av_one_full  column-top-margin\" style='border-radius:0px; '><section class=\"av_textblock_section \"  itemscope=\"itemscope\" itemtype=\"https:\/\/schema.org\/BlogPosting\" itemprop=\"blogPost\" ><div class='avia_textblock  '   itemprop=\"text\" ><p style=\"text-align: center;\"><strong><span style=\"font-size: 18pt;\">SernamEG invita a inscribirse en talleres de sensibilizaci\u00f3n para elevar habilidades en liderazgo pol\u00edtico<\/span><\/strong><\/p>\n<div id=\"gtx-trans\" style=\"position: absolute; left: -50px; top: 4.31534px;\">\n<div class=\"gtx-trans-icon\"><\/div>\n<\/div>\n<\/div><\/section><\/div><div class=\"flex_column av_one_full  flex_column_div av-zero-column-padding first  avia-builder-el-4  el_after_av_one_full  el_before_av_hr  column-top-margin\" style='border-radius:0px; '><section class=\"av_textblock_section \"  itemscope=\"itemscope\" itemtype=\"https:\/\/schema.org\/BlogPosting\" itemprop=\"blogPost\" ><div class='avia_textblock  '   itemprop=\"text\" ><p style=\"font-weight: 400; text-align: justify;\">Un llamado a las mujeres a potenciar sus habilidades, y de esta forma, desarrollar su empoderamiento en los espacios de toma de decisi\u00f3n en los que participan, es la invitaci\u00f3n que realiza el Servicio Nacional de la Mujer y la Equidad de G\u00e9nero, SernamEG. Para apoyar este proceso se encuentra vigente el per\u00edodo de inscripci\u00f3n a las actividades de sensibilizaci\u00f3n del Programa Mujer y Participaci\u00f3n Pol\u00edtica.<\/p>\n<p style=\"font-weight: 400; text-align: justify;\">La Directora Regional de SernamEG, Elizabeth Guti\u00e9rrez Eggers, se refiri\u00f3 al sentido de estas actividades, que apuntan principalmente a captar a mujeres que participan en organizaciones de base con inter\u00e9s en elevar sus liderazgos. \u201cB\u00e1sicamente son talleres virtuales dirigidos a personas mayores de edad en los que podr\u00e1n acceder adem\u00e1s a una plataforma con contenidos 24\/7 que les permitir\u00e1 tener un acercamiento a tem\u00e1ticas de g\u00e9nero, por ejemplo, los desaf\u00edos que se abren con la Nueva Constituci\u00f3n donde probablemente ser\u00e1n incorporadas las aspiraciones hist\u00f3ricas de las mujeres. Teniendo presente este nuevo escenario es que se hace m\u00e1s imperioso potenciar la reflexi\u00f3n en torno a la importancia de la autonom\u00eda pol\u00edtica de las mujeres, y al mismo tiempo sobre las dificultades que enfrentan las mujeres como por ejemplo los denominados \u2018techos de cemento\u2019 que corresponden a los prejuicios o miedos respecto a su capacidad o nivel de empoderamiento\u201d, recalc\u00f3.<\/p>\n<p style=\"font-weight: 400; text-align: justify;\">\u201cC\u00f3mo las mujeres enfrentamos la crisis COVID 19\u201d, \u201cNuevas tecnolog\u00edas al servicio del liderazgo de las mujeres\u201d y \u201cDesaf\u00edos y oportunidades para las mujeres en el proceso constituyente\u201d son los tres grandes temas que se desarrollan de manera telem\u00e1tica.<\/p>\n<p style=\"font-weight: 400; text-align: justify;\">El Programa Mujer y Participaci\u00f3n Pol\u00edtica tiene cobertura regional y ofrece talleres virtuales e interactivos para mujeres mayores de 18 a\u00f1os utilizando metodolog\u00eda participativa; a trav\u00e9s de una plataforma virtual. S\u00f3lo necesitan un computador y conexi\u00f3n a internet. Para inscribirse, descargar informaci\u00f3n y realizar actividades a distancia se debe acceder al siguiente enlace de la p\u00e1gina web de SernamEG\u00a0<a href=\"https:\/\/app.sernam.cl\/form\/2021\/pmpp\/sensibilizacion\/\" data-saferedirecturl=\"https:\/\/www.google.com\/url?q=https:\/\/app.sernam.cl\/form\/2021\/pmpp\/sensibilizacion\/&amp;source=gmail&amp;ust=1634397794813000&amp;usg=AFQjCNELuoDbehuHx7XFbLq4HgjrvKSz0g\">https:\/\/app.sernam.cl\/form\/2021\/pmpp\/sensibilizacion\/<\/a><\/p>\n<\/div><\/section><\/div><div  style='height:50px' class='hr hr-invisible   avia-builder-el-6  el_after_av_one_full  el_before_av_social_share '><span class='hr-inner ' ><span class='hr-inner-style'><\/span><\/span><\/div><\/p>\n<div  class='av-social-sharing-box  avia-builder-el-7  el_after_av_hr  el_before_av_hr  '><div class='av-share-box'><h5 class='av-share-link-description av-no-toc '>Compartir esta noticia<\/h5><ul class='av-share-box-list noLightbox'><li class='av-share-link av-social-link-facebook' ><a target=\"_blank\" aria-label=\"Compartir en Facebook\" href='https:\/\/www.facebook.com\/sharer.php?u=https:\/\/radiorevelacionfm.cl\/?p=9673&#038;t=SernamEG%20invita%20a%20inscribirse%20en%20talleres%20de%20sensibilizaci%C3%B3n%20para%20elevar%20habilidades%20en%20liderazgo%20pol%C3%ADtico' aria-hidden='false' data-av_icon='\ue8f3' data-av_iconfont='entypo-fontello' title='' data-avia-related-tooltip='Compartir en Facebook' rel=\"noopener\"><span class='avia_hidden_link_text'>Compartir en Facebook<\/span><\/a><\/li><li class='av-share-link av-social-link-twitter' ><a target=\"_blank\" aria-label=\"Compartir en Twitter\" href='https:\/\/twitter.com\/share?text=SernamEG%20invita%20a%20inscribirse%20en%20talleres%20de%20sensibilizaci%C3%B3n%20para%20elevar%20habilidades%20en%20liderazgo%20pol%C3%ADtico&#038;url=https:\/\/radiorevelacionfm.cl\/?p=9673' aria-hidden='false' data-av_icon='\ue8f1' data-av_iconfont='entypo-fontello' title='' data-avia-related-tooltip='Compartir en Twitter' rel=\"noopener\"><span class='avia_hidden_link_text'>Compartir en Twitter<\/span><\/a><\/li><li class='av-share-link av-social-link-whatsapp' ><a target=\"_blank\" aria-label=\"Compartir en Whatsapp\" href='https:\/\/api.whatsapp.com\/send?text=https:\/\/radiorevelacionfm.cl\/?p=9673' aria-hidden='false' data-av_icon='\uf232' data-av_iconfont='entypo-fontello' title='' data-avia-related-tooltip='Compartir en Whatsapp' rel=\"noopener\"><span class='avia_hidden_link_text'>Compartir en Whatsapp<\/span><\/a><\/li><li class='av-share-link av-social-link-linkedin' ><a target=\"_blank\" aria-label=\"Compartir en LinkedIn\" href='https:\/\/linkedin.com\/shareArticle?mini=true&#038;title=SernamEG%20invita%20a%20inscribirse%20en%20talleres%20de%20sensibilizaci%C3%B3n%20para%20elevar%20habilidades%20en%20liderazgo%20pol%C3%ADtico&#038;url=https:\/\/radiorevelacionfm.cl\/?p=9673' aria-hidden='false' data-av_icon='\ue8fc' data-av_iconfont='entypo-fontello' title='' data-avia-related-tooltip='Compartir en LinkedIn' rel=\"noopener\"><span class='avia_hidden_link_text'>Compartir en LinkedIn<\/span><\/a><\/li><li class='av-share-link av-social-link-mail' ><a  aria-label=\"Compartir por correo\" href='mailto:?subject=SernamEG%20invita%20a%20inscribirse%20en%20talleres%20de%20sensibilizaci%C3%B3n%20para%20elevar%20habilidades%20en%20liderazgo%20pol%C3%ADtico&#038;body=https:\/\/radiorevelacionfm.cl\/?p=9673' aria-hidden='false' data-av_icon='\ue805' data-av_iconfont='entypo-fontello' title='' data-avia-related-tooltip='Compartir por correo'><span class='avia_hidden_link_text'>Compartir por correo<\/span><\/a><\/li><\/ul><\/div><\/div>\n<div  style='height:50px' class='hr hr-invisible   avia-builder-el-8  el_after_av_social_share  el_before_av_comments_list '><span class='hr-inner ' ><span class='hr-inner-style'><\/span><\/span><\/div>\n<div  class='av-buildercomment  av-blog-meta-html-info-disabled av-blog-meta-tag-disabled  '><\/div>\n","protected":false},"excerpt":{"rendered":"","protected":false},"author":1,"featured_media":9674,"comment_status":"open","ping_status":"open","sticky":false,"template":"","format":"standard","meta":{"footnotes":""},"categories":[38],"tags":[],"class_list":["post-9673","post","type-post","status-publish","format-standard","has-post-thumbnail","hentry","category-regional"],"jetpack_featured_media_url":"https:\/\/radiorevelacionfm.cl\/wp-content\/uploads\/2021\/10\/Llamado-inscripcion-SernamEG-4-1.jpg","_links":{"self":[{"href":"https:\/\/radiorevelacionfm.cl\/index.php?rest_route=\/wp\/v2\/posts\/9673","targetHints":{"allow":["GET"]}}],"collection":[{"href":"https:\/\/radiorevelacionfm.cl\/index.php?rest_route=\/wp\/v2\/posts"}],"about":[{"href":"https:\/\/radiorevelacionfm.cl\/index.php?rest_route=\/wp\/v2\/types\/post"}],"author":[{"embeddable":true,"href":"https:\/\/radiorevelacionfm.cl\/index.php?rest_route=\/wp\/v2\/users\/1"}],"replies":[{"embeddable":true,"href":"https:\/\/radiorevelacionfm.cl\/index.php?rest_route=%2Fwp%2Fv2%2Fcomments&post=9673"}],"version-history":[{"count":1,"href":"https:\/\/radiorevelacionfm.cl\/index.php?rest_route=\/wp\/v2\/posts\/9673\/revisions"}],"predecessor-version":[{"id":9675,"href":"https:\/\/radiorevelacionfm.cl\/index.php?rest_route=\/wp\/v2\/posts\/9673\/revisions\/9675"}],"wp:featuredmedia":[{"embeddable":true,"href":"https:\/\/radiorevelacionfm.cl\/index.php?rest_route=\/wp\/v2\/media\/9674"}],"wp:attachment":[{"href":"https:\/\/radiorevelacionfm.cl\/index.php?rest_route=%2Fwp%2Fv2%2Fmedia&parent=9673"}],"wp:term":[{"taxonomy":"category","embeddable":true,"href":"https:\/\/radiorevelacionfm.cl\/index.php?rest_route=%2Fwp%2Fv2%2Fcategories&post=9673"},{"taxonomy":"post_tag","embeddable":true,"href":"https:\/\/radiorevelacionfm.cl\/index.php?rest_route=%2Fwp%2Fv2%2Ftags&post=9673"}],"curies":[{"name":"wp","href":"https:\/\/api.w.org\/{rel}","templated":true}]}}