{"id":9666,"date":"2021-10-15T09:51:18","date_gmt":"2021-10-15T12:51:18","guid":{"rendered":"https:\/\/radiorevelacionfm.cl\/?p=9666"},"modified":"2021-10-15T09:51:18","modified_gmt":"2021-10-15T12:51:18","slug":"museo-regional-realizara-la-primera-semana-de-la-geopaleontologia","status":"publish","type":"post","link":"https:\/\/radiorevelacionfm.cl\/?p=9666","title":{"rendered":"Museo Regional realizar\u00e1 la primera Semana de la GeoPaleontolog\u00eda"},"content":{"rendered":"<div class=\"flex_column av_one_full  flex_column_div av-zero-column-padding first  avia-builder-el-0  el_before_av_one_full  avia-builder-el-first  \" style='border-radius:0px; '><div  class='avia-image-container  av-styling-    avia-builder-el-1  avia-builder-el-no-sibling  avia-align-center '  itemprop=\"image\" itemscope=\"itemscope\" itemtype=\"https:\/\/schema.org\/ImageObject\"  ><div class='avia-image-container-inner'><div class='avia-image-overlay-wrap'><img decoding=\"async\" class='wp-image-9667 avia-img-lazy-loading-not-9667 avia_image' src=\"https:\/\/radiorevelacionfm.cl\/wp-content\/uploads\/2021\/10\/semana_paleo_afiche_web-1-1_optimized.jpg\" alt='' title='semana_paleo_afiche_web-(1)-(1)_optimized' height=\"600\" width=\"1066\"  itemprop=\"thumbnailUrl\" srcset=\"https:\/\/radiorevelacionfm.cl\/wp-content\/uploads\/2021\/10\/semana_paleo_afiche_web-1-1_optimized.jpg 1066w, https:\/\/radiorevelacionfm.cl\/wp-content\/uploads\/2021\/10\/semana_paleo_afiche_web-1-1_optimized-300x169.jpg 300w, https:\/\/radiorevelacionfm.cl\/wp-content\/uploads\/2021\/10\/semana_paleo_afiche_web-1-1_optimized-1030x580.jpg 1030w, https:\/\/radiorevelacionfm.cl\/wp-content\/uploads\/2021\/10\/semana_paleo_afiche_web-1-1_optimized-768x432.jpg 768w, https:\/\/radiorevelacionfm.cl\/wp-content\/uploads\/2021\/10\/semana_paleo_afiche_web-1-1_optimized-705x397.jpg 705w, https:\/\/radiorevelacionfm.cl\/wp-content\/uploads\/2021\/10\/semana_paleo_afiche_web-1-1_optimized-600x338.jpg 600w\" sizes=\"(max-width: 1066px) 100vw, 1066px\" \/><\/div><\/div><\/div><\/div><div class=\"flex_column av_one_full  flex_column_div av-zero-column-padding first  avia-builder-el-2  el_after_av_one_full  el_before_av_one_full  column-top-margin\" style='border-radius:0px; '><section class=\"av_textblock_section \"  itemscope=\"itemscope\" itemtype=\"https:\/\/schema.org\/BlogPosting\" itemprop=\"blogPost\" ><div class='avia_textblock  '   itemprop=\"text\" ><p style=\"text-align: center;\"><strong><span style=\"font-size: 18pt;\">Museo Regional realizar\u00e1 la primera Semana de la GeoPaleontolog\u00eda<\/span><\/strong><\/p>\n<div id=\"gtx-trans\" style=\"position: absolute; left: -50px; top: 4.31534px;\">\n<div class=\"gtx-trans-icon\"><\/div>\n<\/div>\n<\/div><\/section><\/div><div class=\"flex_column av_one_full  flex_column_div av-zero-column-padding first  avia-builder-el-4  el_after_av_one_full  el_before_av_hr  column-top-margin\" style='border-radius:0px; '><section class=\"av_textblock_section \"  itemscope=\"itemscope\" itemtype=\"https:\/\/schema.org\/BlogPosting\" itemprop=\"blogPost\" ><div class='avia_textblock  '   itemprop=\"text\" ><p style=\"text-align: justify;\">Despu\u00e9s de diversas postergaciones producto de la situaci\u00f3n sanitaria COVID-19, este a\u00f1o el Museo Regional realizar\u00e1 la primera Semana de la GeoPaleontolog\u00eda, desde el martes 19 al s\u00e1bado 23 de octubre.<\/p>\n<p style=\"text-align: justify;\">Ser\u00e1 una actividad abierta a la comunidad regional, que congrega por primera vez en Ays\u00e9n a connotados y connotadas profesionales de la Geolog\u00eda y la Paleontolog\u00eda de Chile y Argentina, quienes expondr\u00e1n sobre los m\u00e1s recientes y fant\u00e1sticos descubrimientos que esta regi\u00f3n est\u00e1 aportando al mundo.<\/p>\n<p style=\"text-align: justify;\">La programaci\u00f3n cuenta con charlas cient\u00edficas, conversatorios y una programaci\u00f3n educativa especial para colegios, junto con actividades orientadas a un p\u00fablico familiar, en torno a los f\u00f3siles y la geolog\u00eda.<\/p>\n<ul style=\"text-align: justify;\">\n<li><a href=\"https:\/\/www.museoregionalaysen.gob.cl\/sites\/www.museoregionalaysen.gob.cl\/files\/2021-10\/programa.pdf\"><strong>Ver programa completo<\/strong><\/a><\/li>\n<\/ul>\n<p style=\"text-align: justify;\">El cuidado del patrimonio es clave, y durante este evento tambi\u00e9n se llevar\u00e1 a cabo el 1er Seminario Binacional sobre tr\u00e1fico de f\u00f3siles entre Chile y Argentina , el que contar\u00e1 con la participaci\u00f3n de la Mesa Chilena de Tr\u00e1fico Il\u00edcito, Consejo de Monumentos Nacionales y sus oficinas t\u00e9cnicas de Ays\u00e9n y Magallanes, adem\u00e1s de la valiosa experiencia del Museo Egidio Feruglio de Trelew (Argentina).<\/p>\n<h2 style=\"text-align: justify;\"><span style=\"font-size: 14pt;\">Actividades con inscripci\u00f3n previa<\/span><\/h2>\n<ul style=\"text-align: justify;\">\n<li><strong>Tour cient\u00edfico \u00abUn paseo por la Luna\u00bb Valle de la Luna, \u00d1irehuao<br \/>\nS\u00e1bado 23 de octubre. 08:00 a 14:00 horas\u00a0<\/strong><\/li>\n<\/ul>\n<p style=\"text-align: justify;\">Durante el viaje, guiado por expertos, recorreremos algunos de los hitos geol\u00f3gicos y paleontol\u00f3gicos de la zona, tales como antiguas erupciones volc\u00e1nicas y mares prehist\u00f3ricos llenos de animales extintos.<\/p>\n<p style=\"text-align: justify;\">&#8211; Actividad gratuita. El museo dispondr\u00e1 de dos buses con cupos limitados para el viaje.<\/p>\n<p style=\"text-align: justify;\">&#8211; Llevar ropa abrigada y calzado para caminatas en terreno rocoso.<\/p>\n<p style=\"text-align: justify;\">&#8211; Se puede llevar colaci\u00f3n y agua personal.<\/p>\n<p style=\"text-align: justify;\">&#8211; Uso obligatorio de mascarilla.<\/p>\n<p style=\"text-align: justify;\">&#8211; Se controlar\u00e1 temperatura y registro de datos personales antes de subir al bus.<\/p>\n<p style=\"text-align: justify;\">&#8211; Salida 08:00 horas desde Museo Regional de Ays\u00e9n. Favor llegar con al menos 20 minutos de anticipaci\u00f3n.<\/p>\n<p style=\"text-align: justify;\">&#8211; Hora de regreso: 14:00 horas aprox.<\/p>\n<p style=\"text-align: justify;\">&#8211;\u00a0<strong><span style=\"font-size: 10pt;\">FORMULARIO DE INSCRIPCI\u00d3N CERRADO. CUPOS COMPLETOS<\/span>. Avisaremos si se liberan cupos antes de la actividad.<\/strong><\/p>\n<p style=\"text-align: justify;\">&#8211; Consultas:\u00a0<a class=\"mailto\" href=\"mailto:contactoaysen@museoschile.gob.cl\" data-extlink=\"\">contactoaysen@museoschile.gob.cl<\/a><\/p>\n<ul style=\"text-align: justify;\">\n<li><strong>Taller: Actualizaci\u00f3n de GeoPaleontolog\u00eda para docentes.<br \/>\nMi\u00e9rcoles 20 de octubre, 15:00 a 18:00 horas<\/strong>Actividad para profesores y profesoras de educaci\u00f3n b\u00e1sica y media a realizarse el\u00a0<strong>mi\u00e9rcoles 20 de octubre de 15 a 18 horas<\/strong>. La actividad es gratuita y presencial en el museo, e incluye certificaci\u00f3n por participaci\u00f3n.\u00a0Los cupos del taller son limitados y se requiere inscripci\u00f3n previa en el siguiente\u00a0<strong><a class=\"ext\" href=\"https:\/\/forms.gle\/sNpDi12PAUjfDCiM7\" target=\"_blank\" rel=\"noopener noreferrer\" data-extlink=\"\">formulario disponible<\/a><\/strong>.Los m\u00f3dulos del Taller son:1.\u00a0M\u00f3dulo 1: Aspectos generales del geopatrimonio en Ays\u00e9n<br \/>\n2.\u00a0M\u00f3dulo 2: F\u00f3siles y patrimonio paleontol\u00f3gico de Ays\u00e9n<br \/>\n3. M\u00f3dulo 3: Usos did\u00e1cticos del geopaleopatrimonio<\/li>\n<\/ul>\n<\/div><\/section><\/div><div  style='height:50px' class='hr hr-invisible   avia-builder-el-6  el_after_av_one_full  el_before_av_social_share '><span class='hr-inner ' ><span class='hr-inner-style'><\/span><\/span><\/div><\/p>\n<div  class='av-social-sharing-box  avia-builder-el-7  el_after_av_hr  el_before_av_hr  '><div class='av-share-box'><h5 class='av-share-link-description av-no-toc '>Compartir esta noticia<\/h5><ul class='av-share-box-list noLightbox'><li class='av-share-link av-social-link-facebook' ><a target=\"_blank\" aria-label=\"Compartir en Facebook\" href='https:\/\/www.facebook.com\/sharer.php?u=https:\/\/radiorevelacionfm.cl\/?p=9666&#038;t=Museo%20Regional%20realizar%C3%A1%20la%20primera%20Semana%20de%20la%20GeoPaleontolog%C3%ADa' aria-hidden='false' data-av_icon='\ue8f3' data-av_iconfont='entypo-fontello' title='' data-avia-related-tooltip='Compartir en Facebook' rel=\"noopener\"><span class='avia_hidden_link_text'>Compartir en Facebook<\/span><\/a><\/li><li class='av-share-link av-social-link-twitter' ><a target=\"_blank\" aria-label=\"Compartir en Twitter\" href='https:\/\/twitter.com\/share?text=Museo%20Regional%20realizar%C3%A1%20la%20primera%20Semana%20de%20la%20GeoPaleontolog%C3%ADa&#038;url=https:\/\/radiorevelacionfm.cl\/?p=9666' aria-hidden='false' data-av_icon='\ue8f1' data-av_iconfont='entypo-fontello' title='' data-avia-related-tooltip='Compartir en Twitter' rel=\"noopener\"><span class='avia_hidden_link_text'>Compartir en Twitter<\/span><\/a><\/li><li class='av-share-link av-social-link-whatsapp' ><a target=\"_blank\" aria-label=\"Compartir en Whatsapp\" href='https:\/\/api.whatsapp.com\/send?text=https:\/\/radiorevelacionfm.cl\/?p=9666' aria-hidden='false' data-av_icon='\uf232' data-av_iconfont='entypo-fontello' title='' data-avia-related-tooltip='Compartir en Whatsapp' rel=\"noopener\"><span class='avia_hidden_link_text'>Compartir en Whatsapp<\/span><\/a><\/li><li class='av-share-link av-social-link-linkedin' ><a target=\"_blank\" aria-label=\"Compartir en LinkedIn\" href='https:\/\/linkedin.com\/shareArticle?mini=true&#038;title=Museo%20Regional%20realizar%C3%A1%20la%20primera%20Semana%20de%20la%20GeoPaleontolog%C3%ADa&#038;url=https:\/\/radiorevelacionfm.cl\/?p=9666' aria-hidden='false' data-av_icon='\ue8fc' data-av_iconfont='entypo-fontello' title='' data-avia-related-tooltip='Compartir en LinkedIn' rel=\"noopener\"><span class='avia_hidden_link_text'>Compartir en LinkedIn<\/span><\/a><\/li><li class='av-share-link av-social-link-mail' ><a  aria-label=\"Compartir por correo\" href='mailto:?subject=Museo%20Regional%20realizar%C3%A1%20la%20primera%20Semana%20de%20la%20GeoPaleontolog%C3%ADa&#038;body=https:\/\/radiorevelacionfm.cl\/?p=9666' aria-hidden='false' data-av_icon='\ue805' data-av_iconfont='entypo-fontello' title='' data-avia-related-tooltip='Compartir por correo'><span class='avia_hidden_link_text'>Compartir por correo<\/span><\/a><\/li><\/ul><\/div><\/div>\n<div  style='height:50px' class='hr hr-invisible   avia-builder-el-8  el_after_av_social_share  el_before_av_comments_list '><span class='hr-inner ' ><span class='hr-inner-style'><\/span><\/span><\/div>\n<div  class='av-buildercomment  av-blog-meta-html-info-disabled av-blog-meta-tag-disabled  '><\/div>\n","protected":false},"excerpt":{"rendered":"","protected":false},"author":1,"featured_media":9667,"comment_status":"open","ping_status":"open","sticky":false,"template":"","format":"standard","meta":{"footnotes":""},"categories":[53],"tags":[],"class_list":["post-9666","post","type-post","status-publish","format-standard","has-post-thumbnail","hentry","category-ciencia"],"jetpack_featured_media_url":"https:\/\/radiorevelacionfm.cl\/wp-content\/uploads\/2021\/10\/semana_paleo_afiche_web-1-1_optimized.jpg","_links":{"self":[{"href":"https:\/\/radiorevelacionfm.cl\/index.php?rest_route=\/wp\/v2\/posts\/9666","targetHints":{"allow":["GET"]}}],"collection":[{"href":"https:\/\/radiorevelacionfm.cl\/index.php?rest_route=\/wp\/v2\/posts"}],"about":[{"href":"https:\/\/radiorevelacionfm.cl\/index.php?rest_route=\/wp\/v2\/types\/post"}],"author":[{"embeddable":true,"href":"https:\/\/radiorevelacionfm.cl\/index.php?rest_route=\/wp\/v2\/users\/1"}],"replies":[{"embeddable":true,"href":"https:\/\/radiorevelacionfm.cl\/index.php?rest_route=%2Fwp%2Fv2%2Fcomments&post=9666"}],"version-history":[{"count":2,"href":"https:\/\/radiorevelacionfm.cl\/index.php?rest_route=\/wp\/v2\/posts\/9666\/revisions"}],"predecessor-version":[{"id":9670,"href":"https:\/\/radiorevelacionfm.cl\/index.php?rest_route=\/wp\/v2\/posts\/9666\/revisions\/9670"}],"wp:featuredmedia":[{"embeddable":true,"href":"https:\/\/radiorevelacionfm.cl\/index.php?rest_route=\/wp\/v2\/media\/9667"}],"wp:attachment":[{"href":"https:\/\/radiorevelacionfm.cl\/index.php?rest_route=%2Fwp%2Fv2%2Fmedia&parent=9666"}],"wp:term":[{"taxonomy":"category","embeddable":true,"href":"https:\/\/radiorevelacionfm.cl\/index.php?rest_route=%2Fwp%2Fv2%2Fcategories&post=9666"},{"taxonomy":"post_tag","embeddable":true,"href":"https:\/\/radiorevelacionfm.cl\/index.php?rest_route=%2Fwp%2Fv2%2Ftags&post=9666"}],"curies":[{"name":"wp","href":"https:\/\/api.w.org\/{rel}","templated":true}]}}