{"id":9663,"date":"2021-10-15T12:06:57","date_gmt":"2021-10-15T15:06:57","guid":{"rendered":"https:\/\/radiorevelacionfm.cl\/?p=9663"},"modified":"2021-10-15T12:06:57","modified_gmt":"2021-10-15T15:06:57","slug":"en-octubre-celebramos-la-curiosidad-y-el-patrimonio-inscribete-y-participa-en-las-actividades-del-festival-de-la-ciencia-2021","status":"publish","type":"post","link":"https:\/\/radiorevelacionfm.cl\/?p=9663","title":{"rendered":"En octubre celebramos la curiosidad y el patrimonio: inscr\u00edbete y participa en las actividades del Festival de la Ciencia 2021"},"content":{"rendered":"<div class=\"flex_column av_one_full  flex_column_div av-zero-column-padding first  avia-builder-el-0  el_before_av_one_full  avia-builder-el-first  \" style='border-radius:0px; '><div  class='avia-image-container  av-styling-    avia-builder-el-1  avia-builder-el-no-sibling  avia-align-center '  itemprop=\"image\" itemscope=\"itemscope\" itemtype=\"https:\/\/schema.org\/ImageObject\"  ><div class='avia-image-container-inner'><div class='avia-image-overlay-wrap'><img decoding=\"async\" class='wp-image-9664 avia-img-lazy-loading-not-9664 avia_image' src=\"https:\/\/radiorevelacionfm.cl\/wp-content\/uploads\/2021\/10\/FECI-1-1.png\" alt='' title='FECI (1) (1)' height=\"600\" width=\"941\"  itemprop=\"thumbnailUrl\" srcset=\"https:\/\/radiorevelacionfm.cl\/wp-content\/uploads\/2021\/10\/FECI-1-1.png 941w, https:\/\/radiorevelacionfm.cl\/wp-content\/uploads\/2021\/10\/FECI-1-1-300x191.png 300w, https:\/\/radiorevelacionfm.cl\/wp-content\/uploads\/2021\/10\/FECI-1-1-768x490.png 768w, https:\/\/radiorevelacionfm.cl\/wp-content\/uploads\/2021\/10\/FECI-1-1-705x450.png 705w, https:\/\/radiorevelacionfm.cl\/wp-content\/uploads\/2021\/10\/FECI-1-1-600x383.png 600w\" sizes=\"(max-width: 941px) 100vw, 941px\" \/><\/div><\/div><\/div><\/div><div class=\"flex_column av_one_full  flex_column_div av-zero-column-padding first  avia-builder-el-2  el_after_av_one_full  el_before_av_one_full  column-top-margin\" style='border-radius:0px; '><section class=\"av_textblock_section \"  itemscope=\"itemscope\" itemtype=\"https:\/\/schema.org\/BlogPosting\" itemprop=\"blogPost\" ><div class='avia_textblock  '   itemprop=\"text\" ><p style=\"text-align: center;\"><span style=\"font-size: 18pt;\"><strong>En octubre celebramos la curiosidad y el patrimonio: inscr\u00edbete y participa en las actividades del Festival de la Ciencia 2021<\/strong><\/span><\/p>\n<div id=\"gtx-trans\" style=\"position: absolute; left: -50px; top: 4.31534px;\">\n<div class=\"gtx-trans-icon\"><\/div>\n<\/div>\n<\/div><\/section><\/div><div class=\"flex_column av_one_full  flex_column_div av-zero-column-padding first  avia-builder-el-4  el_after_av_one_full  el_before_av_hr  column-top-margin\" style='border-radius:0px; '><section class=\"av_textblock_section \"  itemscope=\"itemscope\" itemtype=\"https:\/\/schema.org\/BlogPosting\" itemprop=\"blogPost\" ><div class='avia_textblock  '   itemprop=\"text\" ><p style=\"text-align: justify;\">Con un variado programa de actividades, el Proyecto Explora Ays\u00e9n del Ministerio de Ciencia, y ejecutado en la regi\u00f3n por el Campus Patagonia de la Universidad Austral de Chile, abre las inscripciones para participar del Festival de la Ciencia 2021, una celebraci\u00f3n p\u00fablica, gratuita y nacional, impulsada por la Divisi\u00f3n de Ciencia y Sociedad del Ministerio de Ciencia, que invita a todas las personas a acercarse, apropiarse y disfrutar de la ciencia, la tecnolog\u00eda, el conocimiento y la innovaci\u00f3n.<\/p>\n<p style=\"text-align: justify;\"><strong>Un territorio de enorme riqueza natural y cultural<\/strong><\/p>\n<p style=\"text-align: justify;\">M\u00e1s del 50% de la superficie de la regi\u00f3n de Ays\u00e9n corresponde a \u00c1reas Silvestres Protegidas, albergando una de las reservas m\u00e1s grandes de agua dulce del mundo y la mayor superficie de bosque nativo del pa\u00eds. En este territorio se suman diversas tradiciones que han aportado los pioneros y pioneras, dando lugar a una riqueza cultural muy particular.<\/p>\n<p style=\"text-align: justify;\">Con la intenci\u00f3n de relevar el patrimonio natural y cultural de la regi\u00f3n, las actividades del Festival de la Ciencia en Ays\u00e9n han sido dise\u00f1adas con el fin de rescatar oficios de nuestros antepasados, conocer la historia de los primeros asentamientos humanos, valorar y conocer la flora y fauna nativa y visibilizar el trabajo de investigaci\u00f3n, protecci\u00f3n y conservaci\u00f3n que se realiza en la regi\u00f3n. Las actividades consideran talleres virtuales y presenciales, recorridos virtuales por laboratorios y museos, un conversatorio y un evento de m\u00fasica, poes\u00eda y ciencia.<\/p>\n<p style=\"text-align: justify;\"><strong>Conversaci\u00f3n, m\u00fasica y patrimonio<\/strong><\/p>\n<p style=\"text-align: justify;\">La ma\u00f1ana del viernes 22 de octubre estar\u00e1 dedicada a las y los j\u00f3venes que buscan una transformaci\u00f3n social, con el conversatorio virtual <em>\u201cAgentes de cambio: l\u00edderes j\u00f3venes por la transformaci\u00f3n socio-ambiental\u201d<\/em>, un espacio de reflexi\u00f3n e intercambio de ideas liderado por Valentina Mu\u00f1oz, Presidenta de la Asociaci\u00f3n de Mujeres J\u00f3venes por las Ideas y la contribuyente m\u00e1s joven en la construcci\u00f3n de la Primera Pol\u00edtica de Inteligencia Artificial en Chile; Julieta Mart\u00ednez, joven activista creadora del Colectivo Tremendas y Catalina Silva, activista medioambiental fundadora de 1000 acciones por un cambio.<\/p>\n<p style=\"text-align: justify;\">Por otro lado, la tarde del s\u00e1bado 23 ser\u00e1 de m\u00fasica y poes\u00eda, con la participaci\u00f3n de artistas como Luciano Auad, Naara Andariega y Flow de piel, quienes interpretar\u00e1n al ritmo del folklore aysesino y el rap, algunas d\u00e9cimas del libro<em>\u201cBiod\u00e9cimas: un canto a la diversidad biol\u00f3gica de Chile<\/em>\u201d del ec\u00f3logo y escritor, Ramiro Bustamante.<\/p>\n<p style=\"text-align: justify;\"><strong>Un Festival de m\u00faltiples miradas<\/strong><\/p>\n<p style=\"text-align: justify;\">Un elemento central en la planificaci\u00f3n y desarrollo del Festival de la Ciencia es el trabajo de co-dise\u00f1o de las actividades junto a instituciones y organizaciones que comparten objetivos en com\u00fan. Este a\u00f1o contamos con la participaci\u00f3n del Centro de Investigaci\u00f3n en Ecosistemas de la Patagonia (CIEP), el Laboratorio Costero Calfuco del Instituto de Ciencias Marinas y Limnol\u00f3gicas de la UACh, el Laboratorio de Biomateriales de Valdivia (LABVA), la Junta Nacional de Jardines Infantiles, JUNJI, Fundaci\u00f3n Integra, la Corporaci\u00f3n Nacional Forestal, CONAF, la Sociedad de Historia y Geograf\u00eda de Ays\u00e9n, la Biblioteca Regional de Ays\u00e9n, el Centro Cultural de Coyhaique, el Museo Regional de Ays\u00e9n, la Fundaci\u00f3n para la Superaci\u00f3n para la Pobreza, el Servicio Nacional de Patrimonio Cultural, el Instituto de Ecolog\u00eda y Biodiversidad (IEB) y personas que desde su arte, conocimiento y experiencia, han contribuido para dar vida al Festival de la Ciencia.<\/p>\n<p style=\"text-align: justify;\">\u201cLa ciencia es una forma de entender el mundo que habitamos, y hoy m\u00e1s que nunca es fundamental visibilizar el aporte y trabajo de la comunidad cient\u00edfica en esta b\u00fasqueda, y es as\u00ed como, que desde el equipo hemos trabajado colectivamente para que quienes participen se sorprendan y se apropien de los distintos espacios virtuales para celebrar la curiosidad y reconocer el valor de las ciencias en el territorio\u00a0 y la sociedad\u201d concluy\u00f3 Marisol Barr\u00eda Navarro, Directora del Proyecto Explora Ays\u00e9n.<\/p>\n<p style=\"text-align: justify;\">\u00a1Celebra la curiosidad y s\u00famate a las actividades del Festival de la Ciencia! Ingresa al formulario para conocer las actividades y escoger las que m\u00e1s te gusten:<\/p>\n<p style=\"text-align: justify;\"><a href=\"http:\/\/shorturl.at\/dgjD1\">Formulario de inscripci\u00f3n de actividades<\/a><\/p>\n<\/div><\/section><\/div><div  style='height:50px' class='hr hr-invisible   avia-builder-el-6  el_after_av_one_full  el_before_av_social_share '><span class='hr-inner ' ><span class='hr-inner-style'><\/span><\/span><\/div><\/p>\n<div  class='av-social-sharing-box  avia-builder-el-7  el_after_av_hr  el_before_av_hr  '><div class='av-share-box'><h5 class='av-share-link-description av-no-toc '>Compartir esta noticia<\/h5><ul class='av-share-box-list noLightbox'><li class='av-share-link av-social-link-facebook' ><a target=\"_blank\" aria-label=\"Compartir en Facebook\" href='https:\/\/www.facebook.com\/sharer.php?u=https:\/\/radiorevelacionfm.cl\/?p=9663&#038;t=En%20octubre%20celebramos%20la%20curiosidad%20y%20el%20patrimonio%3A%20inscr%C3%ADbete%20y%20participa%20en%20las%20actividades%20del%20Festival%20de%20la%20Ciencia%202021' aria-hidden='false' data-av_icon='\ue8f3' data-av_iconfont='entypo-fontello' title='' data-avia-related-tooltip='Compartir en Facebook' rel=\"noopener\"><span class='avia_hidden_link_text'>Compartir en Facebook<\/span><\/a><\/li><li class='av-share-link av-social-link-twitter' ><a target=\"_blank\" aria-label=\"Compartir en Twitter\" href='https:\/\/twitter.com\/share?text=En%20octubre%20celebramos%20la%20curiosidad%20y%20el%20patrimonio%3A%20inscr%C3%ADbete%20y%20participa%20en%20las%20actividades%20del%20Festival%20de%20la%20Ciencia%202021&#038;url=https:\/\/radiorevelacionfm.cl\/?p=9663' aria-hidden='false' data-av_icon='\ue8f1' data-av_iconfont='entypo-fontello' title='' data-avia-related-tooltip='Compartir en Twitter' rel=\"noopener\"><span class='avia_hidden_link_text'>Compartir en Twitter<\/span><\/a><\/li><li class='av-share-link av-social-link-whatsapp' ><a target=\"_blank\" aria-label=\"Compartir en Whatsapp\" href='https:\/\/api.whatsapp.com\/send?text=https:\/\/radiorevelacionfm.cl\/?p=9663' aria-hidden='false' data-av_icon='\uf232' data-av_iconfont='entypo-fontello' title='' data-avia-related-tooltip='Compartir en Whatsapp' rel=\"noopener\"><span class='avia_hidden_link_text'>Compartir en Whatsapp<\/span><\/a><\/li><li class='av-share-link av-social-link-linkedin' ><a target=\"_blank\" aria-label=\"Compartir en LinkedIn\" href='https:\/\/linkedin.com\/shareArticle?mini=true&#038;title=En%20octubre%20celebramos%20la%20curiosidad%20y%20el%20patrimonio%3A%20inscr%C3%ADbete%20y%20participa%20en%20las%20actividades%20del%20Festival%20de%20la%20Ciencia%202021&#038;url=https:\/\/radiorevelacionfm.cl\/?p=9663' aria-hidden='false' data-av_icon='\ue8fc' data-av_iconfont='entypo-fontello' title='' data-avia-related-tooltip='Compartir en LinkedIn' rel=\"noopener\"><span class='avia_hidden_link_text'>Compartir en LinkedIn<\/span><\/a><\/li><li class='av-share-link av-social-link-mail' ><a  aria-label=\"Compartir por correo\" href='mailto:?subject=En%20octubre%20celebramos%20la%20curiosidad%20y%20el%20patrimonio%3A%20inscr%C3%ADbete%20y%20participa%20en%20las%20actividades%20del%20Festival%20de%20la%20Ciencia%202021&#038;body=https:\/\/radiorevelacionfm.cl\/?p=9663' aria-hidden='false' data-av_icon='\ue805' data-av_iconfont='entypo-fontello' title='' data-avia-related-tooltip='Compartir por correo'><span class='avia_hidden_link_text'>Compartir por correo<\/span><\/a><\/li><\/ul><\/div><\/div>\n<div  style='height:50px' class='hr hr-invisible   avia-builder-el-8  el_after_av_social_share  el_before_av_comments_list '><span class='hr-inner ' ><span class='hr-inner-style'><\/span><\/span><\/div>\n<div  class='av-buildercomment  av-blog-meta-html-info-disabled av-blog-meta-tag-disabled  '><\/div>\n","protected":false},"excerpt":{"rendered":"","protected":false},"author":1,"featured_media":9664,"comment_status":"open","ping_status":"open","sticky":false,"template":"","format":"standard","meta":{"footnotes":""},"categories":[53],"tags":[],"class_list":["post-9663","post","type-post","status-publish","format-standard","has-post-thumbnail","hentry","category-ciencia"],"jetpack_featured_media_url":"https:\/\/radiorevelacionfm.cl\/wp-content\/uploads\/2021\/10\/FECI-1-1.png","_links":{"self":[{"href":"https:\/\/radiorevelacionfm.cl\/index.php?rest_route=\/wp\/v2\/posts\/9663","targetHints":{"allow":["GET"]}}],"collection":[{"href":"https:\/\/radiorevelacionfm.cl\/index.php?rest_route=\/wp\/v2\/posts"}],"about":[{"href":"https:\/\/radiorevelacionfm.cl\/index.php?rest_route=\/wp\/v2\/types\/post"}],"author":[{"embeddable":true,"href":"https:\/\/radiorevelacionfm.cl\/index.php?rest_route=\/wp\/v2\/users\/1"}],"replies":[{"embeddable":true,"href":"https:\/\/radiorevelacionfm.cl\/index.php?rest_route=%2Fwp%2Fv2%2Fcomments&post=9663"}],"version-history":[{"count":1,"href":"https:\/\/radiorevelacionfm.cl\/index.php?rest_route=\/wp\/v2\/posts\/9663\/revisions"}],"predecessor-version":[{"id":9665,"href":"https:\/\/radiorevelacionfm.cl\/index.php?rest_route=\/wp\/v2\/posts\/9663\/revisions\/9665"}],"wp:featuredmedia":[{"embeddable":true,"href":"https:\/\/radiorevelacionfm.cl\/index.php?rest_route=\/wp\/v2\/media\/9664"}],"wp:attachment":[{"href":"https:\/\/radiorevelacionfm.cl\/index.php?rest_route=%2Fwp%2Fv2%2Fmedia&parent=9663"}],"wp:term":[{"taxonomy":"category","embeddable":true,"href":"https:\/\/radiorevelacionfm.cl\/index.php?rest_route=%2Fwp%2Fv2%2Fcategories&post=9663"},{"taxonomy":"post_tag","embeddable":true,"href":"https:\/\/radiorevelacionfm.cl\/index.php?rest_route=%2Fwp%2Fv2%2Ftags&post=9663"}],"curies":[{"name":"wp","href":"https:\/\/api.w.org\/{rel}","templated":true}]}}