{"id":9657,"date":"2021-10-14T17:37:19","date_gmt":"2021-10-14T20:37:19","guid":{"rendered":"https:\/\/radiorevelacionfm.cl\/?p=9657"},"modified":"2021-10-14T17:37:19","modified_gmt":"2021-10-14T20:37:19","slug":"mop-potencia-conservacion-de-los-aerodromos-de-la-zona-norte-de-la-region-de-aysen","status":"publish","type":"post","link":"https:\/\/radiorevelacionfm.cl\/?p=9657","title":{"rendered":"MOP potencia conservaci\u00f3n de los aer\u00f3dromos de la zona norte de la regi\u00f3n de Ays\u00e9n"},"content":{"rendered":"<div class=\"flex_column av_one_full  flex_column_div av-zero-column-padding first  avia-builder-el-0  el_before_av_one_full  avia-builder-el-first  \" style='border-radius:0px; '><div  class='avia-image-container  av-styling-    avia-builder-el-1  avia-builder-el-no-sibling  avia-align-center '  itemprop=\"image\" itemscope=\"itemscope\" itemtype=\"https:\/\/schema.org\/ImageObject\"  ><div class='avia-image-container-inner'><div class='avia-image-overlay-wrap'><img decoding=\"async\" class='wp-image-9658 avia-img-lazy-loading-not-9658 avia_image' src=\"https:\/\/radiorevelacionfm.cl\/wp-content\/uploads\/2021\/10\/melinka-01-1_optimized.jpg\" alt='' title='melinka-01-(1)_optimized' height=\"600\" width=\"1067\"  itemprop=\"thumbnailUrl\" srcset=\"https:\/\/radiorevelacionfm.cl\/wp-content\/uploads\/2021\/10\/melinka-01-1_optimized.jpg 1067w, https:\/\/radiorevelacionfm.cl\/wp-content\/uploads\/2021\/10\/melinka-01-1_optimized-300x169.jpg 300w, https:\/\/radiorevelacionfm.cl\/wp-content\/uploads\/2021\/10\/melinka-01-1_optimized-1030x579.jpg 1030w, https:\/\/radiorevelacionfm.cl\/wp-content\/uploads\/2021\/10\/melinka-01-1_optimized-768x432.jpg 768w, https:\/\/radiorevelacionfm.cl\/wp-content\/uploads\/2021\/10\/melinka-01-1_optimized-705x396.jpg 705w, https:\/\/radiorevelacionfm.cl\/wp-content\/uploads\/2021\/10\/melinka-01-1_optimized-600x337.jpg 600w\" sizes=\"(max-width: 1067px) 100vw, 1067px\" \/><\/div><\/div><\/div><\/div><div class=\"flex_column av_one_full  flex_column_div av-zero-column-padding first  avia-builder-el-2  el_after_av_one_full  el_before_av_one_full  column-top-margin\" style='border-radius:0px; '><section class=\"av_textblock_section \"  itemscope=\"itemscope\" itemtype=\"https:\/\/schema.org\/BlogPosting\" itemprop=\"blogPost\" ><div class='avia_textblock  '   itemprop=\"text\" ><p style=\"text-align: center;\"><strong><span style=\"font-size: 18pt;\">MOP potencia conservaci\u00f3n de los aer\u00f3dromos de la zona norte de la regi\u00f3n de Ays\u00e9n<\/span><\/strong><\/p>\n<div id=\"gtx-trans\" style=\"position: absolute; left: -50px; top: 4.31534px;\">\n<div class=\"gtx-trans-icon\"><\/div>\n<\/div>\n<\/div><\/section><\/div><div class=\"flex_column av_one_full  flex_column_div av-zero-column-padding first  avia-builder-el-4  el_after_av_one_full  el_before_av_hr  column-top-margin\" style='border-radius:0px; '><section class=\"av_textblock_section \"  itemscope=\"itemscope\" itemtype=\"https:\/\/schema.org\/BlogPosting\" itemprop=\"blogPost\" ><div class='avia_textblock  '   itemprop=\"text\" ><p style=\"text-align: justify;\">Una muy buena noticia para los vecinos de la zona norte de la regi\u00f3n de Ays\u00e9n inform\u00f3 hoy el Secretario Regional Ministerial de Obras P\u00fablicas, N\u00e9stor Mera Mu\u00f1oz, como es la entrega de terreno a las empresas esta semana para realizar la conservaci\u00f3n de la Red de Peque\u00f1os Aer\u00f3dromos ubicados en el extremo norte de la regi\u00f3n de Ays\u00e9n, los que forman parte del Plan de Recuperaci\u00f3n Econ\u00f3mica que el gobierno del presidente Sebasti\u00e1n Pi\u00f1era impulsa en esta zona del pa\u00eds para mejorar las condiciones de conectividad a\u00e9rea de los vecinos y entregar nuevos empleos.<\/p>\n<p style=\"text-align: justify;\">En promedio las operaciones a\u00e9reas en estos cuatro Aer\u00f3dromos fluct\u00faan entre las 500 y las 1.500 anualmente, siendo el Aer\u00f3dromo de Melinka unos de los que m\u00e1s aporta en este \u00e1mbito debido al uso que le da el rubro pesquero, al igual que el Aer\u00f3dromo de Melimoyu; y en el \u00e1rea tur\u00edstica los Aer\u00f3dromos que m\u00e1s contribuyen con operaciones a\u00e9reas en la zona norte son Puerto Ra\u00fal Mar\u00edn Balmaceda y Puyuhuapi. Todas estas estructuras a\u00e9reas cobran especial relevancia cuando se deben efectuar evacuaciones aerom\u00e9dicas -m\u00e1s a\u00fan hoy que nos encontramos enfrentando una pandemia-, y est\u00e1n habilitados con pistas y plataformas de estacionamientos para estos efectos.<\/p>\n<p style=\"text-align: justify;\">Consultado el SEREMI del MOP respecto a estas nuevas obras, la autoridad sectorial indic\u00f3 \u201ccomo gobierno estamos abocados a mejorar las condiciones de conectividad a\u00e9rea de las comunidades y para eso, tomamos la decisi\u00f3n de fortalecer nuestra Red de Peque\u00f1os Aer\u00f3dromos con la inclusi\u00f3n de una serie de trabajos de conservaci\u00f3n contempladas en el Plan de Recuperaci\u00f3n Econ\u00f3mica, el que como gobierno estamos llevando a efecto en diversas \u00e1reas y sectores de nuestra regi\u00f3n. As\u00ed que hoy ya hemos entregado terreno a las empresas para trabajar en la conservaci\u00f3n de los Aer\u00f3dromos de Melinka, Melimoyu, Puyuhuapi y Puerto Ra\u00fal Mar\u00edn Balmaceda, y estamos muy contentos de poder comenzar con estos trabajos que dan continuidad al cumplimiento de los desaf\u00edos que hoy tenemos como gobierno y que son mejorar nuestra conectividad regional en forma integral con la ejecuci\u00f3n de nuevas obras y entregar empleos. De esta forma, a\u00f1adi\u00f3 el SEREMI del MOP, \u201cconjuntamente todas estas obras consideran una inversi\u00f3n cercana a los $ 820 millones, a la que sumamos la inversi\u00f3n en la Asesor\u00eda a la inspecci\u00f3n Fiscal, alcanzando en total los $ 1.200 millones, los que tienen como destino potenciar las condiciones a\u00e9reas, as\u00ed como tambi\u00e9n servir para impulsar el turismo en esta zona de la regi\u00f3n de Ays\u00e9n\u201d.<\/p>\n<\/div><\/section><\/div><div  style='height:50px' class='hr hr-invisible   avia-builder-el-6  el_after_av_one_full  el_before_av_social_share '><span class='hr-inner ' ><span class='hr-inner-style'><\/span><\/span><\/div><\/p>\n<div  class='av-social-sharing-box  avia-builder-el-7  el_after_av_hr  el_before_av_hr  '><div class='av-share-box'><h5 class='av-share-link-description av-no-toc '>Compartir esta noticia<\/h5><ul class='av-share-box-list noLightbox'><li class='av-share-link av-social-link-facebook' ><a target=\"_blank\" aria-label=\"Compartir en Facebook\" href='https:\/\/www.facebook.com\/sharer.php?u=https:\/\/radiorevelacionfm.cl\/?p=9657&#038;t=MOP%20potencia%20conservaci%C3%B3n%20de%20los%20aer%C3%B3dromos%20de%20la%20zona%20norte%20de%20la%20regi%C3%B3n%20de%20Ays%C3%A9n' aria-hidden='false' data-av_icon='\ue8f3' data-av_iconfont='entypo-fontello' title='' data-avia-related-tooltip='Compartir en Facebook' rel=\"noopener\"><span class='avia_hidden_link_text'>Compartir en Facebook<\/span><\/a><\/li><li class='av-share-link av-social-link-twitter' ><a target=\"_blank\" aria-label=\"Compartir en Twitter\" href='https:\/\/twitter.com\/share?text=MOP%20potencia%20conservaci%C3%B3n%20de%20los%20aer%C3%B3dromos%20de%20la%20zona%20norte%20de%20la%20regi%C3%B3n%20de%20Ays%C3%A9n&#038;url=https:\/\/radiorevelacionfm.cl\/?p=9657' aria-hidden='false' data-av_icon='\ue8f1' data-av_iconfont='entypo-fontello' title='' data-avia-related-tooltip='Compartir en Twitter' rel=\"noopener\"><span class='avia_hidden_link_text'>Compartir en Twitter<\/span><\/a><\/li><li class='av-share-link av-social-link-whatsapp' ><a target=\"_blank\" aria-label=\"Compartir en Whatsapp\" href='https:\/\/api.whatsapp.com\/send?text=https:\/\/radiorevelacionfm.cl\/?p=9657' aria-hidden='false' data-av_icon='\uf232' data-av_iconfont='entypo-fontello' title='' data-avia-related-tooltip='Compartir en Whatsapp' rel=\"noopener\"><span class='avia_hidden_link_text'>Compartir en Whatsapp<\/span><\/a><\/li><li class='av-share-link av-social-link-linkedin' ><a target=\"_blank\" aria-label=\"Compartir en LinkedIn\" href='https:\/\/linkedin.com\/shareArticle?mini=true&#038;title=MOP%20potencia%20conservaci%C3%B3n%20de%20los%20aer%C3%B3dromos%20de%20la%20zona%20norte%20de%20la%20regi%C3%B3n%20de%20Ays%C3%A9n&#038;url=https:\/\/radiorevelacionfm.cl\/?p=9657' aria-hidden='false' data-av_icon='\ue8fc' data-av_iconfont='entypo-fontello' title='' data-avia-related-tooltip='Compartir en LinkedIn' rel=\"noopener\"><span class='avia_hidden_link_text'>Compartir en LinkedIn<\/span><\/a><\/li><li class='av-share-link av-social-link-mail' ><a  aria-label=\"Compartir por correo\" href='mailto:?subject=MOP%20potencia%20conservaci%C3%B3n%20de%20los%20aer%C3%B3dromos%20de%20la%20zona%20norte%20de%20la%20regi%C3%B3n%20de%20Ays%C3%A9n&#038;body=https:\/\/radiorevelacionfm.cl\/?p=9657' aria-hidden='false' data-av_icon='\ue805' data-av_iconfont='entypo-fontello' title='' data-avia-related-tooltip='Compartir por correo'><span class='avia_hidden_link_text'>Compartir por correo<\/span><\/a><\/li><\/ul><\/div><\/div>\n<div  style='height:50px' class='hr hr-invisible   avia-builder-el-8  el_after_av_social_share  el_before_av_comments_list '><span class='hr-inner ' ><span class='hr-inner-style'><\/span><\/span><\/div>\n<div  class='av-buildercomment  av-blog-meta-html-info-disabled av-blog-meta-tag-disabled  '><\/div>\n","protected":false},"excerpt":{"rendered":"","protected":false},"author":1,"featured_media":9658,"comment_status":"open","ping_status":"open","sticky":false,"template":"","format":"standard","meta":{"footnotes":""},"categories":[38],"tags":[],"class_list":["post-9657","post","type-post","status-publish","format-standard","has-post-thumbnail","hentry","category-regional"],"jetpack_featured_media_url":"https:\/\/radiorevelacionfm.cl\/wp-content\/uploads\/2021\/10\/melinka-01-1_optimized.jpg","_links":{"self":[{"href":"https:\/\/radiorevelacionfm.cl\/index.php?rest_route=\/wp\/v2\/posts\/9657","targetHints":{"allow":["GET"]}}],"collection":[{"href":"https:\/\/radiorevelacionfm.cl\/index.php?rest_route=\/wp\/v2\/posts"}],"about":[{"href":"https:\/\/radiorevelacionfm.cl\/index.php?rest_route=\/wp\/v2\/types\/post"}],"author":[{"embeddable":true,"href":"https:\/\/radiorevelacionfm.cl\/index.php?rest_route=\/wp\/v2\/users\/1"}],"replies":[{"embeddable":true,"href":"https:\/\/radiorevelacionfm.cl\/index.php?rest_route=%2Fwp%2Fv2%2Fcomments&post=9657"}],"version-history":[{"count":1,"href":"https:\/\/radiorevelacionfm.cl\/index.php?rest_route=\/wp\/v2\/posts\/9657\/revisions"}],"predecessor-version":[{"id":9659,"href":"https:\/\/radiorevelacionfm.cl\/index.php?rest_route=\/wp\/v2\/posts\/9657\/revisions\/9659"}],"wp:featuredmedia":[{"embeddable":true,"href":"https:\/\/radiorevelacionfm.cl\/index.php?rest_route=\/wp\/v2\/media\/9658"}],"wp:attachment":[{"href":"https:\/\/radiorevelacionfm.cl\/index.php?rest_route=%2Fwp%2Fv2%2Fmedia&parent=9657"}],"wp:term":[{"taxonomy":"category","embeddable":true,"href":"https:\/\/radiorevelacionfm.cl\/index.php?rest_route=%2Fwp%2Fv2%2Fcategories&post=9657"},{"taxonomy":"post_tag","embeddable":true,"href":"https:\/\/radiorevelacionfm.cl\/index.php?rest_route=%2Fwp%2Fv2%2Ftags&post=9657"}],"curies":[{"name":"wp","href":"https:\/\/api.w.org\/{rel}","templated":true}]}}