{"id":9654,"date":"2021-10-14T19:30:41","date_gmt":"2021-10-14T22:30:41","guid":{"rendered":"https:\/\/radiorevelacionfm.cl\/?p=9654"},"modified":"2021-10-14T19:42:33","modified_gmt":"2021-10-14T22:42:33","slug":"docente-de-puerto-sanchez-represento-a-region-de-aysen-en-ceremonia-nacional-para-profesores","status":"publish","type":"post","link":"https:\/\/radiorevelacionfm.cl\/?p=9654","title":{"rendered":"Docente de Puerto S\u00e1nchez represent\u00f3 a regi\u00f3n de Ays\u00e9n en ceremonia nacional para profesores"},"content":{"rendered":"<div class=\"flex_column av_one_full  flex_column_div av-zero-column-padding first  avia-builder-el-0  el_before_av_one_full  avia-builder-el-first  \" style='border-radius:0px; '><div  class='avia-image-container  av-styling-    avia-builder-el-1  avia-builder-el-no-sibling  avia-align-center '  itemprop=\"image\" itemscope=\"itemscope\" itemtype=\"https:\/\/schema.org\/ImageObject\"  ><div class='avia-image-container-inner'><div class='avia-image-overlay-wrap'><img decoding=\"async\" class='wp-image-9660 avia-img-lazy-loading-not-9660 avia_image' src=\"https:\/\/radiorevelacionfm.cl\/wp-content\/uploads\/2021\/10\/Foto-3-5i-2-1.jpg\" alt='' title='Foto 3 (5)i (2) (1)' height=\"600\" width=\"796\"  itemprop=\"thumbnailUrl\" srcset=\"https:\/\/radiorevelacionfm.cl\/wp-content\/uploads\/2021\/10\/Foto-3-5i-2-1.jpg 796w, https:\/\/radiorevelacionfm.cl\/wp-content\/uploads\/2021\/10\/Foto-3-5i-2-1-300x226.jpg 300w, https:\/\/radiorevelacionfm.cl\/wp-content\/uploads\/2021\/10\/Foto-3-5i-2-1-768x579.jpg 768w, https:\/\/radiorevelacionfm.cl\/wp-content\/uploads\/2021\/10\/Foto-3-5i-2-1-705x531.jpg 705w, https:\/\/radiorevelacionfm.cl\/wp-content\/uploads\/2021\/10\/Foto-3-5i-2-1-600x452.jpg 600w\" sizes=\"(max-width: 796px) 100vw, 796px\" \/><\/div><\/div><\/div><\/div><div class=\"flex_column av_one_full  flex_column_div av-zero-column-padding first  avia-builder-el-2  el_after_av_one_full  el_before_av_one_full  column-top-margin\" style='border-radius:0px; '><section class=\"av_textblock_section \"  itemscope=\"itemscope\" itemtype=\"https:\/\/schema.org\/BlogPosting\" itemprop=\"blogPost\" ><div class='avia_textblock  '   itemprop=\"text\" ><p style=\"text-align: center;\"><strong><span style=\"font-size: 18pt;\">Docente de Puerto S\u00e1nchez represent\u00f3 a regi\u00f3n de Ays\u00e9n en ceremonia nacional para profesores<\/span><\/strong><\/p>\n<div id=\"gtx-trans\" style=\"position: absolute; left: -50px; top: 4.31534px;\">\n<div class=\"gtx-trans-icon\"><\/div>\n<\/div>\n<\/div><\/section><\/div><\/p>\n<div class=\"flex_column av_one_full  flex_column_div av-zero-column-padding first  avia-builder-el-4  el_after_av_one_full  el_before_av_hr  column-top-margin\" style='border-radius:0px; '><section class=\"av_textblock_section \"  itemscope=\"itemscope\" itemtype=\"https:\/\/schema.org\/BlogPosting\" itemprop=\"blogPost\" ><div class='avia_textblock  '   itemprop=\"text\" ><p style=\"font-weight: 400; text-align: justify;\">El Ministerio de Educaci\u00f3n organiz\u00f3 esta instancia, que reuni\u00f3 a 16 educadores de todo Chile. A nivel regional, el elegido fue el maestro de la Escuela Mar\u00eda Antonieta Parra Monsalve de la comuna de R\u00edo Ib\u00e1\u00f1ez, Juan Osorio, quien asisti\u00f3 a la Moneda para recibir un reconocimiento por parte del ministro de Educaci\u00f3n Ra\u00fal Figueroa y la primera dama, Cecilia Morel.<\/p>\n<p style=\"font-weight: 400; text-align: justify;\">\u201cQuiero destacar que este premio no es solo para m\u00ed, sino que b\u00e1sicamente para todos los profesores de la comuna. Esto es el reconocimiento al esfuerzo que hemos puesto en este a\u00f1o y medio de pandemia, donde hemos tenido que sacar y renovar todas las ideas, con el fin de llegar con nuevas metodolog\u00edas de aprendizaje para nuestros estudiantes\u201d, estas fueron las palabras del profesor de la Escuela Mar\u00eda Antonieta Parra, Juan Osorio, quien represent\u00f3 a los docentes de la Regi\u00f3n Ays\u00e9n en la Moneda.<\/p>\n<p style=\"font-weight: 400; text-align: justify;\">Osorio fue parte de un grupo de 16 profesores que representaron en Santiago a cada una de sus regiones. Esto fue destacado por el educador, quien explic\u00f3 que esta ceremonia consiste en un reconocimiento para todos los docentes de Chile.<\/p>\n<p style=\"font-weight: 400; text-align: justify;\">\u201cSe seleccion\u00f3 y eligi\u00f3 a un profesor por regi\u00f3n, y este es quien asiste a esta ceremonia en donde se reconoce principalmente, la funci\u00f3n, labor y el empe\u00f1o que le ponemos a trav\u00e9s de nuestras funciones en el aula\u201d, afirm\u00f3.<\/p>\n<p style=\"font-weight: 400; text-align: justify;\">Asimismo, tuvo palabras de agradecimientos para la comunidad de Puerto S\u00e1nchez, en especial para 6 estudiantes y sus familias, manifestando que \u201cagradezco la confianza de los familiares de mis alumnos que han hecho una apuesta por nosotros, confiando en todo el cari\u00f1o que le hemos puesto en este proceso\u201d.<\/p>\n<p style=\"font-weight: 400; text-align: justify;\">Por su parte, el alcalde de la Municipalidad de R\u00edo Ib\u00e1\u00f1ez, Marcelo Santana, manifest\u00f3 su felicidad por el reconocimiento que tuvo el maestro a nivel nacional.<\/p>\n<p style=\"font-weight: 400; text-align: justify;\">\u201cNos sentimos muy orgullosos de que el profesor, Juan Osorio de la Escuela Mar\u00eda Antonieta Parra de la comuna, haya sido reconocido en la Moneda, por el mismo ministro de Educaci\u00f3n, Ra\u00fal Figueroa, en ceremonia que cont\u00f3 con presencia de la primera dama, Cecilia Morel, en la que se destac\u00f3 su aporte en la formaci\u00f3n educativa de nuestros ni\u00f1os en tiempos de pandemia\u201d, asegur\u00f3.<\/p>\n<p style=\"font-weight: 400; text-align: justify;\">Adem\u00e1s, el jefe comunal record\u00f3 que \u201cesta fue la primera escuela en volver a clases presenciales durante el a\u00f1o 2020 en Chile Continental, en toda la Regi\u00f3n de Ays\u00e9n. Esto gener\u00f3 un impacto en la toma de decisiones de otras comunas, que vieron la importancia que los ni\u00f1os volvieran al aula\u201d.<\/p>\n<p style=\"font-weight: 400; text-align: justify;\">Cabe destacar que esta ceremonia fue organizada por el Ministerio de Educaci\u00f3n para conmemorar el D\u00eda del Profesor, que, por calendario, se celebra oficialmente el 16 de octubre de cada a\u00f1o.<\/p>\n<\/div><\/section><\/div>\n<div  style='height:50px' class='hr hr-invisible   avia-builder-el-6  el_after_av_one_full  el_before_av_social_share '><span class='hr-inner ' ><span class='hr-inner-style'><\/span><\/span><\/div>\n<div  class='av-social-sharing-box  avia-builder-el-7  el_after_av_hr  el_before_av_hr  '><div class='av-share-box'><h5 class='av-share-link-description av-no-toc '>Compartir esta noticia<\/h5><ul class='av-share-box-list noLightbox'><li class='av-share-link av-social-link-facebook' ><a target=\"_blank\" aria-label=\"Compartir en Facebook\" href='https:\/\/www.facebook.com\/sharer.php?u=https:\/\/radiorevelacionfm.cl\/?p=9654&#038;t=Docente%20de%20Puerto%20S%C3%A1nchez%20represent%C3%B3%20a%20regi%C3%B3n%20de%20Ays%C3%A9n%20en%20ceremonia%20nacional%20para%20profesores' aria-hidden='false' data-av_icon='\ue8f3' data-av_iconfont='entypo-fontello' title='' data-avia-related-tooltip='Compartir en Facebook' rel=\"noopener\"><span class='avia_hidden_link_text'>Compartir en Facebook<\/span><\/a><\/li><li class='av-share-link av-social-link-twitter' ><a target=\"_blank\" aria-label=\"Compartir en Twitter\" href='https:\/\/twitter.com\/share?text=Docente%20de%20Puerto%20S%C3%A1nchez%20represent%C3%B3%20a%20regi%C3%B3n%20de%20Ays%C3%A9n%20en%20ceremonia%20nacional%20para%20profesores&#038;url=https:\/\/radiorevelacionfm.cl\/?p=9654' aria-hidden='false' data-av_icon='\ue8f1' data-av_iconfont='entypo-fontello' title='' data-avia-related-tooltip='Compartir en Twitter' rel=\"noopener\"><span class='avia_hidden_link_text'>Compartir en Twitter<\/span><\/a><\/li><li class='av-share-link av-social-link-whatsapp' ><a target=\"_blank\" aria-label=\"Compartir en Whatsapp\" href='https:\/\/api.whatsapp.com\/send?text=https:\/\/radiorevelacionfm.cl\/?p=9654' aria-hidden='false' data-av_icon='\uf232' data-av_iconfont='entypo-fontello' title='' data-avia-related-tooltip='Compartir en Whatsapp' rel=\"noopener\"><span class='avia_hidden_link_text'>Compartir en Whatsapp<\/span><\/a><\/li><li class='av-share-link av-social-link-linkedin' ><a target=\"_blank\" aria-label=\"Compartir en LinkedIn\" href='https:\/\/linkedin.com\/shareArticle?mini=true&#038;title=Docente%20de%20Puerto%20S%C3%A1nchez%20represent%C3%B3%20a%20regi%C3%B3n%20de%20Ays%C3%A9n%20en%20ceremonia%20nacional%20para%20profesores&#038;url=https:\/\/radiorevelacionfm.cl\/?p=9654' aria-hidden='false' data-av_icon='\ue8fc' data-av_iconfont='entypo-fontello' title='' data-avia-related-tooltip='Compartir en LinkedIn' rel=\"noopener\"><span class='avia_hidden_link_text'>Compartir en LinkedIn<\/span><\/a><\/li><li class='av-share-link av-social-link-mail' ><a  aria-label=\"Compartir por correo\" href='mailto:?subject=Docente%20de%20Puerto%20S%C3%A1nchez%20represent%C3%B3%20a%20regi%C3%B3n%20de%20Ays%C3%A9n%20en%20ceremonia%20nacional%20para%20profesores&#038;body=https:\/\/radiorevelacionfm.cl\/?p=9654' aria-hidden='false' data-av_icon='\ue805' data-av_iconfont='entypo-fontello' title='' data-avia-related-tooltip='Compartir por correo'><span class='avia_hidden_link_text'>Compartir por correo<\/span><\/a><\/li><\/ul><\/div><\/div>\n<div  style='height:50px' class='hr hr-invisible   avia-builder-el-8  el_after_av_social_share  el_before_av_comments_list '><span class='hr-inner ' ><span class='hr-inner-style'><\/span><\/span><\/div>\n<div  class='av-buildercomment  av-blog-meta-html-info-disabled av-blog-meta-tag-disabled  '><\/div>\n","protected":false},"excerpt":{"rendered":"","protected":false},"author":1,"featured_media":9660,"comment_status":"open","ping_status":"open","sticky":false,"template":"","format":"standard","meta":{"footnotes":""},"categories":[49],"tags":[],"class_list":["post-9654","post","type-post","status-publish","format-standard","has-post-thumbnail","hentry","category-educacion"],"jetpack_featured_media_url":"https:\/\/radiorevelacionfm.cl\/wp-content\/uploads\/2021\/10\/Foto-3-5i-2-1.jpg","_links":{"self":[{"href":"https:\/\/radiorevelacionfm.cl\/index.php?rest_route=\/wp\/v2\/posts\/9654","targetHints":{"allow":["GET"]}}],"collection":[{"href":"https:\/\/radiorevelacionfm.cl\/index.php?rest_route=\/wp\/v2\/posts"}],"about":[{"href":"https:\/\/radiorevelacionfm.cl\/index.php?rest_route=\/wp\/v2\/types\/post"}],"author":[{"embeddable":true,"href":"https:\/\/radiorevelacionfm.cl\/index.php?rest_route=\/wp\/v2\/users\/1"}],"replies":[{"embeddable":true,"href":"https:\/\/radiorevelacionfm.cl\/index.php?rest_route=%2Fwp%2Fv2%2Fcomments&post=9654"}],"version-history":[{"count":2,"href":"https:\/\/radiorevelacionfm.cl\/index.php?rest_route=\/wp\/v2\/posts\/9654\/revisions"}],"predecessor-version":[{"id":9661,"href":"https:\/\/radiorevelacionfm.cl\/index.php?rest_route=\/wp\/v2\/posts\/9654\/revisions\/9661"}],"wp:featuredmedia":[{"embeddable":true,"href":"https:\/\/radiorevelacionfm.cl\/index.php?rest_route=\/wp\/v2\/media\/9660"}],"wp:attachment":[{"href":"https:\/\/radiorevelacionfm.cl\/index.php?rest_route=%2Fwp%2Fv2%2Fmedia&parent=9654"}],"wp:term":[{"taxonomy":"category","embeddable":true,"href":"https:\/\/radiorevelacionfm.cl\/index.php?rest_route=%2Fwp%2Fv2%2Fcategories&post=9654"},{"taxonomy":"post_tag","embeddable":true,"href":"https:\/\/radiorevelacionfm.cl\/index.php?rest_route=%2Fwp%2Fv2%2Ftags&post=9654"}],"curies":[{"name":"wp","href":"https:\/\/api.w.org\/{rel}","templated":true}]}}