{"id":9651,"date":"2021-10-14T16:55:43","date_gmt":"2021-10-14T19:55:43","guid":{"rendered":"https:\/\/radiorevelacionfm.cl\/?p=9651"},"modified":"2021-10-14T16:55:43","modified_gmt":"2021-10-14T19:55:43","slug":"vecinos-de-villa-amengual-piden-con-urgencia-poner-en-tabla-y-otorgar-financiamiento-para-alcantarillado","status":"publish","type":"post","link":"https:\/\/radiorevelacionfm.cl\/?p=9651","title":{"rendered":"Vecinos de Villa Amengual piden con urgencia poner en tabla y otorgar financiamiento para Alcantarillado"},"content":{"rendered":"<div class=\"flex_column av_one_full  flex_column_div av-zero-column-padding first  avia-builder-el-0  el_before_av_one_full  avia-builder-el-first  \" style='border-radius:0px; '><div  class='avia-image-container  av-styling-    avia-builder-el-1  avia-builder-el-no-sibling  avia-align-center '  itemprop=\"image\" itemscope=\"itemscope\" itemtype=\"https:\/\/schema.org\/ImageObject\"  ><div class='avia-image-container-inner'><div class='avia-image-overlay-wrap'><img decoding=\"async\" class='wp-image-9652 avia-img-lazy-loading-not-9652 avia_image' src=\"https:\/\/radiorevelacionfm.cl\/wp-content\/uploads\/2021\/10\/villa-amengual-1-1_optimized.jpg\" alt='' title='villa-amengual-1-(1)_optimized' height=\"600\" width=\"800\"  itemprop=\"thumbnailUrl\" srcset=\"https:\/\/radiorevelacionfm.cl\/wp-content\/uploads\/2021\/10\/villa-amengual-1-1_optimized.jpg 800w, https:\/\/radiorevelacionfm.cl\/wp-content\/uploads\/2021\/10\/villa-amengual-1-1_optimized-300x225.jpg 300w, https:\/\/radiorevelacionfm.cl\/wp-content\/uploads\/2021\/10\/villa-amengual-1-1_optimized-768x576.jpg 768w, https:\/\/radiorevelacionfm.cl\/wp-content\/uploads\/2021\/10\/villa-amengual-1-1_optimized-705x529.jpg 705w, https:\/\/radiorevelacionfm.cl\/wp-content\/uploads\/2021\/10\/villa-amengual-1-1_optimized-600x450.jpg 600w\" sizes=\"(max-width: 800px) 100vw, 800px\" \/><\/div><\/div><\/div><\/div><div class=\"flex_column av_one_full  flex_column_div av-zero-column-padding first  avia-builder-el-2  el_after_av_one_full  el_before_av_one_full  column-top-margin\" style='border-radius:0px; '><section class=\"av_textblock_section \"  itemscope=\"itemscope\" itemtype=\"https:\/\/schema.org\/BlogPosting\" itemprop=\"blogPost\" ><div class='avia_textblock  '   itemprop=\"text\" ><p style=\"text-align: center;\"><strong><span style=\"font-size: 18pt;\">Vecinos de Villa Amengual piden con urgencia poner en tabla y otorgar financiamiento para Alcantarillado<\/span><\/strong><\/p>\n<div id=\"gtx-trans\" style=\"position: absolute; left: -50px; top: 4.31534px;\">\n<div class=\"gtx-trans-icon\"><\/div>\n<\/div>\n<\/div><\/section><\/div><div class=\"flex_column av_one_full  flex_column_div av-zero-column-padding first  avia-builder-el-4  el_after_av_one_full  el_before_av_hr  column-top-margin\" style='border-radius:0px; '><section class=\"av_textblock_section \"  itemscope=\"itemscope\" itemtype=\"https:\/\/schema.org\/BlogPosting\" itemprop=\"blogPost\" ><div class='avia_textblock  '   itemprop=\"text\" ><p style=\"text-align: justify;\">El llamado es a la Delegada Presidencial Regional, a la Gobernadora y al Consejo Regional, a fin de evitar emergencias sanitarias como las que ya han pasado.<\/p>\n<p style=\"text-align: justify;\">Malos olores, contaminaci\u00f3n a un rio pr\u00f3ximo a la localidad, desechos org\u00e1nicos que se devuelven, son situaciones que ya han vivido y buscan evitar los vecinos y vecinas de Villa Amengual, por ello, junto al Alcalde de la comuna de Lago Verde, Nelson Opazo, piden a las autoridades regionales dar prioridad y urgencia al financiamiento del proyecto de alcantarillado y planta de tratamiento de esta localidad que se encuentra en medio de la ruta 7 norte.<\/p>\n<p style=\"text-align: justify;\"><strong>\u201cLa comunidad de Villa Amengual, no merece seguir esperando\u201d<\/strong><\/p>\n<p style=\"text-align: justify;\">El proyecto fue formulado por el equipo de profesionales del Municipio, hoy se encuentra t\u00e9cnicamente aprobado, o sea, con RS a la espera de que las autoridades lo pongan en tabla, se vote en el Core y obtenga los recursos para dar la dignidad que se merecen los pobladores de Amengual, remarc\u00f3 el jefe comunal.<\/p>\n<p style=\"text-align: justify;\">\u201cLa situaci\u00f3n de la planta de tratamiento y red de alcantarillado para Villa Amengual se hace urgente de poder ejecutar, hoy d\u00eda es un proyecto RS, que esta solamente esperando poder ser incorporado en cartera y poder ser atendido con el financiamiento para resolver definitivamente una problem\u00e1tica grav\u00edsima, que tiene a una localidad que est\u00e1 en plena carretera austral, que est\u00e1 contaminando sus aguas de manera importante y que adem\u00e1s tiene un efecto importante en el d\u00eda a d\u00eda de sus vecinos. Por eso es que queremos solicitar expresamente a las autoridades como la Gobernadora Regional, Delegada Presidencial y el Consejo Regional que siempre ha tenido una excelente disposici\u00f3n para con nuestra comuna, para poder hacer todas las gestiones posibles e incorporar en cartera este proyecto que anhela la comunidad de Villa Amengual, que de todas maneras no merece seguir esperando\u201d.<\/p>\n<p style=\"text-align: justify;\"><strong>\u00a0<\/strong><strong>\u201cNosotros necesitamos esto con suma urgencia\u201d<\/strong><\/p>\n<p style=\"text-align: justify;\">Eligio Antiman es un vecino de Villa Amengual, quien tiene muy clara la necesidad de que la localidad cuente con alcantarillado, tal como ha ocurrido con Tapera, se\u00f1al\u00f3.<\/p>\n<p style=\"text-align: justify;\">\u201cEs importante que nosotros tengamos el alcantarillado, porque aqu\u00ed en primer lugar tenemos un jard\u00edn infantil, una posta, una escuela, est\u00e1 el comercio establecido y es necesario que tengamos el alcantarillado p\u00fablico, porque ya lo tiene Tapera dentro de la comuna, qued\u00f3 hermoso y nosotros igual necesitamos esto con suma urgencia. Hoy est\u00e1n llegando las empresas, llega m\u00e1s gente y estamos por a\u00f1os peleando esta necesidad, en este caso present\u00f3 el proyecto la Ilustre Municipalidad de Lago Verde, su Alcalde don Nelson Opazo y su Concejo anterior, de los cuales uno tiene que estar agradecido por las cosas buenas que llegan a nuestra comuna y especialmente a Villa Amengual. As\u00ed es que, ojala con urgencia el Gobierno Regional, la nueva Gobernadora, nos dieran un corte definitivo para que tengamos nuestro alcantarillado\u201d.<\/p>\n<p style=\"text-align: justify;\">Por su parte, H\u00e9ctor Arias, grafic\u00f3 la necesidad urgente de que se aprueben los recursos para el alcantarillado de Amengual, por las emergencias sanitarias que cada cierto tiempo viven como vecinos y lo que tambi\u00e9n deriva en la contaminaci\u00f3n a un rio del sector.<\/p>\n<p style=\"text-align: justify;\">\u201cEs muy importante porque la contaminaci\u00f3n del alcantarillado que hay entra al rio Travieso y eso est\u00e1 contaminado toda la orilla, entonces, se hace muy importante el alcantarillado. A las autoridades que pongan las lucas, la plata, porque aqu\u00ed estamos contaminando mucho todo lo que es la carretera, el olor que vuelve a las casas por el alcantarillado viejo. Hay d\u00edas en que no se aguanta la hediondez, vuelve por el lavaplatos, por el ba\u00f1o hacia las casas, entonces, es muy importante que hagan el alcantarillado y la planta de tratamiento. Ojala el Gobierno Regional entregue los recursos para que esto se haga pronto, porque se tapan las alcantarillas y empieza a salir el excremento y corre por las calles, eso ha pasado muchas veces aqu\u00ed en Villa Amengual\u201d.<\/p>\n<p style=\"text-align: justify;\">Con el testimonio de vecinos y antiguos pobladores de la Villa, queda manifiesto la necesidad y la urgencia de que se aprueben los recursos para que el proyecto de alcantarillado y planta de tratamiento de Amengual pueda ser una realidad y as\u00ed entregar una mejor calidad de vida a muchas familias de este importante sector en la comuna de Lago Verde.<\/p>\n<\/div><\/section><\/div><div  style='height:50px' class='hr hr-invisible   avia-builder-el-6  el_after_av_one_full  el_before_av_social_share '><span class='hr-inner ' ><span class='hr-inner-style'><\/span><\/span><\/div><\/p>\n<div  class='av-social-sharing-box  avia-builder-el-7  el_after_av_hr  el_before_av_hr  '><div class='av-share-box'><h5 class='av-share-link-description av-no-toc '>Compartir esta noticia<\/h5><ul class='av-share-box-list noLightbox'><li class='av-share-link av-social-link-facebook' ><a target=\"_blank\" aria-label=\"Compartir en Facebook\" href='https:\/\/www.facebook.com\/sharer.php?u=https:\/\/radiorevelacionfm.cl\/?p=9651&#038;t=Vecinos%20de%20Villa%20Amengual%20piden%20con%20urgencia%20poner%20en%20tabla%20y%20otorgar%20financiamiento%20para%20Alcantarillado' aria-hidden='false' data-av_icon='\ue8f3' data-av_iconfont='entypo-fontello' title='' data-avia-related-tooltip='Compartir en Facebook' rel=\"noopener\"><span class='avia_hidden_link_text'>Compartir en Facebook<\/span><\/a><\/li><li class='av-share-link av-social-link-twitter' ><a target=\"_blank\" aria-label=\"Compartir en Twitter\" href='https:\/\/twitter.com\/share?text=Vecinos%20de%20Villa%20Amengual%20piden%20con%20urgencia%20poner%20en%20tabla%20y%20otorgar%20financiamiento%20para%20Alcantarillado&#038;url=https:\/\/radiorevelacionfm.cl\/?p=9651' aria-hidden='false' data-av_icon='\ue8f1' data-av_iconfont='entypo-fontello' title='' data-avia-related-tooltip='Compartir en Twitter' rel=\"noopener\"><span class='avia_hidden_link_text'>Compartir en Twitter<\/span><\/a><\/li><li class='av-share-link av-social-link-whatsapp' ><a target=\"_blank\" aria-label=\"Compartir en Whatsapp\" href='https:\/\/api.whatsapp.com\/send?text=https:\/\/radiorevelacionfm.cl\/?p=9651' aria-hidden='false' data-av_icon='\uf232' data-av_iconfont='entypo-fontello' title='' data-avia-related-tooltip='Compartir en Whatsapp' rel=\"noopener\"><span class='avia_hidden_link_text'>Compartir en Whatsapp<\/span><\/a><\/li><li class='av-share-link av-social-link-linkedin' ><a target=\"_blank\" aria-label=\"Compartir en LinkedIn\" href='https:\/\/linkedin.com\/shareArticle?mini=true&#038;title=Vecinos%20de%20Villa%20Amengual%20piden%20con%20urgencia%20poner%20en%20tabla%20y%20otorgar%20financiamiento%20para%20Alcantarillado&#038;url=https:\/\/radiorevelacionfm.cl\/?p=9651' aria-hidden='false' data-av_icon='\ue8fc' data-av_iconfont='entypo-fontello' title='' data-avia-related-tooltip='Compartir en LinkedIn' rel=\"noopener\"><span class='avia_hidden_link_text'>Compartir en LinkedIn<\/span><\/a><\/li><li class='av-share-link av-social-link-mail' ><a  aria-label=\"Compartir por correo\" href='mailto:?subject=Vecinos%20de%20Villa%20Amengual%20piden%20con%20urgencia%20poner%20en%20tabla%20y%20otorgar%20financiamiento%20para%20Alcantarillado&#038;body=https:\/\/radiorevelacionfm.cl\/?p=9651' aria-hidden='false' data-av_icon='\ue805' data-av_iconfont='entypo-fontello' title='' data-avia-related-tooltip='Compartir por correo'><span class='avia_hidden_link_text'>Compartir por correo<\/span><\/a><\/li><\/ul><\/div><\/div>\n<div  style='height:50px' class='hr hr-invisible   avia-builder-el-8  el_after_av_social_share  el_before_av_comments_list '><span class='hr-inner ' ><span class='hr-inner-style'><\/span><\/span><\/div>\n<div  class='av-buildercomment  av-blog-meta-html-info-disabled av-blog-meta-tag-disabled  '><\/div>\n","protected":false},"excerpt":{"rendered":"","protected":false},"author":1,"featured_media":9652,"comment_status":"open","ping_status":"open","sticky":false,"template":"","format":"standard","meta":{"footnotes":""},"categories":[38],"tags":[],"class_list":["post-9651","post","type-post","status-publish","format-standard","has-post-thumbnail","hentry","category-regional"],"jetpack_featured_media_url":"https:\/\/radiorevelacionfm.cl\/wp-content\/uploads\/2021\/10\/villa-amengual-1-1_optimized.jpg","_links":{"self":[{"href":"https:\/\/radiorevelacionfm.cl\/index.php?rest_route=\/wp\/v2\/posts\/9651","targetHints":{"allow":["GET"]}}],"collection":[{"href":"https:\/\/radiorevelacionfm.cl\/index.php?rest_route=\/wp\/v2\/posts"}],"about":[{"href":"https:\/\/radiorevelacionfm.cl\/index.php?rest_route=\/wp\/v2\/types\/post"}],"author":[{"embeddable":true,"href":"https:\/\/radiorevelacionfm.cl\/index.php?rest_route=\/wp\/v2\/users\/1"}],"replies":[{"embeddable":true,"href":"https:\/\/radiorevelacionfm.cl\/index.php?rest_route=%2Fwp%2Fv2%2Fcomments&post=9651"}],"version-history":[{"count":1,"href":"https:\/\/radiorevelacionfm.cl\/index.php?rest_route=\/wp\/v2\/posts\/9651\/revisions"}],"predecessor-version":[{"id":9653,"href":"https:\/\/radiorevelacionfm.cl\/index.php?rest_route=\/wp\/v2\/posts\/9651\/revisions\/9653"}],"wp:featuredmedia":[{"embeddable":true,"href":"https:\/\/radiorevelacionfm.cl\/index.php?rest_route=\/wp\/v2\/media\/9652"}],"wp:attachment":[{"href":"https:\/\/radiorevelacionfm.cl\/index.php?rest_route=%2Fwp%2Fv2%2Fmedia&parent=9651"}],"wp:term":[{"taxonomy":"category","embeddable":true,"href":"https:\/\/radiorevelacionfm.cl\/index.php?rest_route=%2Fwp%2Fv2%2Fcategories&post=9651"},{"taxonomy":"post_tag","embeddable":true,"href":"https:\/\/radiorevelacionfm.cl\/index.php?rest_route=%2Fwp%2Fv2%2Ftags&post=9651"}],"curies":[{"name":"wp","href":"https:\/\/api.w.org\/{rel}","templated":true}]}}