{"id":9642,"date":"2021-10-15T10:30:00","date_gmt":"2021-10-15T13:30:00","guid":{"rendered":"https:\/\/radiorevelacionfm.cl\/?p=9642"},"modified":"2021-10-15T10:55:57","modified_gmt":"2021-10-15T13:55:57","slug":"columna-de-opinion-de-la-preocupacion-a-la-accion","status":"publish","type":"post","link":"https:\/\/radiorevelacionfm.cl\/?p=9642","title":{"rendered":"[COLUMNA DE OPINI\u00d3N]: DE LA PREOCUPACI\u00d3N A LA ACCI\u00d3N"},"content":{"rendered":"<div class=\"flex_column av_one_full  flex_column_div av-zero-column-padding first  avia-builder-el-0  el_before_av_one_full  avia-builder-el-first  \" style='border-radius:0px; '><div  class='avia-image-container  av-styling-    avia-builder-el-1  avia-builder-el-no-sibling  avia-align-center '  itemprop=\"image\" itemscope=\"itemscope\" itemtype=\"https:\/\/schema.org\/ImageObject\"  ><div class='avia-image-container-inner'><div class='avia-image-overlay-wrap'><img decoding=\"async\" class='wp-image-9671 avia-img-lazy-loading-not-9671 avia_image' src=\"https:\/\/radiorevelacionfm.cl\/wp-content\/uploads\/2021\/10\/Patricia-Mansilla-1-1.jpg\" alt='' title='Patricia Mansilla (1) (1)' height=\"600\" width=\"1600\"  itemprop=\"thumbnailUrl\" srcset=\"https:\/\/radiorevelacionfm.cl\/wp-content\/uploads\/2021\/10\/Patricia-Mansilla-1-1.jpg 1600w, https:\/\/radiorevelacionfm.cl\/wp-content\/uploads\/2021\/10\/Patricia-Mansilla-1-1-300x113.jpg 300w, https:\/\/radiorevelacionfm.cl\/wp-content\/uploads\/2021\/10\/Patricia-Mansilla-1-1-1030x386.jpg 1030w, https:\/\/radiorevelacionfm.cl\/wp-content\/uploads\/2021\/10\/Patricia-Mansilla-1-1-768x288.jpg 768w, https:\/\/radiorevelacionfm.cl\/wp-content\/uploads\/2021\/10\/Patricia-Mansilla-1-1-1536x576.jpg 1536w, https:\/\/radiorevelacionfm.cl\/wp-content\/uploads\/2021\/10\/Patricia-Mansilla-1-1-1500x563.jpg 1500w, https:\/\/radiorevelacionfm.cl\/wp-content\/uploads\/2021\/10\/Patricia-Mansilla-1-1-705x264.jpg 705w, https:\/\/radiorevelacionfm.cl\/wp-content\/uploads\/2021\/10\/Patricia-Mansilla-1-1-600x225.jpg 600w\" sizes=\"(max-width: 1600px) 100vw, 1600px\" \/><\/div><\/div><\/div><\/div><div class=\"flex_column av_one_full  flex_column_div av-zero-column-padding first  avia-builder-el-2  el_after_av_one_full  el_before_av_one_full  column-top-margin\" style='border-radius:0px; '><section class=\"av_textblock_section \"  itemscope=\"itemscope\" itemtype=\"https:\/\/schema.org\/BlogPosting\" itemprop=\"blogPost\" ><div class='avia_textblock  '   itemprop=\"text\" ><p style=\"text-align: center;\"><strong><span style=\"font-size: 18pt;\">[COLUMNA DE OPINI\u00d3N]: DE LA PREOCUPACI\u00d3N A LA ACCI\u00d3N <\/span><\/strong><\/p>\n<div id=\"gtx-trans\" style=\"position: absolute; left: -50px; top: 4.31534px;\">\n<div class=\"gtx-trans-icon\"><\/div>\n<\/div>\n<\/div><\/section><\/div><\/p>\n<div class=\"flex_column av_one_full  flex_column_div av-zero-column-padding first  avia-builder-el-4  el_after_av_one_full  el_before_av_hr  column-top-margin\" style='border-radius:0px; '><section class=\"av_textblock_section \"  itemscope=\"itemscope\" itemtype=\"https:\/\/schema.org\/BlogPosting\" itemprop=\"blogPost\" ><div class='avia_textblock  '   itemprop=\"text\" ><p style=\"text-align: justify;\">Patricia Mansilla Aguilar. Gestora de Red Oncol\u00f3gica, Cuidados Paliativos y Alivio del Dolor del Servicio de Salud Ays\u00e9n.<\/p>\n<p style=\"text-align: justify;\">\u00bfHa sido la Pandemia provocada por el Sars COV\u20132, la vivencia en salud m\u00e1s desequilibrante de que se tiene evidencia en los \u00faltimos 10 a\u00f1os?<\/p>\n<p style=\"text-align: justify;\">Al menos para la rutina de nuestras vidas, la habitualidad de los quehaceres sociales, familiares y laborales ha impactado fuertemente. Unos m\u00e1s, otros menos, hemos asistido al reconocimiento que existen estas vidas microsc\u00f3picas (los virus) que pueden alterar todo lo que conocemos y damos por sentado.<\/p>\n<p style=\"text-align: justify;\">As\u00ed, todo cambi\u00f3.<\/p>\n<p style=\"text-align: justify;\">Nuestros quehaceres sanitarios debieron reconvertirse, redise\u00f1arse y destinarse no solo recursos humanos a otras tareas, sino redireccionar recursos financieros para fortalecer las estrategias contra la Pandemia.<\/p>\n<p style=\"text-align: justify;\">En el programa del Ministerio de Salud \u201cC\u00e1ncer y otros Tumores, Cuidados Paliativos y Alivio del Dolor\u201d tambi\u00e9n hemos resentido las consecuencias de la pandemia mundial.<\/p>\n<p style=\"text-align: justify;\">Su implementaci\u00f3n en la Red Asistencial regional no ha estado exenta de algunas problem\u00e1ticas, que nos preocupan, esto es:<\/p>\n<ul style=\"text-align: justify;\">\n<li>No contar a\u00fan con la rutina previa a la pandemia de atenciones en los Consultorios de la Red Asistencial, que est\u00e1 muy sujeta a la situaci\u00f3n epidemiol\u00f3gica de la regi\u00f3n.<\/li>\n<li>La limitaci\u00f3n de actividades masivas en la Atenci\u00f3n Primaria de Salud, fundamentalmente de rehabilitaci\u00f3n, promoci\u00f3n y prevenci\u00f3n, tan necesarias para mantener a nuestra poblaci\u00f3n regional saludable.<\/li>\n<li>La disminuci\u00f3n del recurso humano, que se encuentra en actividades relacionadas al combate de la pandemia, que ha ido, afortunadamente, mejorando progresivamente, pudiendo normalizar las atenciones, retomando las actividades ambulatorias y sobre todo las intervenciones quir\u00fargicas.<\/li>\n<\/ul>\n<p style=\"text-align: justify;\">En ese sentido, para aumentar la oferta y resolver la demanda de estas estrategias, como Servicio de Salud Ays\u00e9n y gestores de la Red Asistencial regional, hemos estado ocupados en:<\/p>\n<p style=\"text-align: justify;\">Recuperar la rutina asistencial en los Centros de Salud Familiar (CESFAM), Centros Comunitarios de Salud Familiar (CECOSF), Postas de Salud Rural y Hospitales de Baja, Mediana y Alta Complejidad de nuestra Red Asistencial con el objetivo de:<\/p>\n<ul style=\"text-align: justify;\">\n<li>Difundir y educar a la comunidad sobre estilos de vida saludable.<\/li>\n<li>Potenciar la pesquisa precoz de C\u00e1ncer a trav\u00e9s de ex\u00e1menes (Ant\u00edgeno Prost\u00e1tico, Endoscop\u00edas Altas y Bajas, Papanicolau (PAP), Examen F\u00edsico de Mamas, Mamograf\u00edas, etc).<\/li>\n<li>Reorganizar la oferta de los mismos CESFAM, tanto en nivel primario como secundario y la atenci\u00f3n de la Especialidad para definir el Diagn\u00f3stico oportuno de C\u00e1ncer.<\/li>\n<li>Rescatar pacientes portadores de c\u00e1ncer, inasistentes a controles y seguimiento.<\/li>\n<\/ul>\n<p style=\"text-align: justify;\">Como Red Asistencial y gestores del programa \u201cC\u00e1ncer y otros Tumores, Cuidados Paliativos y Alivio del Dolor\u201d estamos ejecutando las estrategias con la mirada puesta en avanzar y recuperar las atenciones para detectar oportunamente las sospechas y diagn\u00f3sticos de nuestros usuarios, y as\u00ed ir en la b\u00fasqueda de nuestra misi\u00f3n, mejorar la calidad de vida de los ayseninos.<\/p>\n<\/div><\/section><\/div>\n<div  style='height:50px' class='hr hr-invisible   avia-builder-el-6  el_after_av_one_full  el_before_av_social_share '><span class='hr-inner ' ><span class='hr-inner-style'><\/span><\/span><\/div>\n<div  class='av-social-sharing-box  avia-builder-el-7  el_after_av_hr  el_before_av_hr  '><div class='av-share-box'><h5 class='av-share-link-description av-no-toc '>Compartir esta noticia<\/h5><ul class='av-share-box-list noLightbox'><li class='av-share-link av-social-link-facebook' ><a target=\"_blank\" aria-label=\"Compartir en Facebook\" href='https:\/\/www.facebook.com\/sharer.php?u=https:\/\/radiorevelacionfm.cl\/?p=9642&#038;t=%5BCOLUMNA%20DE%20OPINI%C3%93N%5D%3A%20DE%20LA%20PREOCUPACI%C3%93N%20A%20LA%20ACCI%C3%93N' aria-hidden='false' data-av_icon='\ue8f3' data-av_iconfont='entypo-fontello' title='' data-avia-related-tooltip='Compartir en Facebook' rel=\"noopener\"><span class='avia_hidden_link_text'>Compartir en Facebook<\/span><\/a><\/li><li class='av-share-link av-social-link-twitter' ><a target=\"_blank\" aria-label=\"Compartir en Twitter\" href='https:\/\/twitter.com\/share?text=%5BCOLUMNA%20DE%20OPINI%C3%93N%5D%3A%20DE%20LA%20PREOCUPACI%C3%93N%20A%20LA%20ACCI%C3%93N&#038;url=https:\/\/radiorevelacionfm.cl\/?p=9642' aria-hidden='false' data-av_icon='\ue8f1' data-av_iconfont='entypo-fontello' title='' data-avia-related-tooltip='Compartir en Twitter' rel=\"noopener\"><span class='avia_hidden_link_text'>Compartir en Twitter<\/span><\/a><\/li><li class='av-share-link av-social-link-whatsapp' ><a target=\"_blank\" aria-label=\"Compartir en Whatsapp\" href='https:\/\/api.whatsapp.com\/send?text=https:\/\/radiorevelacionfm.cl\/?p=9642' aria-hidden='false' data-av_icon='\uf232' data-av_iconfont='entypo-fontello' title='' data-avia-related-tooltip='Compartir en Whatsapp' rel=\"noopener\"><span class='avia_hidden_link_text'>Compartir en Whatsapp<\/span><\/a><\/li><li class='av-share-link av-social-link-linkedin' ><a target=\"_blank\" aria-label=\"Compartir en LinkedIn\" href='https:\/\/linkedin.com\/shareArticle?mini=true&#038;title=%5BCOLUMNA%20DE%20OPINI%C3%93N%5D%3A%20DE%20LA%20PREOCUPACI%C3%93N%20A%20LA%20ACCI%C3%93N&#038;url=https:\/\/radiorevelacionfm.cl\/?p=9642' aria-hidden='false' data-av_icon='\ue8fc' data-av_iconfont='entypo-fontello' title='' data-avia-related-tooltip='Compartir en LinkedIn' rel=\"noopener\"><span class='avia_hidden_link_text'>Compartir en LinkedIn<\/span><\/a><\/li><li class='av-share-link av-social-link-mail' ><a  aria-label=\"Compartir por correo\" href='mailto:?subject=%5BCOLUMNA%20DE%20OPINI%C3%93N%5D%3A%20DE%20LA%20PREOCUPACI%C3%93N%20A%20LA%20ACCI%C3%93N&#038;body=https:\/\/radiorevelacionfm.cl\/?p=9642' aria-hidden='false' data-av_icon='\ue805' data-av_iconfont='entypo-fontello' title='' data-avia-related-tooltip='Compartir por correo'><span class='avia_hidden_link_text'>Compartir por correo<\/span><\/a><\/li><\/ul><\/div><\/div>\n<div  style='height:50px' class='hr hr-invisible   avia-builder-el-8  el_after_av_social_share  el_before_av_comments_list '><span class='hr-inner ' ><span class='hr-inner-style'><\/span><\/span><\/div>\n<div  class='av-buildercomment  av-blog-meta-html-info-disabled av-blog-meta-tag-disabled  '><\/div>\n","protected":false},"excerpt":{"rendered":"","protected":false},"author":1,"featured_media":9671,"comment_status":"open","ping_status":"open","sticky":false,"template":"","format":"standard","meta":{"footnotes":""},"categories":[50],"tags":[],"class_list":["post-9642","post","type-post","status-publish","format-standard","has-post-thumbnail","hentry","category-cartas-y-opinion"],"jetpack_featured_media_url":"https:\/\/radiorevelacionfm.cl\/wp-content\/uploads\/2021\/10\/Patricia-Mansilla-1-1.jpg","_links":{"self":[{"href":"https:\/\/radiorevelacionfm.cl\/index.php?rest_route=\/wp\/v2\/posts\/9642","targetHints":{"allow":["GET"]}}],"collection":[{"href":"https:\/\/radiorevelacionfm.cl\/index.php?rest_route=\/wp\/v2\/posts"}],"about":[{"href":"https:\/\/radiorevelacionfm.cl\/index.php?rest_route=\/wp\/v2\/types\/post"}],"author":[{"embeddable":true,"href":"https:\/\/radiorevelacionfm.cl\/index.php?rest_route=\/wp\/v2\/users\/1"}],"replies":[{"embeddable":true,"href":"https:\/\/radiorevelacionfm.cl\/index.php?rest_route=%2Fwp%2Fv2%2Fcomments&post=9642"}],"version-history":[{"count":2,"href":"https:\/\/radiorevelacionfm.cl\/index.php?rest_route=\/wp\/v2\/posts\/9642\/revisions"}],"predecessor-version":[{"id":9672,"href":"https:\/\/radiorevelacionfm.cl\/index.php?rest_route=\/wp\/v2\/posts\/9642\/revisions\/9672"}],"wp:featuredmedia":[{"embeddable":true,"href":"https:\/\/radiorevelacionfm.cl\/index.php?rest_route=\/wp\/v2\/media\/9671"}],"wp:attachment":[{"href":"https:\/\/radiorevelacionfm.cl\/index.php?rest_route=%2Fwp%2Fv2%2Fmedia&parent=9642"}],"wp:term":[{"taxonomy":"category","embeddable":true,"href":"https:\/\/radiorevelacionfm.cl\/index.php?rest_route=%2Fwp%2Fv2%2Fcategories&post=9642"},{"taxonomy":"post_tag","embeddable":true,"href":"https:\/\/radiorevelacionfm.cl\/index.php?rest_route=%2Fwp%2Fv2%2Ftags&post=9642"}],"curies":[{"name":"wp","href":"https:\/\/api.w.org\/{rel}","templated":true}]}}