{"id":9639,"date":"2021-10-14T15:17:05","date_gmt":"2021-10-14T18:17:05","guid":{"rendered":"https:\/\/radiorevelacionfm.cl\/?p=9639"},"modified":"2021-10-14T15:17:05","modified_gmt":"2021-10-14T18:17:05","slug":"desarrollan-jornada-sobre-desafios-regionales-ante-la-gestion-de-residuos-de-la-construccion-y-demolicion","status":"publish","type":"post","link":"https:\/\/radiorevelacionfm.cl\/?p=9639","title":{"rendered":"Desarrollan jornada sobre Desaf\u00edos Regionales ante la gesti\u00f3n de Residuos de la Construcci\u00f3n y Demolici\u00f3n"},"content":{"rendered":"<div class=\"flex_column av_one_full  flex_column_div av-zero-column-padding first  avia-builder-el-0  el_before_av_one_full  avia-builder-el-first  \" style='border-radius:0px; '><div  class='avia-image-container  av-styling-    avia-builder-el-1  avia-builder-el-no-sibling  avia-align-center '  itemprop=\"image\" itemscope=\"itemscope\" itemtype=\"https:\/\/schema.org\/ImageObject\"  ><div class='avia-image-container-inner'><div class='avia-image-overlay-wrap'><img decoding=\"async\" class='wp-image-9640 avia-img-lazy-loading-not-9640 avia_image' src=\"https:\/\/radiorevelacionfm.cl\/wp-content\/uploads\/2021\/10\/Foto-Seremi-Vivienda-Jornada-contruccion-sustentable-1-1.jpg\" alt='' title='Foto Seremi Vivienda Jornada contrucci\u00f3n sustentable (1) (1)' height=\"600\" width=\"1024\"  itemprop=\"thumbnailUrl\" srcset=\"https:\/\/radiorevelacionfm.cl\/wp-content\/uploads\/2021\/10\/Foto-Seremi-Vivienda-Jornada-contruccion-sustentable-1-1.jpg 1024w, https:\/\/radiorevelacionfm.cl\/wp-content\/uploads\/2021\/10\/Foto-Seremi-Vivienda-Jornada-contruccion-sustentable-1-1-300x176.jpg 300w, https:\/\/radiorevelacionfm.cl\/wp-content\/uploads\/2021\/10\/Foto-Seremi-Vivienda-Jornada-contruccion-sustentable-1-1-768x450.jpg 768w, https:\/\/radiorevelacionfm.cl\/wp-content\/uploads\/2021\/10\/Foto-Seremi-Vivienda-Jornada-contruccion-sustentable-1-1-705x413.jpg 705w, https:\/\/radiorevelacionfm.cl\/wp-content\/uploads\/2021\/10\/Foto-Seremi-Vivienda-Jornada-contruccion-sustentable-1-1-600x352.jpg 600w\" sizes=\"(max-width: 1024px) 100vw, 1024px\" \/><\/div><\/div><\/div><\/div><div class=\"flex_column av_one_full  flex_column_div av-zero-column-padding first  avia-builder-el-2  el_after_av_one_full  el_before_av_one_full  column-top-margin\" style='border-radius:0px; '><section class=\"av_textblock_section \"  itemscope=\"itemscope\" itemtype=\"https:\/\/schema.org\/BlogPosting\" itemprop=\"blogPost\" ><div class='avia_textblock  '   itemprop=\"text\" ><p style=\"text-align: center;\"><strong><span style=\"font-size: 18pt;\">Desarrollan jornada sobre desaf\u00edos regionales ante la gesti\u00f3n de Residuos de la Construcci\u00f3n y Demolici\u00f3n<\/span><\/strong><\/p>\n<div id=\"gtx-trans\" style=\"position: absolute; left: -50px; top: 4.31534px;\">\n<div class=\"gtx-trans-icon\"><\/div>\n<\/div>\n<\/div><\/section><\/div><div class=\"flex_column av_one_full  flex_column_div av-zero-column-padding first  avia-builder-el-4  el_after_av_one_full  el_before_av_hr  column-top-margin\" style='border-radius:0px; '><section class=\"av_textblock_section \"  itemscope=\"itemscope\" itemtype=\"https:\/\/schema.org\/BlogPosting\" itemprop=\"blogPost\" ><div class='avia_textblock  '   itemprop=\"text\" ><p style=\"text-align: justify;\">Con interesantes expositores y una positiva valoraci\u00f3n de los participantes se desarroll\u00f3 este jueves y en forma virtual la jornada \u201cDesaf\u00edos regionales en torno a gesti\u00f3n de residuos de la construcci\u00f3n y demolici\u00f3n\u201d, actividad organizada por la Seremi de Vivienda en el marco del trabajo multisectorial y colaborativo que lleva adelante la Comisi\u00f3n Regional de Construcci\u00f3n Sustentable (Corecs).<\/p>\n<p style=\"text-align: justify;\">Tal como explic\u00f3 el Seremi de Vivienda, Diego Silva, se trata de la primera actividad a nivel regional en abordar esta tem\u00e1tica nueva para la regi\u00f3n, poniendo el \u00e9nfasis en los desaf\u00edos que habr\u00e1 que enfrentar colaborativamente y destacando el rol que cumplen los municipios, el sector privado y la academia en este necesario proceso de transformaci\u00f3n. \u201cNos parece de primera importancia abordar este tema que nos presenta grandes desaf\u00edos a corto, mediano y largo plazo. Por eso hemos organizado esta actividad que tiene como principal objetivo sensibilizar y concientizar a los actores relevantes en torno a la tem\u00e1tica de gesti\u00f3n de residuos producto de la construcci\u00f3n o demolici\u00f3n. Para eso estamos compartiendo valiosas experiencias regionales y nacionales en la gesti\u00f3n correcta de los residuos, siguiendo las directrices impartidas en la normativa y en las hojas de ruta a nivel pa\u00eds, privilegiando la valorizaci\u00f3n y reutilizaci\u00f3n de dichos recursos\u201d, precis\u00f3.<\/p>\n<p style=\"text-align: justify;\">En ese sentido la autoridad regional record\u00f3 que el Ministerio de Vivienda est\u00e1 abordando la gesti\u00f3n de residuos desde hace varios a\u00f1os y desde varios frentes, como la estrategia nacional de construcci\u00f3n sustentable, los planes de gesti\u00f3n en obras o la certificaci\u00f3n de viviendas, entre otras, lo que se complementa ahora con las nuevas normas y exigencias que ser\u00e1n obligatorias desde el pr\u00f3ximo a\u00f1o. \u201cPor eso la idea hoy es generar una instancia de transferencia de conocimientos, en donde los participantes se informen de los lineamientos ministeriales y, en especial de la norma que instruye que a partir de enero de 2022 se har\u00e1 exigible en todas las obras financiadas por el Minvu la declaraci\u00f3n de residuos y la implementaci\u00f3n en obra de un Plan de Gesti\u00f3n de Residuos. Es por eso que durante este a\u00f1o esta ha sido una de las tem\u00e1ticas m\u00e1s recurrentes dentro del plan de capacitaciones de la Divisi\u00f3n T\u00e9cnica de nuestro ministerio y en la mayor\u00eda de las regiones del pa\u00eds\u201d, agreg\u00f3.<\/p>\n<p style=\"text-align: justify;\">Cabe consignar que el encuentro virtual fue valorado positivamente por los m\u00e1s de 80 participantes y constituye la cuarta versi\u00f3n de la actividad anual de difusi\u00f3n de la Comisi\u00f3n Regional de Construcci\u00f3n Sustentable (Corecs) que en la regi\u00f3n est\u00e1 integrada por la Seremi Minvu, el Serviu, las Seremis de Medio Ambiente, Energ\u00eda, Mop y Desarrollo Social, Corfo, el Gobierno Regional, la Municipalidad de Coyhaique, la C\u00e1mara Chilena de la Construcci\u00f3n, el Colegio de Arquitectos, Inacap y la Universidad de Ays\u00e9n.<\/p>\n<\/div><\/section><\/div><div  style='height:50px' class='hr hr-invisible   avia-builder-el-6  el_after_av_one_full  el_before_av_social_share '><span class='hr-inner ' ><span class='hr-inner-style'><\/span><\/span><\/div><\/p>\n<div  class='av-social-sharing-box  avia-builder-el-7  el_after_av_hr  el_before_av_hr  '><div class='av-share-box'><h5 class='av-share-link-description av-no-toc '>Compartir esta noticia<\/h5><ul class='av-share-box-list noLightbox'><li class='av-share-link av-social-link-facebook' ><a target=\"_blank\" aria-label=\"Compartir en Facebook\" href='https:\/\/www.facebook.com\/sharer.php?u=https:\/\/radiorevelacionfm.cl\/?p=9639&#038;t=Desarrollan%20jornada%20sobre%20Desaf%C3%ADos%20Regionales%20ante%20la%20gesti%C3%B3n%20de%20Residuos%20de%20la%20Construcci%C3%B3n%20y%20Demolici%C3%B3n' aria-hidden='false' data-av_icon='\ue8f3' data-av_iconfont='entypo-fontello' title='' data-avia-related-tooltip='Compartir en Facebook' rel=\"noopener\"><span class='avia_hidden_link_text'>Compartir en Facebook<\/span><\/a><\/li><li class='av-share-link av-social-link-twitter' ><a target=\"_blank\" aria-label=\"Compartir en Twitter\" href='https:\/\/twitter.com\/share?text=Desarrollan%20jornada%20sobre%20Desaf%C3%ADos%20Regionales%20ante%20la%20gesti%C3%B3n%20de%20Residuos%20de%20la%20Construcci%C3%B3n%20y%20Demolici%C3%B3n&#038;url=https:\/\/radiorevelacionfm.cl\/?p=9639' aria-hidden='false' data-av_icon='\ue8f1' data-av_iconfont='entypo-fontello' title='' data-avia-related-tooltip='Compartir en Twitter' rel=\"noopener\"><span class='avia_hidden_link_text'>Compartir en Twitter<\/span><\/a><\/li><li class='av-share-link av-social-link-whatsapp' ><a target=\"_blank\" aria-label=\"Compartir en Whatsapp\" href='https:\/\/api.whatsapp.com\/send?text=https:\/\/radiorevelacionfm.cl\/?p=9639' aria-hidden='false' data-av_icon='\uf232' data-av_iconfont='entypo-fontello' title='' data-avia-related-tooltip='Compartir en Whatsapp' rel=\"noopener\"><span class='avia_hidden_link_text'>Compartir en Whatsapp<\/span><\/a><\/li><li class='av-share-link av-social-link-linkedin' ><a target=\"_blank\" aria-label=\"Compartir en LinkedIn\" href='https:\/\/linkedin.com\/shareArticle?mini=true&#038;title=Desarrollan%20jornada%20sobre%20Desaf%C3%ADos%20Regionales%20ante%20la%20gesti%C3%B3n%20de%20Residuos%20de%20la%20Construcci%C3%B3n%20y%20Demolici%C3%B3n&#038;url=https:\/\/radiorevelacionfm.cl\/?p=9639' aria-hidden='false' data-av_icon='\ue8fc' data-av_iconfont='entypo-fontello' title='' data-avia-related-tooltip='Compartir en LinkedIn' rel=\"noopener\"><span class='avia_hidden_link_text'>Compartir en LinkedIn<\/span><\/a><\/li><li class='av-share-link av-social-link-mail' ><a  aria-label=\"Compartir por correo\" href='mailto:?subject=Desarrollan%20jornada%20sobre%20Desaf%C3%ADos%20Regionales%20ante%20la%20gesti%C3%B3n%20de%20Residuos%20de%20la%20Construcci%C3%B3n%20y%20Demolici%C3%B3n&#038;body=https:\/\/radiorevelacionfm.cl\/?p=9639' aria-hidden='false' data-av_icon='\ue805' data-av_iconfont='entypo-fontello' title='' data-avia-related-tooltip='Compartir por correo'><span class='avia_hidden_link_text'>Compartir por correo<\/span><\/a><\/li><\/ul><\/div><\/div>\n<div  style='height:50px' class='hr hr-invisible   avia-builder-el-8  el_after_av_social_share  el_before_av_comments_list '><span class='hr-inner ' ><span class='hr-inner-style'><\/span><\/span><\/div>\n<div  class='av-buildercomment  av-blog-meta-html-info-disabled av-blog-meta-tag-disabled  '><\/div>\n","protected":false},"excerpt":{"rendered":"","protected":false},"author":1,"featured_media":9640,"comment_status":"open","ping_status":"open","sticky":false,"template":"","format":"standard","meta":{"footnotes":""},"categories":[57],"tags":[],"class_list":["post-9639","post","type-post","status-publish","format-standard","has-post-thumbnail","hentry","category-vivienda"],"jetpack_featured_media_url":"https:\/\/radiorevelacionfm.cl\/wp-content\/uploads\/2021\/10\/Foto-Seremi-Vivienda-Jornada-contruccion-sustentable-1-1.jpg","_links":{"self":[{"href":"https:\/\/radiorevelacionfm.cl\/index.php?rest_route=\/wp\/v2\/posts\/9639","targetHints":{"allow":["GET"]}}],"collection":[{"href":"https:\/\/radiorevelacionfm.cl\/index.php?rest_route=\/wp\/v2\/posts"}],"about":[{"href":"https:\/\/radiorevelacionfm.cl\/index.php?rest_route=\/wp\/v2\/types\/post"}],"author":[{"embeddable":true,"href":"https:\/\/radiorevelacionfm.cl\/index.php?rest_route=\/wp\/v2\/users\/1"}],"replies":[{"embeddable":true,"href":"https:\/\/radiorevelacionfm.cl\/index.php?rest_route=%2Fwp%2Fv2%2Fcomments&post=9639"}],"version-history":[{"count":1,"href":"https:\/\/radiorevelacionfm.cl\/index.php?rest_route=\/wp\/v2\/posts\/9639\/revisions"}],"predecessor-version":[{"id":9641,"href":"https:\/\/radiorevelacionfm.cl\/index.php?rest_route=\/wp\/v2\/posts\/9639\/revisions\/9641"}],"wp:featuredmedia":[{"embeddable":true,"href":"https:\/\/radiorevelacionfm.cl\/index.php?rest_route=\/wp\/v2\/media\/9640"}],"wp:attachment":[{"href":"https:\/\/radiorevelacionfm.cl\/index.php?rest_route=%2Fwp%2Fv2%2Fmedia&parent=9639"}],"wp:term":[{"taxonomy":"category","embeddable":true,"href":"https:\/\/radiorevelacionfm.cl\/index.php?rest_route=%2Fwp%2Fv2%2Fcategories&post=9639"},{"taxonomy":"post_tag","embeddable":true,"href":"https:\/\/radiorevelacionfm.cl\/index.php?rest_route=%2Fwp%2Fv2%2Ftags&post=9639"}],"curies":[{"name":"wp","href":"https:\/\/api.w.org\/{rel}","templated":true}]}}