{"id":9636,"date":"2021-10-14T14:37:18","date_gmt":"2021-10-14T17:37:18","guid":{"rendered":"https:\/\/radiorevelacionfm.cl\/?p=9636"},"modified":"2021-10-14T14:37:18","modified_gmt":"2021-10-14T17:37:18","slug":"huemul-macho-muere-atropellado-en-sector-los-mallines-en-ruta-parque-nacional-cerro-castillo","status":"publish","type":"post","link":"https:\/\/radiorevelacionfm.cl\/?p=9636","title":{"rendered":"Huemul macho muere atropellado en sector los Mallines en ruta Parque Nacional Cerro Castillo"},"content":{"rendered":"<div class=\"flex_column av_one_full  flex_column_div av-zero-column-padding first  avia-builder-el-0  el_before_av_one_full  avia-builder-el-first  \" style='border-radius:0px; '><div  class='avia-image-container  av-styling-    avia-builder-el-1  avia-builder-el-no-sibling  avia-align-center '  itemprop=\"image\" itemscope=\"itemscope\" itemtype=\"https:\/\/schema.org\/ImageObject\"  ><div class='avia-image-container-inner'><div class='avia-image-overlay-wrap'><img decoding=\"async\" class='wp-image-9637 avia-img-lazy-loading-not-9637 avia_image' src=\"https:\/\/radiorevelacionfm.cl\/wp-content\/uploads\/2021\/10\/huemules-wa0092-1_optimized.jpg\" alt='' title='huemules-wa0092-(1)_optimized' height=\"600\" width=\"800\"  itemprop=\"thumbnailUrl\" srcset=\"https:\/\/radiorevelacionfm.cl\/wp-content\/uploads\/2021\/10\/huemules-wa0092-1_optimized.jpg 800w, https:\/\/radiorevelacionfm.cl\/wp-content\/uploads\/2021\/10\/huemules-wa0092-1_optimized-300x225.jpg 300w, https:\/\/radiorevelacionfm.cl\/wp-content\/uploads\/2021\/10\/huemules-wa0092-1_optimized-768x576.jpg 768w, https:\/\/radiorevelacionfm.cl\/wp-content\/uploads\/2021\/10\/huemules-wa0092-1_optimized-705x529.jpg 705w, https:\/\/radiorevelacionfm.cl\/wp-content\/uploads\/2021\/10\/huemules-wa0092-1_optimized-600x450.jpg 600w\" sizes=\"(max-width: 800px) 100vw, 800px\" \/><\/div><\/div><\/div><\/div><div class=\"flex_column av_one_full  flex_column_div av-zero-column-padding first  avia-builder-el-2  el_after_av_one_full  el_before_av_one_full  column-top-margin\" style='border-radius:0px; '><section class=\"av_textblock_section \"  itemscope=\"itemscope\" itemtype=\"https:\/\/schema.org\/BlogPosting\" itemprop=\"blogPost\" ><div class='avia_textblock  '   itemprop=\"text\" ><p style=\"text-align: center;\"><strong><span style=\"font-size: 18pt;\">Huemul macho muere atropellado en sector los Mallines en ruta Parque Nacional Cerro Castillo<\/span><\/strong><\/p>\n<div id=\"gtx-trans\" style=\"position: absolute; left: -50px; top: 4.31534px;\">\n<div class=\"gtx-trans-icon\"><\/div>\n<\/div>\n<\/div><\/section><\/div><div class=\"flex_column av_one_full  flex_column_div av-zero-column-padding first  avia-builder-el-4  el_after_av_one_full  el_before_av_hr  column-top-margin\" style='border-radius:0px; '><section class=\"av_textblock_section \"  itemscope=\"itemscope\" itemtype=\"https:\/\/schema.org\/BlogPosting\" itemprop=\"blogPost\" ><div class='avia_textblock  '   itemprop=\"text\" ><p style=\"font-weight: 400; text-align: justify;\">El d\u00eda mi\u00e9rcoles 13 de octubre, el Servicio Agr\u00edcola y Ganadero, recibi\u00f3 denuncia de atropello de un ejemplar de huemul, en la ruta de Reserva Nacional Cerro Castillo, sector Los Mallines.<\/p>\n<p style=\"font-weight: 400; text-align: justify;\">Funcionarios SAG y CONAF y Director Regional del Servicio, concurrieron al lugar donde efectivamente se logr\u00f3 observar a un huemul (macho), funcionarios realizaron toma de datos junto a carabineros y posterior retiro del ejemplar del sector para efectuar necropsia correspondiente, todos los antecedentes recabados del accidente ser\u00e1n derivados al Ministerio P\u00fablico.<\/p>\n<p style=\"font-weight: 400; text-align: justify;\">En relaci\u00f3n a este hecho, Mat\u00edas Vial Orueta, director regional SAG se\u00f1alo,<strong>\u00a0<\/strong>\u201choy lamentamos la segunda muerte durante el a\u00f1o 2021, por atropello de un huemul, hacemos un llamado a toda la comunidad y a todos los conductores que transitan por la carretera austral, especialmente en la zona del Parque Nacional Cerro Castillo a moderar la velocidad, ese sector habitan m\u00faltiples especies protegidas y todos debemos cuidarlas. Debemos reducir la velocidad, estar atentos y evitar este tipo de tr\u00e1gico incidente que hoy lamentamos profundamente\u201d.<\/p>\n<p style=\"font-weight: 400; text-align: justify;\">Por otra parte, Julio Molettieri, Jefe Provincial CONAF, se refiri\u00f3 al trabajo que se realiza a diario en el sector \u201clos guardaparques en conjunto con carabineros realizan controles carreteros de forma permanente en la ruta, es importante sobre todo en esta \u00e9poca del a\u00f1o tomar todas las medidas de precauci\u00f3n, debido que es la \u00e9poca que los huemules comienzan a bajar y se acercan mucho m\u00e1s a la carretera, es por eso que se refuerzan los controles en puntos esenciales de atropellos, tambi\u00e9n estamos en constante monitoreo y conversaci\u00f3n con los turistas que tratan de acercarse a los huemules, para explicarle que no deben acercarse a m\u00e1s de 20 o 30 metros, mantener la distancia, no alimentarlos, no generar estr\u00e9s en los ciervos y haciendo \u00e9nfasis que en esta fecha las hembras se encuentran pre\u00f1adas\u201d.<\/p>\n<p style=\"font-weight: 400; text-align: justify;\">Ingrid Espinoza, Directora de Conservaci\u00f3n de Fundaci\u00f3n Rewilding Chile \u201ces lamentable enterarnos de este segundo atropello, justamente en esta zona donde estamos trabajando fuertemente SAG, CONAF, Fundaci\u00f3n Rewilding Chile, precisamente para la protecci\u00f3n y monitoreo de esta especie emblem\u00e1tica en peligro de extinci\u00f3n, por otro lado es necesario que tanto las comunidades como las autoridades ligadas a la administraci\u00f3n del patrimonio caminero, como vialidad, logremos avanzar en elementos preventivos, tales como bandas alertadoras, ojos de gato o alg\u00fan tipo de se\u00f1al\u00e9tica justo en este lugar donde ya est\u00e1 identificado que ocurren estos accidentes, es necesario el trabajo colaborativo de los Servicios, todo en pro de la conservaci\u00f3n del huemul, estos lugares son corredores naturales de las especies, respetar la vida silvestre es fundamental\u201d.<\/p>\n<p style=\"font-weight: 400; text-align: justify;\">Finalmente, Felipe Henr\u00edquez Raglianti, Seremi de Agricultura, indic\u00f3 \u201cEs una situaci\u00f3n que causa mucho dolor, ya que hemos estado trabajando mucho, precisamente en el Parque Nacional Cerro Castillo, para poder conocer mejor las afectaciones a la salud de estos animales, trabajando de manera coordinada con organizaciones de la sociedad civil, con la academia y fundaciones, para poder conocer y cuidar de mejor manera los huemules, hemos hecho de manera permanente a la conducci\u00f3n a la defensiva, bajar la velocidad y sin embargo ocurren estas situaciones que son un llamado de atenci\u00f3n, para estar m\u00e1s pendientes y nos colaboren y cuidar entre todos los huemules que son un patrimonio nacional en peligro de extinci\u00f3n\u201d.<\/p>\n<\/div><\/section><\/div><div  style='height:50px' class='hr hr-invisible   avia-builder-el-6  el_after_av_one_full  el_before_av_social_share '><span class='hr-inner ' ><span class='hr-inner-style'><\/span><\/span><\/div><\/p>\n<div  class='av-social-sharing-box  avia-builder-el-7  el_after_av_hr  el_before_av_hr  '><div class='av-share-box'><h5 class='av-share-link-description av-no-toc '>Compartir esta noticia<\/h5><ul class='av-share-box-list noLightbox'><li class='av-share-link av-social-link-facebook' ><a target=\"_blank\" aria-label=\"Compartir en Facebook\" href='https:\/\/www.facebook.com\/sharer.php?u=https:\/\/radiorevelacionfm.cl\/?p=9636&#038;t=Huemul%20macho%20muere%20atropellado%20en%20sector%20los%20Mallines%20en%20ruta%20Parque%20Nacional%20Cerro%20Castillo' aria-hidden='false' data-av_icon='\ue8f3' data-av_iconfont='entypo-fontello' title='' data-avia-related-tooltip='Compartir en Facebook' rel=\"noopener\"><span class='avia_hidden_link_text'>Compartir en Facebook<\/span><\/a><\/li><li class='av-share-link av-social-link-twitter' ><a target=\"_blank\" aria-label=\"Compartir en Twitter\" href='https:\/\/twitter.com\/share?text=Huemul%20macho%20muere%20atropellado%20en%20sector%20los%20Mallines%20en%20ruta%20Parque%20Nacional%20Cerro%20Castillo&#038;url=https:\/\/radiorevelacionfm.cl\/?p=9636' aria-hidden='false' data-av_icon='\ue8f1' data-av_iconfont='entypo-fontello' title='' data-avia-related-tooltip='Compartir en Twitter' rel=\"noopener\"><span class='avia_hidden_link_text'>Compartir en Twitter<\/span><\/a><\/li><li class='av-share-link av-social-link-whatsapp' ><a target=\"_blank\" aria-label=\"Compartir en Whatsapp\" href='https:\/\/api.whatsapp.com\/send?text=https:\/\/radiorevelacionfm.cl\/?p=9636' aria-hidden='false' data-av_icon='\uf232' data-av_iconfont='entypo-fontello' title='' data-avia-related-tooltip='Compartir en Whatsapp' rel=\"noopener\"><span class='avia_hidden_link_text'>Compartir en Whatsapp<\/span><\/a><\/li><li class='av-share-link av-social-link-linkedin' ><a target=\"_blank\" aria-label=\"Compartir en LinkedIn\" href='https:\/\/linkedin.com\/shareArticle?mini=true&#038;title=Huemul%20macho%20muere%20atropellado%20en%20sector%20los%20Mallines%20en%20ruta%20Parque%20Nacional%20Cerro%20Castillo&#038;url=https:\/\/radiorevelacionfm.cl\/?p=9636' aria-hidden='false' data-av_icon='\ue8fc' data-av_iconfont='entypo-fontello' title='' data-avia-related-tooltip='Compartir en LinkedIn' rel=\"noopener\"><span class='avia_hidden_link_text'>Compartir en LinkedIn<\/span><\/a><\/li><li class='av-share-link av-social-link-mail' ><a  aria-label=\"Compartir por correo\" href='mailto:?subject=Huemul%20macho%20muere%20atropellado%20en%20sector%20los%20Mallines%20en%20ruta%20Parque%20Nacional%20Cerro%20Castillo&#038;body=https:\/\/radiorevelacionfm.cl\/?p=9636' aria-hidden='false' data-av_icon='\ue805' data-av_iconfont='entypo-fontello' title='' data-avia-related-tooltip='Compartir por correo'><span class='avia_hidden_link_text'>Compartir por correo<\/span><\/a><\/li><\/ul><\/div><\/div>\n<div  style='height:50px' class='hr hr-invisible   avia-builder-el-8  el_after_av_social_share  el_before_av_comments_list '><span class='hr-inner ' ><span class='hr-inner-style'><\/span><\/span><\/div>\n<div  class='av-buildercomment  av-blog-meta-html-info-disabled av-blog-meta-tag-disabled  '><\/div>\n","protected":false},"excerpt":{"rendered":"","protected":false},"author":1,"featured_media":9637,"comment_status":"open","ping_status":"open","sticky":false,"template":"","format":"standard","meta":{"footnotes":""},"categories":[38],"tags":[],"class_list":["post-9636","post","type-post","status-publish","format-standard","has-post-thumbnail","hentry","category-regional"],"jetpack_featured_media_url":"https:\/\/radiorevelacionfm.cl\/wp-content\/uploads\/2021\/10\/huemules-wa0092-1_optimized.jpg","_links":{"self":[{"href":"https:\/\/radiorevelacionfm.cl\/index.php?rest_route=\/wp\/v2\/posts\/9636","targetHints":{"allow":["GET"]}}],"collection":[{"href":"https:\/\/radiorevelacionfm.cl\/index.php?rest_route=\/wp\/v2\/posts"}],"about":[{"href":"https:\/\/radiorevelacionfm.cl\/index.php?rest_route=\/wp\/v2\/types\/post"}],"author":[{"embeddable":true,"href":"https:\/\/radiorevelacionfm.cl\/index.php?rest_route=\/wp\/v2\/users\/1"}],"replies":[{"embeddable":true,"href":"https:\/\/radiorevelacionfm.cl\/index.php?rest_route=%2Fwp%2Fv2%2Fcomments&post=9636"}],"version-history":[{"count":1,"href":"https:\/\/radiorevelacionfm.cl\/index.php?rest_route=\/wp\/v2\/posts\/9636\/revisions"}],"predecessor-version":[{"id":9638,"href":"https:\/\/radiorevelacionfm.cl\/index.php?rest_route=\/wp\/v2\/posts\/9636\/revisions\/9638"}],"wp:featuredmedia":[{"embeddable":true,"href":"https:\/\/radiorevelacionfm.cl\/index.php?rest_route=\/wp\/v2\/media\/9637"}],"wp:attachment":[{"href":"https:\/\/radiorevelacionfm.cl\/index.php?rest_route=%2Fwp%2Fv2%2Fmedia&parent=9636"}],"wp:term":[{"taxonomy":"category","embeddable":true,"href":"https:\/\/radiorevelacionfm.cl\/index.php?rest_route=%2Fwp%2Fv2%2Fcategories&post=9636"},{"taxonomy":"post_tag","embeddable":true,"href":"https:\/\/radiorevelacionfm.cl\/index.php?rest_route=%2Fwp%2Fv2%2Ftags&post=9636"}],"curies":[{"name":"wp","href":"https:\/\/api.w.org\/{rel}","templated":true}]}}