{"id":9633,"date":"2021-10-14T11:22:27","date_gmt":"2021-10-14T14:22:27","guid":{"rendered":"https:\/\/radiorevelacionfm.cl\/?p=9633"},"modified":"2021-10-14T11:22:27","modified_gmt":"2021-10-14T14:22:27","slug":"hospital-regional-coyhaique-y-facultad-de-medicina-uc-dan-inicio-a-convenio-asistencial-docente","status":"publish","type":"post","link":"https:\/\/radiorevelacionfm.cl\/?p=9633","title":{"rendered":"Hospital Regional Coyhaique y Facultad de Medicina UC dan inicio a convenio asistencial docente"},"content":{"rendered":"<div class=\"flex_column av_one_full  flex_column_div av-zero-column-padding first  avia-builder-el-0  el_before_av_one_full  avia-builder-el-first  \" style='border-radius:0px; '><div  class='avia-image-container  av-styling-    avia-builder-el-1  avia-builder-el-no-sibling  avia-align-center '  itemprop=\"image\" itemscope=\"itemscope\" itemtype=\"https:\/\/schema.org\/ImageObject\"  ><div class='avia-image-container-inner'><div class='avia-image-overlay-wrap'><img decoding=\"async\" class='wp-image-9634 avia-img-lazy-loading-not-9634 avia_image' src=\"https:\/\/radiorevelacionfm.cl\/wp-content\/uploads\/2021\/10\/Convenio-PUC-1-1.jpeg\" alt='' title='Convenio PUC (1) (1)' height=\"600\" width=\"800\"  itemprop=\"thumbnailUrl\" srcset=\"https:\/\/radiorevelacionfm.cl\/wp-content\/uploads\/2021\/10\/Convenio-PUC-1-1.jpeg 800w, https:\/\/radiorevelacionfm.cl\/wp-content\/uploads\/2021\/10\/Convenio-PUC-1-1-300x225.jpeg 300w, https:\/\/radiorevelacionfm.cl\/wp-content\/uploads\/2021\/10\/Convenio-PUC-1-1-768x576.jpeg 768w, https:\/\/radiorevelacionfm.cl\/wp-content\/uploads\/2021\/10\/Convenio-PUC-1-1-705x529.jpeg 705w, https:\/\/radiorevelacionfm.cl\/wp-content\/uploads\/2021\/10\/Convenio-PUC-1-1-600x450.jpeg 600w\" sizes=\"(max-width: 800px) 100vw, 800px\" \/><\/div><\/div><\/div><\/div><div class=\"flex_column av_one_full  flex_column_div av-zero-column-padding first  avia-builder-el-2  el_after_av_one_full  el_before_av_one_full  column-top-margin\" style='border-radius:0px; '><section class=\"av_textblock_section \"  itemscope=\"itemscope\" itemtype=\"https:\/\/schema.org\/BlogPosting\" itemprop=\"blogPost\" ><div class='avia_textblock  '   itemprop=\"text\" ><p style=\"text-align: center;\"><span style=\"font-size: 18pt;\"><strong>Hospital Regional Coyhaique y Facultad de Medicina UC dan inicio a convenio asistencial docente<\/strong><\/span><\/p>\n<div id=\"gtx-trans\" style=\"position: absolute; left: -50px; top: 4.31534px;\">\n<div class=\"gtx-trans-icon\"><\/div>\n<\/div>\n<\/div><\/section><\/div><div class=\"flex_column av_one_full  flex_column_div av-zero-column-padding first  avia-builder-el-4  el_after_av_one_full  el_before_av_hr  column-top-margin\" style='border-radius:0px; '><section class=\"av_textblock_section \"  itemscope=\"itemscope\" itemtype=\"https:\/\/schema.org\/BlogPosting\" itemprop=\"blogPost\" ><div class='avia_textblock  '   itemprop=\"text\" ><p style=\"text-align: justify;\">Un importante convenio de colaboraci\u00f3n comenz\u00f3 a desarrollarse en el Hospital Regional Coyhaique, que sin duda traer\u00e1 beneficios para todos. Se trata del convenio asistencial docente entre el HRC y la Facultad de Medicina de la Pontifica Universidad Cat\u00f3lica de Chile.<\/p>\n<p style=\"text-align: justify;\">Si bien esta iniciativa surgi\u00f3 en enero del a\u00f1o 2020, producto de la pandemia no pudo ejecutarse, por lo que se retom\u00f3 hace algunas semanas. El convenio, gestionado a trav\u00e9s del equipo de Ginecolog\u00eda y Obstetricia del HRC, tiene por objetivo la realizaci\u00f3n de cirug\u00edas complejas a pacientes de la regi\u00f3n, evitando as\u00ed el traslado de \u00e9stas hacia otros hospitales del pa\u00eds; asimismo, durante una semana ginec\u00f3logos de la UC permanecen en Coyhaique junto a uno o m\u00e1s alumnos becados de dicha especialidad, quienes podr\u00e1n conocer el quehacer hospitalario fuera de Santiago.<\/p>\n<p style=\"text-align: justify;\">\u201cPor todos lados se gana: las pacientes se operan en Coyhaique y no tienen que ser trasladas a otra regi\u00f3n; los que trabajamos ac\u00e1, podemos participar en cirug\u00edas que no vemos frecuentemente, aprendiendo de los especialistas que vienen; tambi\u00e9n ganamos en que vengan becados desde Santiago, quienes conocen otra plaza para venirse a futuro y trabajar con nosotros; y por \u00faltimo, el staff de m\u00e9dicos UC sale del caos de Santiago y viene a un lugar distinto, con un ambiente grato como el de nuestro hospital\u201d, explica la Dra. Constanza Ralph, ginec\u00f3loga del HRC que lidera esta iniciativa.<\/p>\n<p style=\"text-align: justify;\">La especialista \u2013 tambi\u00e9n egresada de la Facultad de Medicina UC- precis\u00f3 que en este primer operativo se realizaron 7 cirug\u00edas de alta complejidad a pacientes entre 30 y 50 a\u00f1os con distintas patolog\u00edas tales como endometriosis, piso p\u00e9lvico (prolapso) y fertilidad, quienes podr\u00e1n vivir el proceso pre y post operatorio en su hogar y cerca de sus familias, evitando as\u00ed largas estad\u00edas fuera de la regi\u00f3n de Ays\u00e9n, aumentando tambi\u00e9n la capacidad resolutiva del HRC.<\/p>\n<p style=\"text-align: justify;\">En tanto, Cristi\u00e1n Pom\u00e9s, profesor de la Escuela de Medicina de la Universidad Cat\u00f3lica y Jefe del Depto. de Ginecolog\u00eda de dicha casa de estudios, hizo hincapi\u00e9 en la importancia de tratar a las pacientes en su lugar de origen, lo que sin duda ayuda en su recuperaci\u00f3n.<\/p>\n<p style=\"text-align: justify;\">\u201cNuestra idea es lograr que especialistas vengan a este centro a resolver patolog\u00edas muy complejas y que significar\u00edan traslados de pacientes por largos per\u00edodos a otras zonas del pa\u00eds. Este convenio permite traer m\u00e9dicos experimentados en estas patolog\u00edas no tan frecuentes para ser tratadas aqu\u00ed: en su entorno, en su hospital y cerca de sus familias\u201d, sostuvo el Jefe del Depto. de Ginecolog\u00eda UC.<\/p>\n<p style=\"text-align: justify;\">Por su parte, el Dr. V\u00edctor Miranda, jefe del Programa de Becados de Obstetricia y Ginecolog\u00eda UC, destac\u00f3 que dentro del proceso de formaci\u00f3n de los futuros ginec\u00f3logos de la casa de estudios, conocer distintas realidades es clave, sobre todo considerando que terminando la especialidad deben emigrar a distintos puntos del pa\u00eds, por lo que tener la posibilidad de hacer una pasant\u00eda en un nuevo campo cl\u00ednico es un gran aporte en su formaci\u00f3n.<\/p>\n<p style=\"text-align: justify;\">\u201cUno de los grandes temores que tienen nuestros residentes es \u2018c\u00f3mo voy a llegar a un lugar distinto al que estoy acostumbrado\u2019. En el caso del Hospital Regional Coyhaique no es una realidad diametralmente opuesta, pero les sirve para conocer, adaptarse e integrarse a un medio distinto al que conocen, y esto les va a dar mucho m\u00e1s confianza para poder hacerlo cuando toque el momento\u201d, explic\u00f3, agregando que \u201ces un aporte s\u00faper bueno para nosotros y el hospital, desde el punto de vista de tener a gente joven, en formaci\u00f3n, con ganas y con la experiencia necesaria para poder aportar ac\u00e1\u201d.<\/p>\n<\/div><\/section><\/div><div  style='height:50px' class='hr hr-invisible   avia-builder-el-6  el_after_av_one_full  el_before_av_social_share '><span class='hr-inner ' ><span class='hr-inner-style'><\/span><\/span><\/div><\/p>\n<div  class='av-social-sharing-box  avia-builder-el-7  el_after_av_hr  el_before_av_hr  '><div class='av-share-box'><h5 class='av-share-link-description av-no-toc '>Compartir esta noticia<\/h5><ul class='av-share-box-list noLightbox'><li class='av-share-link av-social-link-facebook' ><a target=\"_blank\" aria-label=\"Compartir en Facebook\" href='https:\/\/www.facebook.com\/sharer.php?u=https:\/\/radiorevelacionfm.cl\/?p=9633&#038;t=Hospital%20Regional%20Coyhaique%20y%20Facultad%20de%20Medicina%20UC%20dan%20inicio%20a%20convenio%20asistencial%20docente' aria-hidden='false' data-av_icon='\ue8f3' data-av_iconfont='entypo-fontello' title='' data-avia-related-tooltip='Compartir en Facebook' rel=\"noopener\"><span class='avia_hidden_link_text'>Compartir en Facebook<\/span><\/a><\/li><li class='av-share-link av-social-link-twitter' ><a target=\"_blank\" aria-label=\"Compartir en Twitter\" href='https:\/\/twitter.com\/share?text=Hospital%20Regional%20Coyhaique%20y%20Facultad%20de%20Medicina%20UC%20dan%20inicio%20a%20convenio%20asistencial%20docente&#038;url=https:\/\/radiorevelacionfm.cl\/?p=9633' aria-hidden='false' data-av_icon='\ue8f1' data-av_iconfont='entypo-fontello' title='' data-avia-related-tooltip='Compartir en Twitter' rel=\"noopener\"><span class='avia_hidden_link_text'>Compartir en Twitter<\/span><\/a><\/li><li class='av-share-link av-social-link-whatsapp' ><a target=\"_blank\" aria-label=\"Compartir en Whatsapp\" href='https:\/\/api.whatsapp.com\/send?text=https:\/\/radiorevelacionfm.cl\/?p=9633' aria-hidden='false' data-av_icon='\uf232' data-av_iconfont='entypo-fontello' title='' data-avia-related-tooltip='Compartir en Whatsapp' rel=\"noopener\"><span class='avia_hidden_link_text'>Compartir en Whatsapp<\/span><\/a><\/li><li class='av-share-link av-social-link-linkedin' ><a target=\"_blank\" aria-label=\"Compartir en LinkedIn\" href='https:\/\/linkedin.com\/shareArticle?mini=true&#038;title=Hospital%20Regional%20Coyhaique%20y%20Facultad%20de%20Medicina%20UC%20dan%20inicio%20a%20convenio%20asistencial%20docente&#038;url=https:\/\/radiorevelacionfm.cl\/?p=9633' aria-hidden='false' data-av_icon='\ue8fc' data-av_iconfont='entypo-fontello' title='' data-avia-related-tooltip='Compartir en LinkedIn' rel=\"noopener\"><span class='avia_hidden_link_text'>Compartir en LinkedIn<\/span><\/a><\/li><li class='av-share-link av-social-link-mail' ><a  aria-label=\"Compartir por correo\" href='mailto:?subject=Hospital%20Regional%20Coyhaique%20y%20Facultad%20de%20Medicina%20UC%20dan%20inicio%20a%20convenio%20asistencial%20docente&#038;body=https:\/\/radiorevelacionfm.cl\/?p=9633' aria-hidden='false' data-av_icon='\ue805' data-av_iconfont='entypo-fontello' title='' data-avia-related-tooltip='Compartir por correo'><span class='avia_hidden_link_text'>Compartir por correo<\/span><\/a><\/li><\/ul><\/div><\/div>\n<div  style='height:50px' class='hr hr-invisible   avia-builder-el-8  el_after_av_social_share  el_before_av_comments_list '><span class='hr-inner ' ><span class='hr-inner-style'><\/span><\/span><\/div>\n<div  class='av-buildercomment  av-blog-meta-html-info-disabled av-blog-meta-tag-disabled  '><\/div>\n","protected":false},"excerpt":{"rendered":"","protected":false},"author":1,"featured_media":9634,"comment_status":"open","ping_status":"open","sticky":false,"template":"","format":"standard","meta":{"footnotes":""},"categories":[46],"tags":[],"class_list":["post-9633","post","type-post","status-publish","format-standard","has-post-thumbnail","hentry","category-salud"],"jetpack_featured_media_url":"https:\/\/radiorevelacionfm.cl\/wp-content\/uploads\/2021\/10\/Convenio-PUC-1-1.jpeg","_links":{"self":[{"href":"https:\/\/radiorevelacionfm.cl\/index.php?rest_route=\/wp\/v2\/posts\/9633","targetHints":{"allow":["GET"]}}],"collection":[{"href":"https:\/\/radiorevelacionfm.cl\/index.php?rest_route=\/wp\/v2\/posts"}],"about":[{"href":"https:\/\/radiorevelacionfm.cl\/index.php?rest_route=\/wp\/v2\/types\/post"}],"author":[{"embeddable":true,"href":"https:\/\/radiorevelacionfm.cl\/index.php?rest_route=\/wp\/v2\/users\/1"}],"replies":[{"embeddable":true,"href":"https:\/\/radiorevelacionfm.cl\/index.php?rest_route=%2Fwp%2Fv2%2Fcomments&post=9633"}],"version-history":[{"count":1,"href":"https:\/\/radiorevelacionfm.cl\/index.php?rest_route=\/wp\/v2\/posts\/9633\/revisions"}],"predecessor-version":[{"id":9635,"href":"https:\/\/radiorevelacionfm.cl\/index.php?rest_route=\/wp\/v2\/posts\/9633\/revisions\/9635"}],"wp:featuredmedia":[{"embeddable":true,"href":"https:\/\/radiorevelacionfm.cl\/index.php?rest_route=\/wp\/v2\/media\/9634"}],"wp:attachment":[{"href":"https:\/\/radiorevelacionfm.cl\/index.php?rest_route=%2Fwp%2Fv2%2Fmedia&parent=9633"}],"wp:term":[{"taxonomy":"category","embeddable":true,"href":"https:\/\/radiorevelacionfm.cl\/index.php?rest_route=%2Fwp%2Fv2%2Fcategories&post=9633"},{"taxonomy":"post_tag","embeddable":true,"href":"https:\/\/radiorevelacionfm.cl\/index.php?rest_route=%2Fwp%2Fv2%2Ftags&post=9633"}],"curies":[{"name":"wp","href":"https:\/\/api.w.org\/{rel}","templated":true}]}}