{"id":9630,"date":"2021-10-14T10:11:20","date_gmt":"2021-10-14T13:11:20","guid":{"rendered":"https:\/\/radiorevelacionfm.cl\/?p=9630"},"modified":"2021-10-14T10:11:20","modified_gmt":"2021-10-14T13:11:20","slug":"en-puerto-tranquilo-se-reunieron-mujeres-rurales-y-campesinas-integrantes-de-la-mesa-territorial","status":"publish","type":"post","link":"https:\/\/radiorevelacionfm.cl\/?p=9630","title":{"rendered":"En Puerto Tranquilo se reunieron mujeres rurales y campesinas integrantes de la Mesa Territorial"},"content":{"rendered":"<div class=\"flex_column av_one_full  flex_column_div av-zero-column-padding first  avia-builder-el-0  el_before_av_one_full  avia-builder-el-first  \" style='border-radius:0px; '><div  class='avia-image-container  av-styling-    avia-builder-el-1  avia-builder-el-no-sibling  avia-align-center '  itemprop=\"image\" itemscope=\"itemscope\" itemtype=\"https:\/\/schema.org\/ImageObject\"  ><div class='avia-image-container-inner'><div class='avia-image-overlay-wrap'><img decoding=\"async\" class='wp-image-9631 avia-img-lazy-loading-not-9631 avia_image' src=\"https:\/\/radiorevelacionfm.cl\/wp-content\/uploads\/2021\/10\/MESA-TERRITORIAL-TRANQUILO-1-1.jpg\" alt='' title='MESA TERRITORIAL TRANQUILO (1) (1)' height=\"600\" width=\"899\"  itemprop=\"thumbnailUrl\" srcset=\"https:\/\/radiorevelacionfm.cl\/wp-content\/uploads\/2021\/10\/MESA-TERRITORIAL-TRANQUILO-1-1.jpg 899w, https:\/\/radiorevelacionfm.cl\/wp-content\/uploads\/2021\/10\/MESA-TERRITORIAL-TRANQUILO-1-1-300x200.jpg 300w, https:\/\/radiorevelacionfm.cl\/wp-content\/uploads\/2021\/10\/MESA-TERRITORIAL-TRANQUILO-1-1-768x513.jpg 768w, https:\/\/radiorevelacionfm.cl\/wp-content\/uploads\/2021\/10\/MESA-TERRITORIAL-TRANQUILO-1-1-705x471.jpg 705w, https:\/\/radiorevelacionfm.cl\/wp-content\/uploads\/2021\/10\/MESA-TERRITORIAL-TRANQUILO-1-1-600x400.jpg 600w\" sizes=\"(max-width: 899px) 100vw, 899px\" \/><\/div><\/div><\/div><\/div><div class=\"flex_column av_one_full  flex_column_div av-zero-column-padding first  avia-builder-el-2  el_after_av_one_full  el_before_av_one_full  column-top-margin\" style='border-radius:0px; '><section class=\"av_textblock_section \"  itemscope=\"itemscope\" itemtype=\"https:\/\/schema.org\/BlogPosting\" itemprop=\"blogPost\" ><div class='avia_textblock  '   itemprop=\"text\" ><p style=\"text-align: center;\"><strong><span style=\"font-size: 18pt;\">En Puerto Tranquilo se reunieron mujeres rurales y campesinas integrantes de la Mesa Territorial <\/span><\/strong><\/p>\n<div id=\"gtx-trans\" style=\"position: absolute; left: -50px; top: 4.31534px;\">\n<div class=\"gtx-trans-icon\"><\/div>\n<\/div>\n<\/div><\/section><\/div><div class=\"flex_column av_one_full  flex_column_div av-zero-column-padding first  avia-builder-el-4  el_after_av_one_full  el_before_av_hr  column-top-margin\" style='border-radius:0px; '><section class=\"av_textblock_section \"  itemscope=\"itemscope\" itemtype=\"https:\/\/schema.org\/BlogPosting\" itemprop=\"blogPost\" ><div class='avia_textblock  '   itemprop=\"text\" ><p style=\"text-align: justify;\">La cita que reuni\u00f3 a mujeres de las comunas de Ays\u00e9n, Coyhaique, R\u00edo Ib\u00e1\u00f1ez y Cochrane en el marco de la Mesa de la Mujer Rural, se desarroll\u00f3 como parte de la activaci\u00f3n de las instancias presenciales, que desde diciembre del 2019 se encontraban suspendidas producto de la crisis sociosanitaria.<\/p>\n<p style=\"text-align: justify;\">Para Karina Briones, participante de este encuentro y representante de la localidad anfitriona de esta actividad fue una instancia muy importante para dar a conocer su trabajo e integrarse a este grupo de mujeres y, por, sobre todo, valor\u00f3 el encuentro como algo muy positivo, especialmente su realizaci\u00f3n en la localidad perteneciente a R\u00edo Ib\u00e1\u00f1ez, zona rural, que, de acuerdo con sus dichos, est\u00e1 potenciando la agricultura.<\/p>\n<p style=\"text-align: justify;\">La Seremi de la Mujer y la Equidad de G\u00e9nero, instituci\u00f3n que tiene la secretar\u00eda ejecutiva de esta Mesa liderada junto a INDAP cont\u00f3 con el apoyo de la Delegaci\u00f3n Municipal de Puerto R\u00edo Tranquilo quienes colaboraron con la organizaci\u00f3n y la log\u00edstica que permiti\u00f3 a las participantes desarrollar una jornada de trabajo fruct\u00edfera y un reencuentro muy valorado por las participantes, la Seremi B\u00e1rbara Ort\u00fazar agradeci\u00f3 la oportunidad de generar un di\u00e1logo directo y comenta al respecto que \u201cTras m\u00e1s de 1 a\u00f1o sin poder realizar la mesa territorial de la Mujer Rural. Mesa d\u00f3nde junto a distintas autoridades como el Seremi de Agricultura, Director de Indap y representantes de Prodemu, pudimos conocer las necesidades de las mujeres rurales de nuestra regi\u00f3n, necesidades que afloran desde lo personal, como tambi\u00e9n desde el mismo trabajo en el campo con la idea de poder gestionar y disminuir las brechas existentes. Recordar, que est\u00e1s grandes mujeres jam\u00e1s bajaron los brazos durante esta pandemia, est\u00e1s Mujeres con coraje nos demuestran d\u00edas a d\u00eda que las tradiciones y el campo, no para\u201d.<\/p>\n<p style=\"text-align: justify;\">Raquel Godoy parte de la Asociaci\u00f3n Gremial Campesina de Puerto R\u00edo Tranquilo, tambi\u00e9n valor\u00f3 la instancia y por sobre todo agradeci\u00f3 la invitaci\u00f3n, la cual consider\u00f3 una instancia muy provechosa y de aprendizaje relevante.<\/p>\n<p style=\"text-align: justify;\">Durante el desarrollo de la Mesa, las mujeres pudieron dar a conocer el quehacer de sus organizaciones, adem\u00e1s de dialogar con importantes autoridades encabezadas por el Alcalde de la Ilustre Municipalidad de R\u00edo Ib\u00e1\u00f1ez Marcelo Santana, el Seremi de Agricultura, el Director de INDAP y la Seremi de la Mujer y la Equidad de G\u00e9nero.<\/p>\n<p style=\"text-align: justify;\">Respecto realizar esta actividad en la comuna de R\u00edo Ib\u00e1\u00f1ez el edil Marcelo Santana se\u00f1al\u00f3 \u201cTuvimos la suerte de ser anfitriones en nuestra comuna, particularmente en Puerto Tranquilo donde recibimos a distintas organizaciones de mujeres rurales constituidas en cada una de las comunas de nuestra regi\u00f3n y que permite establecer v\u00ednculos potentes con el Ministerio de Agricultura con el Ministerio de la Mujer y la Equidad de G\u00e9nero con los municipios en post del desarrollo rural y particularmente del rol de la mujer en el sector rural. Nuevamente la comuna de Ib\u00e1\u00f1ez anfitriona, as\u00ed que tambi\u00e9n nos fortalece y nos llama a seguir construyendo y liderando estos procesos de empoderamiento de la mujer rural en las actividades productivas, en el desarrollo, en la disminuci\u00f3n de brechas y desigualdades entre mujeres y hombres. As\u00ed que contento como alcalde y esperando sumar nuevas actividades con mujeres rurales en la comuna de R\u00edo Ib\u00e1\u00f1ez\u201d.<\/p>\n<p style=\"text-align: justify;\">Las participantes, quienes levantaron una serie propuestas, lograron que estas fueran elementos fundamentales y constitutivos del Plan de Trabajo de la Mesa de la Mujer Rural 2022, situaci\u00f3n que fue altamente valorada por ellas.<\/p>\n<p style=\"text-align: justify;\">Finalmente el Director de Indap Patricio Urrutia complement\u00f3 \u201cEstoy s\u00faper orgulloso de lo que est\u00e1 haciendo la Mesa de la Mujer Rural ac\u00e1 en la regi\u00f3n, cada una de las mujeres que hoy d\u00eda participa, cada una de las autoridades que esta trabajando en esta Mesa ha demostrado que justamente ese trabajo conjunto, esta comunicaci\u00f3n tan cercana rinde frutos, lo vimos reci\u00e9n en la celebraci\u00f3n de esta Mesa Territorial en Puerto Tranquilo, una preciosa jornada donde compartimos experiencias, vivencias, la forma de vida que tienen nuestras mujeres rurales, sus necesidades y tambi\u00e9n como al alero del trabajo de esta mesa encontramos una instancia para poder resolver paso a paso las grande brechas que se encuentran en el mundo rural, pero sobre todo las brechas que identifican nuestras mujeres, as\u00ed que estoy super contento del trabajo que se esta realizando, estamos super motivados como Indap, desde el Ministerio de Agricultura para poder seguir apoyando este precioso trabajo y que es reconocido como hemos dicho tantas veces a nivel nacional, de una Mesa de la Mujer Rural Tremendamente fuerte y potente en su mensaje\u201d.<\/p>\n<\/div><\/section><\/div><div  style='height:50px' class='hr hr-invisible   avia-builder-el-6  el_after_av_one_full  el_before_av_social_share '><span class='hr-inner ' ><span class='hr-inner-style'><\/span><\/span><\/div><\/p>\n<div  class='av-social-sharing-box  avia-builder-el-7  el_after_av_hr  el_before_av_hr  '><div class='av-share-box'><h5 class='av-share-link-description av-no-toc '>Compartir esta noticia<\/h5><ul class='av-share-box-list noLightbox'><li class='av-share-link av-social-link-facebook' ><a target=\"_blank\" aria-label=\"Compartir en Facebook\" href='https:\/\/www.facebook.com\/sharer.php?u=https:\/\/radiorevelacionfm.cl\/?p=9630&#038;t=En%20Puerto%20Tranquilo%20se%20reunieron%20mujeres%20rurales%20y%20campesinas%20integrantes%20de%20la%20Mesa%20Territorial' aria-hidden='false' data-av_icon='\ue8f3' data-av_iconfont='entypo-fontello' title='' data-avia-related-tooltip='Compartir en Facebook' rel=\"noopener\"><span class='avia_hidden_link_text'>Compartir en Facebook<\/span><\/a><\/li><li class='av-share-link av-social-link-twitter' ><a target=\"_blank\" aria-label=\"Compartir en Twitter\" href='https:\/\/twitter.com\/share?text=En%20Puerto%20Tranquilo%20se%20reunieron%20mujeres%20rurales%20y%20campesinas%20integrantes%20de%20la%20Mesa%20Territorial&#038;url=https:\/\/radiorevelacionfm.cl\/?p=9630' aria-hidden='false' data-av_icon='\ue8f1' data-av_iconfont='entypo-fontello' title='' data-avia-related-tooltip='Compartir en Twitter' rel=\"noopener\"><span class='avia_hidden_link_text'>Compartir en Twitter<\/span><\/a><\/li><li class='av-share-link av-social-link-whatsapp' ><a target=\"_blank\" aria-label=\"Compartir en Whatsapp\" href='https:\/\/api.whatsapp.com\/send?text=https:\/\/radiorevelacionfm.cl\/?p=9630' aria-hidden='false' data-av_icon='\uf232' data-av_iconfont='entypo-fontello' title='' data-avia-related-tooltip='Compartir en Whatsapp' rel=\"noopener\"><span class='avia_hidden_link_text'>Compartir en Whatsapp<\/span><\/a><\/li><li class='av-share-link av-social-link-linkedin' ><a target=\"_blank\" aria-label=\"Compartir en LinkedIn\" href='https:\/\/linkedin.com\/shareArticle?mini=true&#038;title=En%20Puerto%20Tranquilo%20se%20reunieron%20mujeres%20rurales%20y%20campesinas%20integrantes%20de%20la%20Mesa%20Territorial&#038;url=https:\/\/radiorevelacionfm.cl\/?p=9630' aria-hidden='false' data-av_icon='\ue8fc' data-av_iconfont='entypo-fontello' title='' data-avia-related-tooltip='Compartir en LinkedIn' rel=\"noopener\"><span class='avia_hidden_link_text'>Compartir en LinkedIn<\/span><\/a><\/li><li class='av-share-link av-social-link-mail' ><a  aria-label=\"Compartir por correo\" href='mailto:?subject=En%20Puerto%20Tranquilo%20se%20reunieron%20mujeres%20rurales%20y%20campesinas%20integrantes%20de%20la%20Mesa%20Territorial&#038;body=https:\/\/radiorevelacionfm.cl\/?p=9630' aria-hidden='false' data-av_icon='\ue805' data-av_iconfont='entypo-fontello' title='' data-avia-related-tooltip='Compartir por correo'><span class='avia_hidden_link_text'>Compartir por correo<\/span><\/a><\/li><\/ul><\/div><\/div>\n<div  style='height:50px' class='hr hr-invisible   avia-builder-el-8  el_after_av_social_share  el_before_av_comments_list '><span class='hr-inner ' ><span class='hr-inner-style'><\/span><\/span><\/div>\n<div  class='av-buildercomment  av-blog-meta-html-info-disabled av-blog-meta-tag-disabled  '><\/div>\n","protected":false},"excerpt":{"rendered":"","protected":false},"author":1,"featured_media":9631,"comment_status":"open","ping_status":"open","sticky":false,"template":"","format":"standard","meta":{"footnotes":""},"categories":[38],"tags":[],"class_list":["post-9630","post","type-post","status-publish","format-standard","has-post-thumbnail","hentry","category-regional"],"jetpack_featured_media_url":"https:\/\/radiorevelacionfm.cl\/wp-content\/uploads\/2021\/10\/MESA-TERRITORIAL-TRANQUILO-1-1.jpg","_links":{"self":[{"href":"https:\/\/radiorevelacionfm.cl\/index.php?rest_route=\/wp\/v2\/posts\/9630","targetHints":{"allow":["GET"]}}],"collection":[{"href":"https:\/\/radiorevelacionfm.cl\/index.php?rest_route=\/wp\/v2\/posts"}],"about":[{"href":"https:\/\/radiorevelacionfm.cl\/index.php?rest_route=\/wp\/v2\/types\/post"}],"author":[{"embeddable":true,"href":"https:\/\/radiorevelacionfm.cl\/index.php?rest_route=\/wp\/v2\/users\/1"}],"replies":[{"embeddable":true,"href":"https:\/\/radiorevelacionfm.cl\/index.php?rest_route=%2Fwp%2Fv2%2Fcomments&post=9630"}],"version-history":[{"count":1,"href":"https:\/\/radiorevelacionfm.cl\/index.php?rest_route=\/wp\/v2\/posts\/9630\/revisions"}],"predecessor-version":[{"id":9632,"href":"https:\/\/radiorevelacionfm.cl\/index.php?rest_route=\/wp\/v2\/posts\/9630\/revisions\/9632"}],"wp:featuredmedia":[{"embeddable":true,"href":"https:\/\/radiorevelacionfm.cl\/index.php?rest_route=\/wp\/v2\/media\/9631"}],"wp:attachment":[{"href":"https:\/\/radiorevelacionfm.cl\/index.php?rest_route=%2Fwp%2Fv2%2Fmedia&parent=9630"}],"wp:term":[{"taxonomy":"category","embeddable":true,"href":"https:\/\/radiorevelacionfm.cl\/index.php?rest_route=%2Fwp%2Fv2%2Fcategories&post=9630"},{"taxonomy":"post_tag","embeddable":true,"href":"https:\/\/radiorevelacionfm.cl\/index.php?rest_route=%2Fwp%2Fv2%2Ftags&post=9630"}],"curies":[{"name":"wp","href":"https:\/\/api.w.org\/{rel}","templated":true}]}}