{"id":9626,"date":"2021-10-14T10:07:34","date_gmt":"2021-10-14T13:07:34","guid":{"rendered":"https:\/\/radiorevelacionfm.cl\/?p=9626"},"modified":"2021-10-14T10:07:34","modified_gmt":"2021-10-14T13:07:34","slug":"concejal-de-chile-chico-y-conectividad-lacustre-autoridades-regionales-y-nacionales-no-han-tomado-el-peso-a-esta-situacion","status":"publish","type":"post","link":"https:\/\/radiorevelacionfm.cl\/?p=9626","title":{"rendered":"Concejal de Chile Chico y conectividad lacustre \u201cautoridades regionales y nacionales no han tomado el peso a esta situaci\u00f3n\u201d"},"content":{"rendered":"<div class=\"flex_column av_one_full  flex_column_div av-zero-column-padding first  avia-builder-el-0  el_before_av_one_full  avia-builder-el-first  \" style='border-radius:0px; '><div  class='avia-image-container  av-styling-    avia-builder-el-1  avia-builder-el-no-sibling  avia-align-center '  itemprop=\"image\" itemscope=\"itemscope\" itemtype=\"https:\/\/schema.org\/ImageObject\"  ><div class='avia-image-container-inner'><div class='avia-image-overlay-wrap'><img decoding=\"async\" class='wp-image-9627 avia-img-lazy-loading-not-9627 avia_image' src=\"https:\/\/radiorevelacionfm.cl\/wp-content\/uploads\/2021\/10\/CONCEJAL-MARIO-FIGUEROA-1.jpg\" alt='' title='CONCEJAL MARIO FIGUEROA (1)' height=\"601\" width=\"1079\"  itemprop=\"thumbnailUrl\" srcset=\"https:\/\/radiorevelacionfm.cl\/wp-content\/uploads\/2021\/10\/CONCEJAL-MARIO-FIGUEROA-1.jpg 1079w, https:\/\/radiorevelacionfm.cl\/wp-content\/uploads\/2021\/10\/CONCEJAL-MARIO-FIGUEROA-1-300x167.jpg 300w, https:\/\/radiorevelacionfm.cl\/wp-content\/uploads\/2021\/10\/CONCEJAL-MARIO-FIGUEROA-1-1030x574.jpg 1030w, https:\/\/radiorevelacionfm.cl\/wp-content\/uploads\/2021\/10\/CONCEJAL-MARIO-FIGUEROA-1-768x428.jpg 768w, https:\/\/radiorevelacionfm.cl\/wp-content\/uploads\/2021\/10\/CONCEJAL-MARIO-FIGUEROA-1-705x393.jpg 705w, https:\/\/radiorevelacionfm.cl\/wp-content\/uploads\/2021\/10\/CONCEJAL-MARIO-FIGUEROA-1-600x334.jpg 600w\" sizes=\"(max-width: 1079px) 100vw, 1079px\" \/><\/div><\/div><\/div><\/div><div class=\"flex_column av_one_full  flex_column_div av-zero-column-padding first  avia-builder-el-2  el_after_av_one_full  el_before_av_one_full  column-top-margin\" style='border-radius:0px; '><section class=\"av_textblock_section \"  itemscope=\"itemscope\" itemtype=\"https:\/\/schema.org\/BlogPosting\" itemprop=\"blogPost\" ><div class='avia_textblock  '   itemprop=\"text\" ><p style=\"text-align: center;\"><strong><span style=\"font-size: 18pt;\">Concejal de Chile Chico y conectividad lacustre \u201cautoridades regionales y nacionales no han tomado el peso a esta situaci\u00f3n\u201d<\/span><\/strong><\/p>\n<div id=\"gtx-trans\" style=\"position: absolute; left: -50px; top: 4.31534px;\">\n<div class=\"gtx-trans-icon\"><\/div>\n<\/div>\n<\/div><\/section><\/div><div class=\"flex_column av_one_full  flex_column_div av-zero-column-padding first  avia-builder-el-4  el_after_av_one_full  el_before_av_hr  column-top-margin\" style='border-radius:0px; '><section class=\"av_textblock_section \"  itemscope=\"itemscope\" itemtype=\"https:\/\/schema.org\/BlogPosting\" itemprop=\"blogPost\" ><div class='avia_textblock  '   itemprop=\"text\" ><p style=\"text-align: justify;\">A ra\u00edz de la problem\u00e1tica que vive la comuna de Chile Chico en torno a la ruta lacustre, debido a la suspensi\u00f3n de la carena a barcaza la Tehuelche y que, la mantiene varada en Puerto Ib\u00e1\u00f1ez, el concejal Mario Figueroa, se\u00f1al\u00f3 que las autoridades no le han tomado el peso y el negativo impacto de esta situaci\u00f3n en una de las comunas productivas y de mayor atracci\u00f3n tur\u00edstica de la regi\u00f3n.<\/p>\n<p style=\"text-align: justify;\">\u201cChile Chico es una comuna de importancia en cuanto a la producci\u00f3n hortofrut\u00edcola y de forraje de la regi\u00f3n de Ays\u00e9n, s\u00famele a ello la reactivaci\u00f3n de la miner\u00eda y adem\u00e1s de contar con atractivos tur\u00edsticos de importancia mundial. Lamentablemente la principal ruta de conexi\u00f3n con el resto de la regi\u00f3n y el pa\u00eds es v\u00eda lacustre hacia Puerto Ib\u00e1\u00f1ez, lo que hoy se encuentra supeditado a la capacidad de la barcaza Pilchero, embarcaci\u00f3n que, dicho sea de paso, data de los a\u00f1os 70 y navega a cierta cantidad de nudos, quedando supeditada a la condici\u00f3n de viento que por estas fechas aumenta. La Pilchero est\u00e1 supliendo a la Tehuelche, debido a la fallida carena ya por todos conocida. La situaci\u00f3n es preocupante debido al aislamiento en el que queda Chile Chico, sumado a que los valores de productos de consumo b\u00e1sico han registrado un alza considerable en los \u00faltimos meses, hoy el cilindro de gas de 15 kg llega a los $35.000, el kilo de pan est\u00e1 por sobre los $1.700 pesos, ni hablar de los materiales de construcci\u00f3n lo que, dicho sea de paso, tiene impedidas a muchas familias de acceder a beneficios en reparaci\u00f3n y\/o construcci\u00f3n de vivienda\u201d.<\/p>\n<p style=\"text-align: justify;\">El concejal Figueroa ve con preocupaci\u00f3n la reactivaci\u00f3n econ\u00f3mica, a medida que se vaya superando la pandemia. \u201cAqu\u00ed la gente que ofrece servicios tur\u00edsticos ha manifestado su preocupaci\u00f3n a este concejal debido a que, si bien es cierto ya comienzan a recibir reservas, todo queda supeditado a que si hay disponibilidad de pasajes en la barcaza. Adem\u00e1s, los transportistas de carga y abastecimiento local han debido readecuar sus valores debido al constante alza en los combustibles, sumado al mayor kilometraje si dan la vuelta al lago, lo que significa un desgaste considerable de sus m\u00e1quinas de trabajo\u201d, se\u00f1al\u00f3 Figueroa, agregando que, \u201c hacer la ruta desde Coyhaique hasta cruce el Mait\u00e9n y luego la transversal CH 265 hasta Chile Chico no es menor, estamos hablando de que un cami\u00f3n con 12 mil kilos en el sector paso las llaves circula a una velocidad m\u00ednima, con el riesgo permanente del estado del camino, s\u00famele la condici\u00f3n de sector el murall\u00f3n con una v\u00eda y derrumbes constantes\u201d.<\/p>\n<p style=\"text-align: justify;\">Si bien es cierto el concejal destaca el esfuerzo de algunas autoridades como la delegada presidencial provincial y algunos seremis, se ha extra\u00f1ado la preocupaci\u00f3n que debieran tener subsecretarios o ministros en el tema. \u201cA parte de la preocupaci\u00f3n constante que ha manifestado el Diputado Calisto, llevando la inquietud al nivel central, creo que la Senadora \u00d3rdenes plante\u00f3 el tema a una comisi\u00f3n del Senado, pero la respuesta de las autoridades es insuficiente y a destiempo, yo veo con mucha preocupaci\u00f3n esta problem\u00e1tica y siento que las autoridades est\u00e1n m\u00e1s preocupadas de sus candidatos que de la gente. Hoy adem\u00e1s me entero que una de las soluciones planteadas por el ejecutivo ser\u00eda una nave nueva, de menor capacidad tanto para pasajeros como para carga, lo que ser\u00e1 una soluci\u00f3n parche, sin visi\u00f3n de futuro. En la comuna de reactiva la miner\u00eda, se inician obras de relevancia como el nuevo hospital, se viene la reactivaci\u00f3n tur\u00edstica y la producci\u00f3n frut\u00edcola y forrajera, pero resulta que no tenemos conectividad expedita\u201d, coment\u00f3 el Concejal de la comuna de Chile Chico, Mario Figueroa.<\/p>\n<\/div><\/section><\/div><div  style='height:50px' class='hr hr-invisible   avia-builder-el-6  el_after_av_one_full  el_before_av_social_share '><span class='hr-inner ' ><span class='hr-inner-style'><\/span><\/span><\/div><\/p>\n<div  class='av-social-sharing-box  avia-builder-el-7  el_after_av_hr  el_before_av_hr  '><div class='av-share-box'><h5 class='av-share-link-description av-no-toc '>Compartir esta noticia<\/h5><ul class='av-share-box-list noLightbox'><li class='av-share-link av-social-link-facebook' ><a target=\"_blank\" aria-label=\"Compartir en Facebook\" href='https:\/\/www.facebook.com\/sharer.php?u=https:\/\/radiorevelacionfm.cl\/?p=9626&#038;t=Concejal%20de%20Chile%20Chico%20y%20conectividad%20lacustre%20%E2%80%9Cautoridades%20regionales%20y%20nacionales%20no%20han%20tomado%20el%20peso%20a%20esta%20situaci%C3%B3n%E2%80%9D' aria-hidden='false' data-av_icon='\ue8f3' data-av_iconfont='entypo-fontello' title='' data-avia-related-tooltip='Compartir en Facebook' rel=\"noopener\"><span class='avia_hidden_link_text'>Compartir en Facebook<\/span><\/a><\/li><li class='av-share-link av-social-link-twitter' ><a target=\"_blank\" aria-label=\"Compartir en Twitter\" href='https:\/\/twitter.com\/share?text=Concejal%20de%20Chile%20Chico%20y%20conectividad%20lacustre%20%E2%80%9Cautoridades%20regionales%20y%20nacionales%20no%20han%20tomado%20el%20peso%20a%20esta%20situaci%C3%B3n%E2%80%9D&#038;url=https:\/\/radiorevelacionfm.cl\/?p=9626' aria-hidden='false' data-av_icon='\ue8f1' data-av_iconfont='entypo-fontello' title='' data-avia-related-tooltip='Compartir en Twitter' rel=\"noopener\"><span class='avia_hidden_link_text'>Compartir en Twitter<\/span><\/a><\/li><li class='av-share-link av-social-link-whatsapp' ><a target=\"_blank\" aria-label=\"Compartir en Whatsapp\" href='https:\/\/api.whatsapp.com\/send?text=https:\/\/radiorevelacionfm.cl\/?p=9626' aria-hidden='false' data-av_icon='\uf232' data-av_iconfont='entypo-fontello' title='' data-avia-related-tooltip='Compartir en Whatsapp' rel=\"noopener\"><span class='avia_hidden_link_text'>Compartir en Whatsapp<\/span><\/a><\/li><li class='av-share-link av-social-link-linkedin' ><a target=\"_blank\" aria-label=\"Compartir en LinkedIn\" href='https:\/\/linkedin.com\/shareArticle?mini=true&#038;title=Concejal%20de%20Chile%20Chico%20y%20conectividad%20lacustre%20%E2%80%9Cautoridades%20regionales%20y%20nacionales%20no%20han%20tomado%20el%20peso%20a%20esta%20situaci%C3%B3n%E2%80%9D&#038;url=https:\/\/radiorevelacionfm.cl\/?p=9626' aria-hidden='false' data-av_icon='\ue8fc' data-av_iconfont='entypo-fontello' title='' data-avia-related-tooltip='Compartir en LinkedIn' rel=\"noopener\"><span class='avia_hidden_link_text'>Compartir en LinkedIn<\/span><\/a><\/li><li class='av-share-link av-social-link-mail' ><a  aria-label=\"Compartir por correo\" href='mailto:?subject=Concejal%20de%20Chile%20Chico%20y%20conectividad%20lacustre%20%E2%80%9Cautoridades%20regionales%20y%20nacionales%20no%20han%20tomado%20el%20peso%20a%20esta%20situaci%C3%B3n%E2%80%9D&#038;body=https:\/\/radiorevelacionfm.cl\/?p=9626' aria-hidden='false' data-av_icon='\ue805' data-av_iconfont='entypo-fontello' title='' data-avia-related-tooltip='Compartir por correo'><span class='avia_hidden_link_text'>Compartir por correo<\/span><\/a><\/li><\/ul><\/div><\/div>\n<div  style='height:50px' class='hr hr-invisible   avia-builder-el-8  el_after_av_social_share  el_before_av_comments_list '><span class='hr-inner ' ><span class='hr-inner-style'><\/span><\/span><\/div>\n<div  class='av-buildercomment  av-blog-meta-html-info-disabled av-blog-meta-tag-disabled  '><\/div>\n","protected":false},"excerpt":{"rendered":"","protected":false},"author":1,"featured_media":9627,"comment_status":"open","ping_status":"open","sticky":false,"template":"","format":"standard","meta":{"footnotes":""},"categories":[38],"tags":[],"class_list":["post-9626","post","type-post","status-publish","format-standard","has-post-thumbnail","hentry","category-regional"],"jetpack_featured_media_url":"https:\/\/radiorevelacionfm.cl\/wp-content\/uploads\/2021\/10\/CONCEJAL-MARIO-FIGUEROA-1.jpg","_links":{"self":[{"href":"https:\/\/radiorevelacionfm.cl\/index.php?rest_route=\/wp\/v2\/posts\/9626","targetHints":{"allow":["GET"]}}],"collection":[{"href":"https:\/\/radiorevelacionfm.cl\/index.php?rest_route=\/wp\/v2\/posts"}],"about":[{"href":"https:\/\/radiorevelacionfm.cl\/index.php?rest_route=\/wp\/v2\/types\/post"}],"author":[{"embeddable":true,"href":"https:\/\/radiorevelacionfm.cl\/index.php?rest_route=\/wp\/v2\/users\/1"}],"replies":[{"embeddable":true,"href":"https:\/\/radiorevelacionfm.cl\/index.php?rest_route=%2Fwp%2Fv2%2Fcomments&post=9626"}],"version-history":[{"count":1,"href":"https:\/\/radiorevelacionfm.cl\/index.php?rest_route=\/wp\/v2\/posts\/9626\/revisions"}],"predecessor-version":[{"id":9628,"href":"https:\/\/radiorevelacionfm.cl\/index.php?rest_route=\/wp\/v2\/posts\/9626\/revisions\/9628"}],"wp:featuredmedia":[{"embeddable":true,"href":"https:\/\/radiorevelacionfm.cl\/index.php?rest_route=\/wp\/v2\/media\/9627"}],"wp:attachment":[{"href":"https:\/\/radiorevelacionfm.cl\/index.php?rest_route=%2Fwp%2Fv2%2Fmedia&parent=9626"}],"wp:term":[{"taxonomy":"category","embeddable":true,"href":"https:\/\/radiorevelacionfm.cl\/index.php?rest_route=%2Fwp%2Fv2%2Fcategories&post=9626"},{"taxonomy":"post_tag","embeddable":true,"href":"https:\/\/radiorevelacionfm.cl\/index.php?rest_route=%2Fwp%2Fv2%2Ftags&post=9626"}],"curies":[{"name":"wp","href":"https:\/\/api.w.org\/{rel}","templated":true}]}}