{"id":9616,"date":"2021-10-13T19:57:07","date_gmt":"2021-10-13T22:57:07","guid":{"rendered":"https:\/\/radiorevelacionfm.cl\/?p=9616"},"modified":"2021-10-13T20:54:07","modified_gmt":"2021-10-13T23:54:07","slug":"comenzo-vacunacion-con-dosis-de-refuerzo-para-personas-con-esquema-completo-pfizer-astrazeneca-y-cansino","status":"publish","type":"post","link":"https:\/\/radiorevelacionfm.cl\/?p=9616","title":{"rendered":"Avanza vacunaci\u00f3n con dosis de refuerzo para personas con esquema completo Pfizer, Astrazeneca y Cansino"},"content":{"rendered":"<div class=\"flex_column av_one_full  flex_column_div av-zero-column-padding first  avia-builder-el-0  el_before_av_one_full  avia-builder-el-first  \" style='border-radius:0px; '><div  class='avia-image-container  av-styling-    avia-builder-el-1  avia-builder-el-no-sibling  avia-align-center '  itemprop=\"image\" itemscope=\"itemscope\" itemtype=\"https:\/\/schema.org\/ImageObject\"  ><div class='avia-image-container-inner'><div class='avia-image-overlay-wrap'><img decoding=\"async\" class='wp-image-9617 avia-img-lazy-loading-not-9617 avia_image' src=\"https:\/\/radiorevelacionfm.cl\/wp-content\/uploads\/2021\/10\/vacuna-refuerzo1-1-1.jpg\" alt='' title='vacuna refuerzo1 (1) (1)' height=\"600\" width=\"889\"  itemprop=\"thumbnailUrl\" srcset=\"https:\/\/radiorevelacionfm.cl\/wp-content\/uploads\/2021\/10\/vacuna-refuerzo1-1-1.jpg 889w, https:\/\/radiorevelacionfm.cl\/wp-content\/uploads\/2021\/10\/vacuna-refuerzo1-1-1-300x202.jpg 300w, https:\/\/radiorevelacionfm.cl\/wp-content\/uploads\/2021\/10\/vacuna-refuerzo1-1-1-768x518.jpg 768w, https:\/\/radiorevelacionfm.cl\/wp-content\/uploads\/2021\/10\/vacuna-refuerzo1-1-1-705x476.jpg 705w, https:\/\/radiorevelacionfm.cl\/wp-content\/uploads\/2021\/10\/vacuna-refuerzo1-1-1-600x405.jpg 600w\" sizes=\"(max-width: 889px) 100vw, 889px\" \/><\/div><\/div><\/div><\/div>\n<div class=\"flex_column av_one_full  flex_column_div av-zero-column-padding first  avia-builder-el-2  el_after_av_one_full  el_before_av_one_full  column-top-margin\" style='border-radius:0px; '><section class=\"av_textblock_section \"  itemscope=\"itemscope\" itemtype=\"https:\/\/schema.org\/BlogPosting\" itemprop=\"blogPost\" ><div class='avia_textblock  '   itemprop=\"text\" ><p style=\"text-align: center;\"><span style=\"font-size: 18pt;\"><strong>Avanza vacunaci\u00f3n con dosis de refuerzo para personas con esquema completo Pfizer, Astrazeneca y Cansino<\/strong><\/span><\/p>\n<div id=\"gtx-trans\" style=\"position: absolute; left: -50px; top: 4.31534px;\">\n<div class=\"gtx-trans-icon\"><\/div>\n<\/div>\n<\/div><\/section><\/div><div class=\"flex_column av_one_full  flex_column_div av-zero-column-padding first  avia-builder-el-4  el_after_av_one_full  el_before_av_hr  column-top-margin\" style='border-radius:0px; '><section class=\"av_textblock_section \"  itemscope=\"itemscope\" itemtype=\"https:\/\/schema.org\/BlogPosting\" itemprop=\"blogPost\" ><div class='avia_textblock  '   itemprop=\"text\" ><p style=\"text-align: justify;\">Durante esta semana se dio inicio a la vacunaci\u00f3n con la dosis de refuerzo contra el COVID-19 para todas aquellas personas que cuentan con su esquema completo, vale decir, quienes ya hayan sido inmunizados con vacunas distintas a Sinovac, donde seg\u00fan calendario del Ministerio de Salud, podr\u00e1n recibir el refuerzo las personas <strong>menores de 55 a\u00f1os<\/strong>, <u>que hayan completado su proceso de inoculaci\u00f3n hasta el 21 de marzo<\/u>; mientras que <strong>desde los 55 a\u00f1os en adelante<\/strong>, para recibir su tercera dosis <u>deben tener el esquema completo hasta el 06 de junio.<\/u><\/p>\n<p style=\"text-align: justify;\">La informaci\u00f3n la dio a conocer la Encargada Regional del Programa Nacional de Inmunizaciones (PNI), Sany Ojeda \u00c1lvarez, quien detall\u00f3 a\u00fan m\u00e1s este proceso de vacunaci\u00f3n. \u201cesta semana hemos iniciado el proceso de vacunaci\u00f3n de refuerzo para todas las personas que han sido inmunizadas con su esquema primario con otras vacunas distintas a Sinovac, Astrazeneca, Cansino y Pfizer, ellos tienen la posibilidad de acercarse al punto de vacunaci\u00f3n todas aquellas personas que hayan recibido su esquema completo con fecha al 21 de marzo, pueden acerarse esta semana a los puntos de vacunaci\u00f3n implementados como el Gimnasio Regional en Coyhaique, y en Ays\u00e9n el Polideportivo, mientras que en otras localidades, las personas solo deben acudir a los puntos de vacunaci\u00f3n que ah\u00ed est\u00e1n implementados\u201d.<\/p>\n<p style=\"text-align: justify;\">Por su parte, Filberto Sol\u00eds Ib\u00e1\u00f1ez, quien recibi\u00f3 su dosis de refuerzo, junto con invitar a la comunidad a recibir esta prestaci\u00f3n de salud, destac\u00f3 la organizaci\u00f3n en el proceso de vacunaci\u00f3n. \u201cYo vine por mi tercera dosis, me parece excelente, muy buena la atenci\u00f3n porque est\u00e1 todo muy bien organizado, es r\u00e1pido. Las personas deber\u00edan venir a recibir su dosis de refuerzo porque va a ser muy beneficioso no solo para la salud de ellos, sino que tambi\u00e9n para la familia, porque como estamos en una pandemia donde nadie se encuentra exento de no contraer el virus, entonces es muy recomendable que la gente se acerque a los puntos de vacunaci\u00f3n donde la atenci\u00f3n es muy buena y expedita.\u201d<\/p>\n<p style=\"text-align: justify;\">Finalmente, la enfermera encargada del programa de vacunaci\u00f3n del Servicio de Salud Ays\u00e9n, Paola Pantoja Mardones, detall\u00f3 los puntos y horarios de vacunaci\u00f3n. \u201cEsta semana se parti\u00f3 con la dosis de refuerzo, y nuestros equipos ejecutores de vacunas se encuentran desplegados en toda la red asistencial, en las comunas de Coyhaique, Ays\u00e9n y el resto de la regi\u00f3n. Para quienes no conozcan sus puntos de vacunaci\u00f3n pueden acercarse a sus CESFAM o postas de salud para tener m\u00e1s informaci\u00f3n. En el caso de Coyhaique, tenemos el gimnasio regional funcionando de las 09:30 a 13:30hrs en horario continuado; tambi\u00e9n esta la Mutual de Seguridad (10 a las 13hrs y de 14 a 16hrs); mientras que los d\u00edas s\u00e1bado, el punto de vacunaci\u00f3n est\u00e1 en la Asociaci\u00f3n Chilena de Seguridad, ACHS (10 a 14hrs.), existen muchas posibilidades para que los usuarios reciban la dosis de refuerzo seg\u00fan calendario Minsal.\u201d<\/p>\n<p style=\"text-align: justify;\">Cabe se\u00f1alar que a nivel regional, el proceso de vacunaci\u00f3n en dosis de refuerzo alcanza a un 66,31% en personas mayores de 55 a\u00f1os, mientras que en menores de 55 a\u00f1os, la cobertura alcanza a un 53,23%, por lo que se hace importante que las personas que cuentan con el esquema completo de vacunaci\u00f3n se informen a trav\u00e9s del calendario Minsal (<a href=\"https:\/\/www.minsal.cl\/calendario-de-vacunacion-masiva-contra-covid-19\/\">https:\/\/www.minsal.cl\/calendario-de-vacunacion-masiva-contra-covid-19\/<\/a>) y acudan a los puntos de vacunaci\u00f3n que se han dispuesto a lo largo de toda la regi\u00f3n.<\/p>\n<\/div><\/section><\/div><\/p>\n<div  style='height:50px' class='hr hr-invisible   avia-builder-el-6  el_after_av_one_full  el_before_av_social_share '><span class='hr-inner ' ><span class='hr-inner-style'><\/span><\/span><\/div>\n<div  class='av-social-sharing-box  avia-builder-el-7  el_after_av_hr  el_before_av_hr  '><div class='av-share-box'><h5 class='av-share-link-description av-no-toc '>Compartir esta noticia<\/h5><ul class='av-share-box-list noLightbox'><li class='av-share-link av-social-link-facebook' ><a target=\"_blank\" aria-label=\"Compartir en Facebook\" href='https:\/\/www.facebook.com\/sharer.php?u=https:\/\/radiorevelacionfm.cl\/?p=9616&#038;t=Avanza%20vacunaci%C3%B3n%20con%20dosis%20de%20refuerzo%20para%20personas%20con%20esquema%20completo%20Pfizer%2C%20Astrazeneca%20y%20Cansino' aria-hidden='false' data-av_icon='\ue8f3' data-av_iconfont='entypo-fontello' title='' data-avia-related-tooltip='Compartir en Facebook' rel=\"noopener\"><span class='avia_hidden_link_text'>Compartir en Facebook<\/span><\/a><\/li><li class='av-share-link av-social-link-twitter' ><a target=\"_blank\" aria-label=\"Compartir en Twitter\" href='https:\/\/twitter.com\/share?text=Avanza%20vacunaci%C3%B3n%20con%20dosis%20de%20refuerzo%20para%20personas%20con%20esquema%20completo%20Pfizer%2C%20Astrazeneca%20y%20Cansino&#038;url=https:\/\/radiorevelacionfm.cl\/?p=9616' aria-hidden='false' data-av_icon='\ue8f1' data-av_iconfont='entypo-fontello' title='' data-avia-related-tooltip='Compartir en Twitter' rel=\"noopener\"><span class='avia_hidden_link_text'>Compartir en Twitter<\/span><\/a><\/li><li class='av-share-link av-social-link-whatsapp' ><a target=\"_blank\" aria-label=\"Compartir en Whatsapp\" href='https:\/\/api.whatsapp.com\/send?text=https:\/\/radiorevelacionfm.cl\/?p=9616' aria-hidden='false' data-av_icon='\uf232' data-av_iconfont='entypo-fontello' title='' data-avia-related-tooltip='Compartir en Whatsapp' rel=\"noopener\"><span class='avia_hidden_link_text'>Compartir en Whatsapp<\/span><\/a><\/li><li class='av-share-link av-social-link-linkedin' ><a target=\"_blank\" aria-label=\"Compartir en LinkedIn\" href='https:\/\/linkedin.com\/shareArticle?mini=true&#038;title=Avanza%20vacunaci%C3%B3n%20con%20dosis%20de%20refuerzo%20para%20personas%20con%20esquema%20completo%20Pfizer%2C%20Astrazeneca%20y%20Cansino&#038;url=https:\/\/radiorevelacionfm.cl\/?p=9616' aria-hidden='false' data-av_icon='\ue8fc' data-av_iconfont='entypo-fontello' title='' data-avia-related-tooltip='Compartir en LinkedIn' rel=\"noopener\"><span class='avia_hidden_link_text'>Compartir en LinkedIn<\/span><\/a><\/li><li class='av-share-link av-social-link-mail' ><a  aria-label=\"Compartir por correo\" href='mailto:?subject=Avanza%20vacunaci%C3%B3n%20con%20dosis%20de%20refuerzo%20para%20personas%20con%20esquema%20completo%20Pfizer%2C%20Astrazeneca%20y%20Cansino&#038;body=https:\/\/radiorevelacionfm.cl\/?p=9616' aria-hidden='false' data-av_icon='\ue805' data-av_iconfont='entypo-fontello' title='' data-avia-related-tooltip='Compartir por correo'><span class='avia_hidden_link_text'>Compartir por correo<\/span><\/a><\/li><\/ul><\/div><\/div>\n<div  style='height:50px' class='hr hr-invisible   avia-builder-el-8  el_after_av_social_share  el_before_av_comments_list '><span class='hr-inner ' ><span class='hr-inner-style'><\/span><\/span><\/div>\n<div  class='av-buildercomment  av-blog-meta-html-info-disabled av-blog-meta-tag-disabled  '><\/div>\n","protected":false},"excerpt":{"rendered":"","protected":false},"author":1,"featured_media":9617,"comment_status":"open","ping_status":"open","sticky":false,"template":"","format":"standard","meta":{"footnotes":""},"categories":[46],"tags":[],"class_list":["post-9616","post","type-post","status-publish","format-standard","has-post-thumbnail","hentry","category-salud"],"jetpack_featured_media_url":"https:\/\/radiorevelacionfm.cl\/wp-content\/uploads\/2021\/10\/vacuna-refuerzo1-1-1.jpg","_links":{"self":[{"href":"https:\/\/radiorevelacionfm.cl\/index.php?rest_route=\/wp\/v2\/posts\/9616","targetHints":{"allow":["GET"]}}],"collection":[{"href":"https:\/\/radiorevelacionfm.cl\/index.php?rest_route=\/wp\/v2\/posts"}],"about":[{"href":"https:\/\/radiorevelacionfm.cl\/index.php?rest_route=\/wp\/v2\/types\/post"}],"author":[{"embeddable":true,"href":"https:\/\/radiorevelacionfm.cl\/index.php?rest_route=\/wp\/v2\/users\/1"}],"replies":[{"embeddable":true,"href":"https:\/\/radiorevelacionfm.cl\/index.php?rest_route=%2Fwp%2Fv2%2Fcomments&post=9616"}],"version-history":[{"count":2,"href":"https:\/\/radiorevelacionfm.cl\/index.php?rest_route=\/wp\/v2\/posts\/9616\/revisions"}],"predecessor-version":[{"id":9629,"href":"https:\/\/radiorevelacionfm.cl\/index.php?rest_route=\/wp\/v2\/posts\/9616\/revisions\/9629"}],"wp:featuredmedia":[{"embeddable":true,"href":"https:\/\/radiorevelacionfm.cl\/index.php?rest_route=\/wp\/v2\/media\/9617"}],"wp:attachment":[{"href":"https:\/\/radiorevelacionfm.cl\/index.php?rest_route=%2Fwp%2Fv2%2Fmedia&parent=9616"}],"wp:term":[{"taxonomy":"category","embeddable":true,"href":"https:\/\/radiorevelacionfm.cl\/index.php?rest_route=%2Fwp%2Fv2%2Fcategories&post=9616"},{"taxonomy":"post_tag","embeddable":true,"href":"https:\/\/radiorevelacionfm.cl\/index.php?rest_route=%2Fwp%2Fv2%2Ftags&post=9616"}],"curies":[{"name":"wp","href":"https:\/\/api.w.org\/{rel}","templated":true}]}}