{"id":9612,"date":"2021-10-13T20:57:59","date_gmt":"2021-10-13T23:57:59","guid":{"rendered":"https:\/\/radiorevelacionfm.cl\/?p=9612"},"modified":"2021-10-13T20:57:59","modified_gmt":"2021-10-13T23:57:59","slug":"sma-confirma-que-minera-fracciono-proyecto-adyacente-al-parque-patagonia-para-eludir-evaluacion-ambiental","status":"publish","type":"post","link":"https:\/\/radiorevelacionfm.cl\/?p=9612","title":{"rendered":"SMA confirma que minera fraccion\u00f3 proyecto adyacente al Parque Patagonia para eludir evaluaci\u00f3n ambiental"},"content":{"rendered":"<div class=\"flex_column av_one_full  flex_column_div av-zero-column-padding first  avia-builder-el-0  el_before_av_one_full  avia-builder-el-first  \" style='border-radius:0px; '><div  class='avia-image-container  av-styling-    avia-builder-el-1  avia-builder-el-no-sibling  avia-align-center '  itemprop=\"image\" itemscope=\"itemscope\" itemtype=\"https:\/\/schema.org\/ImageObject\"  ><div class='avia-image-container-inner'><div class='avia-image-overlay-wrap'><img decoding=\"async\" class='wp-image-9614 avia-img-lazy-loading-not-9614 avia_image' src=\"https:\/\/radiorevelacionfm.cl\/wp-content\/uploads\/2021\/10\/sector-los-domos-1-1_optimized.jpg\" alt='' title='sector-los-domos-(1)-(1)_optimized' height=\"600\" width=\"900\"  itemprop=\"thumbnailUrl\" srcset=\"https:\/\/radiorevelacionfm.cl\/wp-content\/uploads\/2021\/10\/sector-los-domos-1-1_optimized.jpg 900w, https:\/\/radiorevelacionfm.cl\/wp-content\/uploads\/2021\/10\/sector-los-domos-1-1_optimized-300x200.jpg 300w, https:\/\/radiorevelacionfm.cl\/wp-content\/uploads\/2021\/10\/sector-los-domos-1-1_optimized-768x512.jpg 768w, https:\/\/radiorevelacionfm.cl\/wp-content\/uploads\/2021\/10\/sector-los-domos-1-1_optimized-705x470.jpg 705w, https:\/\/radiorevelacionfm.cl\/wp-content\/uploads\/2021\/10\/sector-los-domos-1-1_optimized-600x400.jpg 600w\" sizes=\"(max-width: 900px) 100vw, 900px\" \/><\/div><\/div><\/div><\/div><div class=\"flex_column av_one_full  flex_column_div av-zero-column-padding first  avia-builder-el-2  el_after_av_one_full  el_before_av_one_full  column-top-margin\" style='border-radius:0px; '><section class=\"av_textblock_section \"  itemscope=\"itemscope\" itemtype=\"https:\/\/schema.org\/BlogPosting\" itemprop=\"blogPost\" ><div class='avia_textblock  '   itemprop=\"text\" ><p style=\"text-align: center;\"><span style=\"font-size: 18pt;\"><b><span lang=\"ES\">SMA confirma que minera fraccion<\/span><\/b><b><span lang=\"X-NONE\">\u00f3 proyecto adyacente al Parque Patagonia para eludir evaluaci\u00f3n ambiental<\/span><\/b><\/span><\/p>\n<div id=\"gtx-trans\" style=\"position: absolute; left: -50px; top: 4.31534px;\">\n<div class=\"gtx-trans-icon\"><\/div>\n<\/div>\n<\/div><\/section><\/div><div class=\"flex_column av_one_full  flex_column_div av-zero-column-padding first  avia-builder-el-4  el_after_av_one_full  el_before_av_hr  column-top-margin\" style='border-radius:0px; '><section class=\"av_textblock_section \"  itemscope=\"itemscope\" itemtype=\"https:\/\/schema.org\/BlogPosting\" itemprop=\"blogPost\" ><div class='avia_textblock  '   itemprop=\"text\" ><p style=\"text-align: justify;\"><span lang=\"ES\">Denuncias de varias organizaciones regionales por proyecto de exploraciones \u00abLos Domos\u00bb, de Southern Gold (de la australiana Equus Mining), permitieron a su vez establecer que los trabajos intervinieron\u00a0<\/span><span lang=\"X-NONE\">\u00e1rea bajo protecci\u00f3n oficial, lo cual la obligaba a ingresar al SEIA.\u00a0\u00a0Todo esto fue respaldado mediante informe del propio Servicio de Evaluaci\u00f3n Ambiental.<\/span><\/p>\n<p class=\"v1MsoNormal\" style=\"text-align: justify;\"><span lang=\"ES\">Mediante la Resoluci<\/span><span lang=\"X-NONE\">\u00f3n Exenta N\u02da 2016, del 10 de septiembre de 2021, el titular de la Superintendencia del Medio Ambiente, Crist\u00f3bal de la Maza Guzm\u00e1n, requiri\u00f3 a la sociedad Southern Gold (de la minera australiana Equus Mining) ingresar al Sistema de Evaluaci\u00f3n de Impacto Ambiental (SEIA) 23 exploraciones realizadas en el marco del proyecto minero \u00abLos Domos\u00bb, adyacente al actual Parque Patagonia.\u00a0\u00a0El pronunciamiento apunta a que entre\u00a0\u00a02017 y 2018 la empresa concret\u00f3 19 plataformas de sondaje en el sector de El Ceballo (en el \u00e1rea que fue excluida por Sebasti\u00e1n Pi\u00f1era del decreto de constituci\u00f3n de la nueva \u00e1rea protegida) y en 2018 una m\u00e1s en, seg\u00fan la empresa, un \u00e1rea distinta: \u00abLos Domos Sur\u00bb, como parte de un total de 4 nuevos sondajes.<\/span><\/p>\n<p class=\"v1MsoNormal\" style=\"text-align: justify;\"><span lang=\"X-NONE\">Fue en noviembre de 2018 que la presidenta de la Corporaci\u00f3n Costa Carrera Miriam Chible Contreras, el presidente de la Agrupaci\u00f3n Ays\u00e9n Reserva de Vida Peter Hartmann Samhaber y el -en ese entonces- presidente la Corporaci\u00f3n Privada para el Desarrollo de Ays\u00e9n Patricio Segura Ortiz hicieron ante la SMA una denuncia, entre otras ilegalidades, por fraccionamiento del proyecto minero. El fundamento es que el Reglamento del SEIA s\u00f3lo permite en Ays\u00e9n un m\u00e1ximo de 19 plataformas de sondaje sin evaluaci\u00f3n ambiental.\u00a0<\/span><\/p>\n<p class=\"v1MsoNormal\" style=\"text-align: justify;\"><span lang=\"X-NONE\">A este requerimiento se sum\u00f3 un oficio del 4 de marzo de 2019 del Servicio Nacional de Geolog\u00eda y Miner\u00eda (Sernageomin), donde el organismo denunci\u00f3 a Southern Gold ante la SMA por el mismo motivo.\u00a0<\/span><\/p>\n<p class=\"v1MsoNormal\" style=\"text-align: justify;\"><span lang=\"X-NONE\">Las organizaciones sumaron a su presentaci\u00f3n que las faenas se hab\u00edan realizado \u00abal interior de un sitio prioritario para la conservaci\u00f3n de la biodiversidad (Estepa Jeinimeni Lagunas de Bah\u00eda Jara); al interior de una Zona de Inter\u00e9s Tur\u00edstico; y a no m\u00e1s de 160 metros de los l\u00edmites de la Reserva Nacional Jeinimeni, siendo aplicable lo prescrito en el art\u00edculo 11 letra d) de la Ley 19.300\u00bb.<\/span><\/p>\n<p class=\"v1MsoNormal\" style=\"text-align: justify;\"><span lang=\"X-NONE\">En el expediente tramitado por la SMA se consigna, adem\u00e1s, que durante una fiscalizaci\u00f3n de la seremi de Bienes Nacionales de marzo de 2019 \u00e9sta constat\u00f3 \u00abmaterial de exploraci\u00f3n en arroyo cercano y contaminaci\u00f3n de las aguas con residuos de color plomo, presencia de maquinaria y obras en arroyos y afloramientos de aguas en sondajes clausurados\u00bb. M\u00e1s a\u00fan, el terreno en el cual se encontraban era fiscal por tanto, a pesar de tener concesi\u00f3n minera, se trataba de una \u00abocupaci\u00f3n ilegal\u00bb.<\/span><\/p>\n<p class=\"v1MsoNormal\" style=\"text-align: justify;\"><span lang=\"X-NONE\">La resoluci\u00f3n firmada por Crist\u00f3bal de la Maza establece que Southern Gold debe ingresar las exploraciones a evaluaci\u00f3n ex post, tanto por las 21 plataformas de sondaje como por los 18 kil\u00f3metros de caminos con los que afectaron esta \u00e1rea bajo protecci\u00f3n oficial.\u00a0<\/span><\/p>\n<p class=\"v1MsoNormal\" style=\"text-align: justify;\"><span lang=\"X-NONE\">El requerimiento se sustenta, adem\u00e1s, en dos pronunciamientos del Servicio de Evaluaci\u00f3n Ambiental, de noviembre de 2019 y agosto de 2021.\u00a0\u00a0<\/span><\/p>\n<p class=\"v1MsoNormal\" style=\"text-align: justify;\"><span lang=\"X-NONE\">Ante esta medida de la SMA, la empresa present\u00f3 un cronograma para presentar declaraci\u00f3n o estudio de impacto ambiental por lo ya realizado, el cual ser\u00eda ingresado en septiembre de 2022.\u00a0\u00a0<\/span><\/p>\n<p class=\"v1MsoNormal\" style=\"text-align: justify;\"><span lang=\"X-NONE\">Esta resoluci\u00f3n confirma que la minera no puede realizar ninguna otra exploraci\u00f3n ni prospecci\u00f3n en el \u00e1rea.<\/span><\/p>\n<p class=\"v1MsoNormal\" style=\"text-align: justify;\"><span lang=\"X-NONE\">Al respecto, el asesor legal e integrante del equipo jur\u00eddico Lawen, Erwin Sandoval Gallardo, expres\u00f3 su satisfacci\u00f3n porque \u00ablos planteamientos que hicieran las organizaciones fueron recogidos\u00bb. Sin embargo, precis\u00f3 que \u00abac\u00e1 no basta con que a la empresa se le diga que eval\u00fae un proyecto ya ejecutado. Southern Gold necesariamente debe ser objeto de sanciones, por haber materializado su proyecto al margen del SEIA y por haberlo fraccionado deliberadamente con dicho objetivo\u00bb.\u00a0\u00a0<\/span><\/p>\n<p class=\"v1MsoNormal\" style=\"text-align: justify;\"><span lang=\"X-NONE\">A esto se suma que \u00abhubo afectaci\u00f3n de la biodiversidad y la construcci\u00f3n de m\u00e1s de 18 kil\u00f3metros de caminos\u00a0\u00a0en un sector declarado como de preservaci\u00f3n, de inter\u00e9s cient\u00edfico y de alto valor tur\u00edstico, al interior de un \u00e1rea puesta bajo protecci\u00f3n oficial. Aquello amerita, adem\u00e1s, que se persiga la responsabilidad por da\u00f1o ambiental de la titular del proyecto y se la obligue a reparar el da\u00f1o causado al Sitio Prioritario para la Conservaci\u00f3n de la Biodiversidad Estepa Jeinimeni-Lagunas de Bah\u00eda Jara\u00bb indic\u00f3.\u00a0\u00a0<\/span><\/p>\n<p class=\"v1MsoNormal\" style=\"text-align: justify;\"><span lang=\"X-NONE\">El propio SEA determin\u00f3 que, seg\u00fan la zonificaci\u00f3n del sitio prioritario, el sector intervenido tiene un objetivo de preservaci\u00f3n, inter\u00e9s cient\u00edfico, con alto valor paisaj\u00edstico y tur\u00edstico. Adem\u00e1s, colinda con el Parque Nacional Patagonia, luego el Presidente Sebasti\u00e1n Pi\u00f1era lo excluyera de la nueva \u00e1rea protegida.<\/span><\/p>\n<p class=\"v1MsoNormal\" style=\"text-align: justify;\"><span lang=\"X-NONE\">En el fondo, se\u00f1al\u00f3 Erwin Sandoval \u00abes hora de terminar con la pol\u00edtica de hechos consumados, de intervenir y evaluar despu\u00e9s, lo cual fomenta la transgresi\u00f3n a la ya precaria normativa ambiental\u00bb.<\/span><\/p>\n<\/div><\/section><\/div><div  style='height:50px' class='hr hr-invisible   avia-builder-el-6  el_after_av_one_full  el_before_av_social_share '><span class='hr-inner ' ><span class='hr-inner-style'><\/span><\/span><\/div><\/p>\n<div  class='av-social-sharing-box  avia-builder-el-7  el_after_av_hr  el_before_av_hr  '><div class='av-share-box'><h5 class='av-share-link-description av-no-toc '>Compartir esta noticia<\/h5><ul class='av-share-box-list noLightbox'><li class='av-share-link av-social-link-facebook' ><a target=\"_blank\" aria-label=\"Compartir en Facebook\" href='https:\/\/www.facebook.com\/sharer.php?u=https:\/\/radiorevelacionfm.cl\/?p=9612&#038;t=SMA%20confirma%20que%20minera%20fraccion%C3%B3%20proyecto%20adyacente%20al%20Parque%20Patagonia%20para%20eludir%20evaluaci%C3%B3n%20ambiental' aria-hidden='false' data-av_icon='\ue8f3' data-av_iconfont='entypo-fontello' title='' data-avia-related-tooltip='Compartir en Facebook' rel=\"noopener\"><span class='avia_hidden_link_text'>Compartir en Facebook<\/span><\/a><\/li><li class='av-share-link av-social-link-twitter' ><a target=\"_blank\" aria-label=\"Compartir en Twitter\" href='https:\/\/twitter.com\/share?text=SMA%20confirma%20que%20minera%20fraccion%C3%B3%20proyecto%20adyacente%20al%20Parque%20Patagonia%20para%20eludir%20evaluaci%C3%B3n%20ambiental&#038;url=https:\/\/radiorevelacionfm.cl\/?p=9612' aria-hidden='false' data-av_icon='\ue8f1' data-av_iconfont='entypo-fontello' title='' data-avia-related-tooltip='Compartir en Twitter' rel=\"noopener\"><span class='avia_hidden_link_text'>Compartir en Twitter<\/span><\/a><\/li><li class='av-share-link av-social-link-whatsapp' ><a target=\"_blank\" aria-label=\"Compartir en Whatsapp\" href='https:\/\/api.whatsapp.com\/send?text=https:\/\/radiorevelacionfm.cl\/?p=9612' aria-hidden='false' data-av_icon='\uf232' data-av_iconfont='entypo-fontello' title='' data-avia-related-tooltip='Compartir en Whatsapp' rel=\"noopener\"><span class='avia_hidden_link_text'>Compartir en Whatsapp<\/span><\/a><\/li><li class='av-share-link av-social-link-linkedin' ><a target=\"_blank\" aria-label=\"Compartir en LinkedIn\" href='https:\/\/linkedin.com\/shareArticle?mini=true&#038;title=SMA%20confirma%20que%20minera%20fraccion%C3%B3%20proyecto%20adyacente%20al%20Parque%20Patagonia%20para%20eludir%20evaluaci%C3%B3n%20ambiental&#038;url=https:\/\/radiorevelacionfm.cl\/?p=9612' aria-hidden='false' data-av_icon='\ue8fc' data-av_iconfont='entypo-fontello' title='' data-avia-related-tooltip='Compartir en LinkedIn' rel=\"noopener\"><span class='avia_hidden_link_text'>Compartir en LinkedIn<\/span><\/a><\/li><li class='av-share-link av-social-link-mail' ><a  aria-label=\"Compartir por correo\" href='mailto:?subject=SMA%20confirma%20que%20minera%20fraccion%C3%B3%20proyecto%20adyacente%20al%20Parque%20Patagonia%20para%20eludir%20evaluaci%C3%B3n%20ambiental&#038;body=https:\/\/radiorevelacionfm.cl\/?p=9612' aria-hidden='false' data-av_icon='\ue805' data-av_iconfont='entypo-fontello' title='' data-avia-related-tooltip='Compartir por correo'><span class='avia_hidden_link_text'>Compartir por correo<\/span><\/a><\/li><\/ul><\/div><\/div>\n<div  style='height:50px' class='hr hr-invisible   avia-builder-el-8  el_after_av_social_share  el_before_av_comments_list '><span class='hr-inner ' ><span class='hr-inner-style'><\/span><\/span><\/div>\n<div  class='av-buildercomment  av-blog-meta-html-info-disabled av-blog-meta-tag-disabled  '><\/div>\n","protected":false},"excerpt":{"rendered":"","protected":false},"author":1,"featured_media":9614,"comment_status":"open","ping_status":"open","sticky":false,"template":"","format":"standard","meta":{"footnotes":""},"categories":[39],"tags":[],"class_list":["post-9612","post","type-post","status-publish","format-standard","has-post-thumbnail","hentry","category-medio-ambiente"],"jetpack_featured_media_url":"https:\/\/radiorevelacionfm.cl\/wp-content\/uploads\/2021\/10\/sector-los-domos-1-1_optimized.jpg","_links":{"self":[{"href":"https:\/\/radiorevelacionfm.cl\/index.php?rest_route=\/wp\/v2\/posts\/9612","targetHints":{"allow":["GET"]}}],"collection":[{"href":"https:\/\/radiorevelacionfm.cl\/index.php?rest_route=\/wp\/v2\/posts"}],"about":[{"href":"https:\/\/radiorevelacionfm.cl\/index.php?rest_route=\/wp\/v2\/types\/post"}],"author":[{"embeddable":true,"href":"https:\/\/radiorevelacionfm.cl\/index.php?rest_route=\/wp\/v2\/users\/1"}],"replies":[{"embeddable":true,"href":"https:\/\/radiorevelacionfm.cl\/index.php?rest_route=%2Fwp%2Fv2%2Fcomments&post=9612"}],"version-history":[{"count":1,"href":"https:\/\/radiorevelacionfm.cl\/index.php?rest_route=\/wp\/v2\/posts\/9612\/revisions"}],"predecessor-version":[{"id":9615,"href":"https:\/\/radiorevelacionfm.cl\/index.php?rest_route=\/wp\/v2\/posts\/9612\/revisions\/9615"}],"wp:featuredmedia":[{"embeddable":true,"href":"https:\/\/radiorevelacionfm.cl\/index.php?rest_route=\/wp\/v2\/media\/9614"}],"wp:attachment":[{"href":"https:\/\/radiorevelacionfm.cl\/index.php?rest_route=%2Fwp%2Fv2%2Fmedia&parent=9612"}],"wp:term":[{"taxonomy":"category","embeddable":true,"href":"https:\/\/radiorevelacionfm.cl\/index.php?rest_route=%2Fwp%2Fv2%2Fcategories&post=9612"},{"taxonomy":"post_tag","embeddable":true,"href":"https:\/\/radiorevelacionfm.cl\/index.php?rest_route=%2Fwp%2Fv2%2Ftags&post=9612"}],"curies":[{"name":"wp","href":"https:\/\/api.w.org\/{rel}","templated":true}]}}