{"id":9610,"date":"2021-10-13T17:49:23","date_gmt":"2021-10-13T20:49:23","guid":{"rendered":"https:\/\/radiorevelacionfm.cl\/?p=9610"},"modified":"2021-10-13T17:49:23","modified_gmt":"2021-10-13T20:49:23","slug":"senadora-ordenes-y-nueva-barcaza-para-lago-general-carrera-no-cumple-con-las-expectativas-de-la-comunidad","status":"publish","type":"post","link":"https:\/\/radiorevelacionfm.cl\/?p=9610","title":{"rendered":"Senadora \u00d3rdenes y nueva barcaza para Lago General Carrera: \u201cNo cumple con las expectativas de la comunidad\u201d"},"content":{"rendered":"<div class=\"flex_column av_one_full  flex_column_div av-zero-column-padding first  avia-builder-el-0  el_before_av_one_full  avia-builder-el-first  \" style='border-radius:0px; '><div  class='avia-image-container  av-styling-    avia-builder-el-1  avia-builder-el-no-sibling  avia-align-center '  itemprop=\"image\" itemscope=\"itemscope\" itemtype=\"https:\/\/schema.org\/ImageObject\"  ><div class='avia-image-container-inner'><div class='avia-image-overlay-wrap'><img decoding=\"async\" class='wp-image-9146 avia-img-lazy-loading-not-9146 avia_image' src=\"https:\/\/radiorevelacionfm.cl\/wp-content\/uploads\/2021\/09\/Tehuelche0-1-1.jpg\" alt='' title='Tehuelche0 (1) (1)' height=\"600\" width=\"902\"  itemprop=\"thumbnailUrl\" srcset=\"https:\/\/radiorevelacionfm.cl\/wp-content\/uploads\/2021\/09\/Tehuelche0-1-1.jpg 902w, https:\/\/radiorevelacionfm.cl\/wp-content\/uploads\/2021\/09\/Tehuelche0-1-1-300x200.jpg 300w, https:\/\/radiorevelacionfm.cl\/wp-content\/uploads\/2021\/09\/Tehuelche0-1-1-768x511.jpg 768w, https:\/\/radiorevelacionfm.cl\/wp-content\/uploads\/2021\/09\/Tehuelche0-1-1-705x469.jpg 705w, https:\/\/radiorevelacionfm.cl\/wp-content\/uploads\/2021\/09\/Tehuelche0-1-1-600x399.jpg 600w\" sizes=\"(max-width: 902px) 100vw, 902px\" \/><\/div><\/div><\/div><\/div><div class=\"flex_column av_one_full  flex_column_div av-zero-column-padding first  avia-builder-el-2  el_after_av_one_full  el_before_av_one_full  column-top-margin\" style='border-radius:0px; '><section class=\"av_textblock_section \"  itemscope=\"itemscope\" itemtype=\"https:\/\/schema.org\/BlogPosting\" itemprop=\"blogPost\" ><div class='avia_textblock  '   itemprop=\"text\" ><p style=\"text-align: center;\"><strong><span style=\"font-size: 18pt;\">Senadora \u00d3rdenes y nueva barcaza para Lago General Carrera: \u201cNo cumple con las expectativas de la comunidad\u201d<\/span><\/strong><\/p>\n<div id=\"gtx-trans\" style=\"position: absolute; left: -50px; top: 4.31534px;\">\n<div class=\"gtx-trans-icon\"><\/div>\n<\/div>\n<\/div><\/section><\/div><div class=\"flex_column av_one_full  flex_column_div av-zero-column-padding first  avia-builder-el-4  el_after_av_one_full  el_before_av_hr  column-top-margin\" style='border-radius:0px; '><section class=\"av_textblock_section \"  itemscope=\"itemscope\" itemtype=\"https:\/\/schema.org\/BlogPosting\" itemprop=\"blogPost\" ><div class='avia_textblock  '   itemprop=\"text\" ><p style=\"font-weight: 400; text-align: justify;\">Esta jornada, durante la comisi\u00f3n de Transportes y Telecomunicaciones del Senado, la parlamentaria por la regi\u00f3n de Ays\u00e9n, reiter\u00f3 la necesidad de contar con una nueva nave para la zona lacustre. El Ministerio de Obras P\u00fablicas anunci\u00f3 que en diciembre del 2022 se adjudicar\u00eda, pero la barcaza tendr\u00e1 una capacidad casi 50% inferior a la Tehuelche.<\/p>\n<p style=\"font-weight: 400; text-align: justify;\">La discusi\u00f3n en torno a la conectividad del Lago General Carrera se tom\u00f3 en la comisi\u00f3n de Transportes y Telecomunicaciones, instancia que preside la senadora Ximena \u00d3rdenes. Luego de dos a\u00f1os realizada la solicitud por la Senadora Ordenes, el MOP anunci\u00f3 que el pr\u00f3ximo a\u00f1o se firmar\u00eda el contrato para comenzar la construcci\u00f3n de la nueva nave.<\/p>\n<p style=\"font-weight: 400; text-align: justify;\">Sin embargo, el anuncio no dej\u00f3 del todo contenta a la parlamentaria por la regi\u00f3n de Ays\u00e9n, ya que la nueva nave contar\u00eda con una capacidad que no ser\u00eda la soluci\u00f3n para la conectividad de la zona.<\/p>\n<p style=\"font-weight: 400; text-align: justify;\">\u201cAl parecer las zonas extremas tenemos que luchar primero con la distancia, los problemas de conectividad, pero tambi\u00e9n con soluciones que no se condicen con nuestra realidad\u201d, comenz\u00f3 la senadora \u00d3rdenes, y agreg\u00f3: \u201cHoy en la comisi\u00f3n de Transportes el Ejecutivo nos inform\u00f3 que en diciembre se firmar\u00eda el contrato para la construcci\u00f3n de la nueva barcaza, pero \u00e9sta tendr\u00eda una capacidad 48% inferior en materia de pasajeros y 31% menos de capacidad de transporte de veh\u00edculos en comparaci\u00f3n a la Tehuelche. Por ende, nos deja en condiciones similares a las que hoy viven los m\u00e1s de cinco mil habitantes de la zona\u201d.<\/p>\n<p style=\"font-weight: 400; text-align: justify;\">Asimismo, la senadora recalc\u00f3: \u201cLa Tehuelche tendr\u00e1 que entrar a carena en el futuro y cuando ocurra, claramente la conectividad de la zona se ver\u00e1 afectada. Las y los habitantes de la zona lacustre dependen de la Tehuelche y esta nueva barcaza resolver\u00e1 parcialmente los problemas de conectividad que venimos poniendo sobre la mesa hace m\u00e1s de dos a\u00f1os\u201d, insisti\u00f3.<\/p>\n<p style=\"font-weight: 400; text-align: justify;\">En esta l\u00ednea, la senadora y presidenta de la comisi\u00f3n de Transportes y Telecomunicaciones subray\u00f3: \u201cAc\u00e1 hablamos de un serio problema de conectividad que no solo afecta a las y los vecinos, sino que tambi\u00e9n la industria del turismo que sufre con cancelaciones, ya que nadie est\u00e1 dispuesto a viajar por tierra casi ocho horas cuando las barcazas no est\u00e1n disponibles\u201d.<\/p>\n<p style=\"font-weight: 400; text-align: justify;\">Finalmente, la senadora \u00d3rdenes adelant\u00f3 que insistir\u00e1 con las autoridades correspondientes para que se cuente con un plan de contingencia que responda a las necesidades de los habitantes, pero, adem\u00e1s, buscar los mecanismos para que la nueva nave se acerque a la capacidad con la que cuenta la Tehuelche.<\/p>\n<p style=\"font-weight: 400; text-align: justify;\">\u201cNo es posible que no se cuente con un plan de contingencia suficiente, pese a que se conoce que, cada cierto tiempo, la Tehuelche debe estar en carena. Adem\u00e1s, solicit\u00e9 los antecedentes para saber por qu\u00e9 el Ministerio de Transportes determin\u00f3 que la nueva barcaza tenga una capacidad 48% menos en pasajeros y 31% menos en transporte de veh\u00edculos. A\u00fan estamos a tiempo para modificar la licitaci\u00f3n y entregar una soluci\u00f3n a la altura de lo que esperan los habitantes de la zona\u201d, concluy\u00f3 la senadora \u00d3rdenes.<\/p>\n<\/div><\/section><\/div><div  style='height:50px' class='hr hr-invisible   avia-builder-el-6  el_after_av_one_full  el_before_av_social_share '><span class='hr-inner ' ><span class='hr-inner-style'><\/span><\/span><\/div><\/p>\n<div  class='av-social-sharing-box  avia-builder-el-7  el_after_av_hr  el_before_av_hr  '><div class='av-share-box'><h5 class='av-share-link-description av-no-toc '>Compartir esta noticia<\/h5><ul class='av-share-box-list noLightbox'><li class='av-share-link av-social-link-facebook' ><a target=\"_blank\" aria-label=\"Compartir en Facebook\" href='https:\/\/www.facebook.com\/sharer.php?u=https:\/\/radiorevelacionfm.cl\/?p=9610&#038;t=Senadora%20%C3%93rdenes%20y%20nueva%20barcaza%20para%20Lago%20General%20Carrera%3A%20%E2%80%9CNo%20cumple%20con%20las%20expectativas%20de%20la%20comunidad%E2%80%9D' aria-hidden='false' data-av_icon='\ue8f3' data-av_iconfont='entypo-fontello' title='' data-avia-related-tooltip='Compartir en Facebook' rel=\"noopener\"><span class='avia_hidden_link_text'>Compartir en Facebook<\/span><\/a><\/li><li class='av-share-link av-social-link-twitter' ><a target=\"_blank\" aria-label=\"Compartir en Twitter\" href='https:\/\/twitter.com\/share?text=Senadora%20%C3%93rdenes%20y%20nueva%20barcaza%20para%20Lago%20General%20Carrera%3A%20%E2%80%9CNo%20cumple%20con%20las%20expectativas%20de%20la%20comunidad%E2%80%9D&#038;url=https:\/\/radiorevelacionfm.cl\/?p=9610' aria-hidden='false' data-av_icon='\ue8f1' data-av_iconfont='entypo-fontello' title='' data-avia-related-tooltip='Compartir en Twitter' rel=\"noopener\"><span class='avia_hidden_link_text'>Compartir en Twitter<\/span><\/a><\/li><li class='av-share-link av-social-link-whatsapp' ><a target=\"_blank\" aria-label=\"Compartir en Whatsapp\" href='https:\/\/api.whatsapp.com\/send?text=https:\/\/radiorevelacionfm.cl\/?p=9610' aria-hidden='false' data-av_icon='\uf232' data-av_iconfont='entypo-fontello' title='' data-avia-related-tooltip='Compartir en Whatsapp' rel=\"noopener\"><span class='avia_hidden_link_text'>Compartir en Whatsapp<\/span><\/a><\/li><li class='av-share-link av-social-link-linkedin' ><a target=\"_blank\" aria-label=\"Compartir en LinkedIn\" href='https:\/\/linkedin.com\/shareArticle?mini=true&#038;title=Senadora%20%C3%93rdenes%20y%20nueva%20barcaza%20para%20Lago%20General%20Carrera%3A%20%E2%80%9CNo%20cumple%20con%20las%20expectativas%20de%20la%20comunidad%E2%80%9D&#038;url=https:\/\/radiorevelacionfm.cl\/?p=9610' aria-hidden='false' data-av_icon='\ue8fc' data-av_iconfont='entypo-fontello' title='' data-avia-related-tooltip='Compartir en LinkedIn' rel=\"noopener\"><span class='avia_hidden_link_text'>Compartir en LinkedIn<\/span><\/a><\/li><li class='av-share-link av-social-link-mail' ><a  aria-label=\"Compartir por correo\" href='mailto:?subject=Senadora%20%C3%93rdenes%20y%20nueva%20barcaza%20para%20Lago%20General%20Carrera%3A%20%E2%80%9CNo%20cumple%20con%20las%20expectativas%20de%20la%20comunidad%E2%80%9D&#038;body=https:\/\/radiorevelacionfm.cl\/?p=9610' aria-hidden='false' data-av_icon='\ue805' data-av_iconfont='entypo-fontello' title='' data-avia-related-tooltip='Compartir por correo'><span class='avia_hidden_link_text'>Compartir por correo<\/span><\/a><\/li><\/ul><\/div><\/div>\n<div  style='height:50px' class='hr hr-invisible   avia-builder-el-8  el_after_av_social_share  el_before_av_comments_list '><span class='hr-inner ' ><span class='hr-inner-style'><\/span><\/span><\/div>\n<div  class='av-buildercomment  av-blog-meta-html-info-disabled av-blog-meta-tag-disabled  '><\/div>\n","protected":false},"excerpt":{"rendered":"","protected":false},"author":1,"featured_media":9146,"comment_status":"open","ping_status":"open","sticky":false,"template":"","format":"standard","meta":{"footnotes":""},"categories":[35],"tags":[],"class_list":["post-9610","post","type-post","status-publish","format-standard","has-post-thumbnail","hentry","category-politica"],"jetpack_featured_media_url":"https:\/\/radiorevelacionfm.cl\/wp-content\/uploads\/2021\/09\/Tehuelche0-1-1.jpg","_links":{"self":[{"href":"https:\/\/radiorevelacionfm.cl\/index.php?rest_route=\/wp\/v2\/posts\/9610","targetHints":{"allow":["GET"]}}],"collection":[{"href":"https:\/\/radiorevelacionfm.cl\/index.php?rest_route=\/wp\/v2\/posts"}],"about":[{"href":"https:\/\/radiorevelacionfm.cl\/index.php?rest_route=\/wp\/v2\/types\/post"}],"author":[{"embeddable":true,"href":"https:\/\/radiorevelacionfm.cl\/index.php?rest_route=\/wp\/v2\/users\/1"}],"replies":[{"embeddable":true,"href":"https:\/\/radiorevelacionfm.cl\/index.php?rest_route=%2Fwp%2Fv2%2Fcomments&post=9610"}],"version-history":[{"count":1,"href":"https:\/\/radiorevelacionfm.cl\/index.php?rest_route=\/wp\/v2\/posts\/9610\/revisions"}],"predecessor-version":[{"id":9611,"href":"https:\/\/radiorevelacionfm.cl\/index.php?rest_route=\/wp\/v2\/posts\/9610\/revisions\/9611"}],"wp:featuredmedia":[{"embeddable":true,"href":"https:\/\/radiorevelacionfm.cl\/index.php?rest_route=\/wp\/v2\/media\/9146"}],"wp:attachment":[{"href":"https:\/\/radiorevelacionfm.cl\/index.php?rest_route=%2Fwp%2Fv2%2Fmedia&parent=9610"}],"wp:term":[{"taxonomy":"category","embeddable":true,"href":"https:\/\/radiorevelacionfm.cl\/index.php?rest_route=%2Fwp%2Fv2%2Fcategories&post=9610"},{"taxonomy":"post_tag","embeddable":true,"href":"https:\/\/radiorevelacionfm.cl\/index.php?rest_route=%2Fwp%2Fv2%2Ftags&post=9610"}],"curies":[{"name":"wp","href":"https:\/\/api.w.org\/{rel}","templated":true}]}}