{"id":9589,"date":"2021-10-13T13:54:05","date_gmt":"2021-10-13T16:54:05","guid":{"rendered":"https:\/\/radiorevelacionfm.cl\/?p=9589"},"modified":"2021-10-13T13:54:05","modified_gmt":"2021-10-13T16:54:05","slug":"llaman-a-familias-a-postular-antes-del-15-de-octubre-al-subsidio-de-arriendo-regular","status":"publish","type":"post","link":"https:\/\/radiorevelacionfm.cl\/?p=9589","title":{"rendered":"Llaman a familias a postular antes del 15 de octubre al Subsidio de Arriendo Regular"},"content":{"rendered":"<div class=\"flex_column av_one_full  flex_column_div av-zero-column-padding first  avia-builder-el-0  el_before_av_one_full  avia-builder-el-first  \" style='border-radius:0px; '><div  class='avia-image-container  av-styling-    avia-builder-el-1  avia-builder-el-no-sibling  avia-align-center '  itemprop=\"image\" itemscope=\"itemscope\" itemtype=\"https:\/\/schema.org\/ImageObject\"  ><div class='avia-image-container-inner'><div class='avia-image-overlay-wrap'><img decoding=\"async\" class='wp-image-9590 avia-img-lazy-loading-not-9590 avia_image' src=\"https:\/\/radiorevelacionfm.cl\/wp-content\/uploads\/2021\/10\/foto-archivo-casas-coyhaique-1_optimized.jpg\" alt='' title='foto-archivo-casas-coyhaique-(1)_optimized' height=\"600\" width=\"1071\"  itemprop=\"thumbnailUrl\" srcset=\"https:\/\/radiorevelacionfm.cl\/wp-content\/uploads\/2021\/10\/foto-archivo-casas-coyhaique-1_optimized.jpg 1071w, https:\/\/radiorevelacionfm.cl\/wp-content\/uploads\/2021\/10\/foto-archivo-casas-coyhaique-1_optimized-300x168.jpg 300w, https:\/\/radiorevelacionfm.cl\/wp-content\/uploads\/2021\/10\/foto-archivo-casas-coyhaique-1_optimized-1030x577.jpg 1030w, https:\/\/radiorevelacionfm.cl\/wp-content\/uploads\/2021\/10\/foto-archivo-casas-coyhaique-1_optimized-768x430.jpg 768w, https:\/\/radiorevelacionfm.cl\/wp-content\/uploads\/2021\/10\/foto-archivo-casas-coyhaique-1_optimized-705x395.jpg 705w, https:\/\/radiorevelacionfm.cl\/wp-content\/uploads\/2021\/10\/foto-archivo-casas-coyhaique-1_optimized-600x336.jpg 600w\" sizes=\"(max-width: 1071px) 100vw, 1071px\" \/><\/div><\/div><\/div><\/div><div class=\"flex_column av_one_full  flex_column_div av-zero-column-padding first  avia-builder-el-2  el_after_av_one_full  el_before_av_one_full  column-top-margin\" style='border-radius:0px; '><section class=\"av_textblock_section \"  itemscope=\"itemscope\" itemtype=\"https:\/\/schema.org\/BlogPosting\" itemprop=\"blogPost\" ><div class='avia_textblock  '   itemprop=\"text\" ><p style=\"text-align: center;\"><strong><span style=\"font-size: 18pt;\">Llaman a familias a postular antes del 15 de octubre al Subsidio de Arriendo Regular<\/span><\/strong><\/p>\n<div id=\"gtx-trans\" style=\"position: absolute; left: -50px; top: 4.31534px;\">\n<div class=\"gtx-trans-icon\"><\/div>\n<\/div>\n<\/div><\/section><\/div><div class=\"flex_column av_one_full  flex_column_div av-zero-column-padding first  avia-builder-el-4  el_after_av_one_full  el_before_av_hr  column-top-margin\" style='border-radius:0px; '><section class=\"av_textblock_section \"  itemscope=\"itemscope\" itemtype=\"https:\/\/schema.org\/BlogPosting\" itemprop=\"blogPost\" ><div class='avia_textblock  '   itemprop=\"text\" ><p style=\"text-align: justify;\">El Ministro de Vivienda y Urbanismo (Minvu) realiz\u00f3 un llamado a todas las familias que quieran postular al <strong>Subsidio de Arriendo Regular a realizarlo antes del 15 de octubre<\/strong>, ya que hasta ese d\u00eda estar\u00e1n abiertas las postulaciones. Este beneficio consta de un aporte temporal a las familias para que puedan realizar un pago mensual por el arriendo de sus viviendas.<\/p>\n<p style=\"text-align: justify;\">Sobre esto, el Ministro Felipe Ward asegur\u00f3: \u201cInvitamos a todas las familias que quieran postular al Subsidio de Arriendo Regular a realizarlo antes de este viernes 15 de octubre, ya que es el \u00faltimo d\u00eda para postular a <strong>este programa que beneficiar\u00e1 a m\u00e1s de 9 mil hogares este a\u00f1o<\/strong>. Desde su creaci\u00f3n en 2014 al 2020, hemos apoyado a cerca de 54 mil familias en todo el pa\u00eds con el pago del arriendo mensual de sus viviendas, el que significa un alivio y un apoyo para muchas personas que atraviesan por momentos dif\u00edciles\u201d.<\/p>\n<p style=\"text-align: justify;\">Por su parte el Seremi de Vivienda, Diego Silva, record\u00f3 que este apoyo consiste en un subsidio de hasta 4,9 UF ($ 147.000 aprox.) mensuales hasta completar su valor total de 170 UF ($5.108.901 aprox.), beneficio que puede ser utilizado de manera consecutiva o fragmentada en un plazo m\u00e1ximo de 8 a\u00f1os, para ser destinado al pago de arriendo. \u201cComo en las regiones extremas tenemos montos especiales, tambi\u00e9n hay que tener en cuenta que el contrato podr\u00e1 ser de un monto mensual de hasta 13 UF, o sea cerca de 390 mil pesos como m\u00e1ximo, donde el valor del subsidio se ajusta de manera que no supere el 80% de la renta acordada. As\u00ed que hacemos el llamado a que los interesados se informen, postulen y aprovechen este apoyo que siempre es muy necesario, sobre todo en estos tiempos de pandemia que han sido tan complicados para muchas de nuestras familias de la regi\u00f3n\u201d, se\u00f1al\u00f3.<\/p>\n<p style=\"text-align: justify;\">Cabe destacar que este subsidio permite el cambio de vivienda a cualquier regi\u00f3n del pa\u00eds y postular, en un futuro, a un subsidio para comprar una vivienda. Se trata de un llamado de postulaci\u00f3n 100% online a trav\u00e9s del sitio web <a href=\"http:\/\/www.minvu.cl\">www.minvu.cl<\/a>.<\/p>\n<p style=\"text-align: justify;\"><strong>\u00bfCu\u00e1les son los requisitos para postular?<\/strong><\/p>\n<ul>\n<li style=\"text-align: justify;\">Tener m\u00ednimo 18 a\u00f1os de edad.<\/li>\n<li style=\"text-align: justify;\">Contar con c\u00e9dula nacional de identidad vigente. Las personas extranjeras deben presentar c\u00e9dula de identidad para extranjeros vigente. Actualmente, las c\u00e9dulas de identidad podr\u00e1n tener vencimiento en el 2020 o en el 2021.<\/li>\n<li style=\"text-align: justify;\">Postular al menos con su c\u00f3nyuge, conviviente civil, conviviente o hijo. Las personas que tengan m\u00e1s de 60 a\u00f1os al momento de postular, no necesitan contar con n\u00facleo familiar.<\/li>\n<li style=\"text-align: justify;\">Estar inscrito en el Registro Social de Hogares (RSH) y no superar el tramo de calificaci\u00f3n socioecon\u00f3mica del 70%. Se permitir\u00e1 una postulaci\u00f3n por RSH en cada llamado.<\/li>\n<li style=\"text-align: justify;\">Acreditar un ahorro m\u00ednimo de 4 UF ($120.209 aprox.) en una cuenta de ahorro para la vivienda al momento de postular, la cual debe estar a nombre del postulantes, c\u00f3nyuge o conviviente civil.<\/li>\n<\/ul>\n<\/div><\/section><\/div><div  style='height:50px' class='hr hr-invisible   avia-builder-el-6  el_after_av_one_full  el_before_av_social_share '><span class='hr-inner ' ><span class='hr-inner-style'><\/span><\/span><\/div><\/p>\n<div  class='av-social-sharing-box  avia-builder-el-7  el_after_av_hr  el_before_av_hr  '><div class='av-share-box'><h5 class='av-share-link-description av-no-toc '>Compartir esta noticia<\/h5><ul class='av-share-box-list noLightbox'><li class='av-share-link av-social-link-facebook' ><a target=\"_blank\" aria-label=\"Compartir en Facebook\" href='https:\/\/www.facebook.com\/sharer.php?u=https:\/\/radiorevelacionfm.cl\/?p=9589&#038;t=Llaman%20a%20familias%20a%20postular%20antes%20del%2015%20de%20octubre%20al%20Subsidio%20de%20Arriendo%20Regular' aria-hidden='false' data-av_icon='\ue8f3' data-av_iconfont='entypo-fontello' title='' data-avia-related-tooltip='Compartir en Facebook' rel=\"noopener\"><span class='avia_hidden_link_text'>Compartir en Facebook<\/span><\/a><\/li><li class='av-share-link av-social-link-twitter' ><a target=\"_blank\" aria-label=\"Compartir en Twitter\" href='https:\/\/twitter.com\/share?text=Llaman%20a%20familias%20a%20postular%20antes%20del%2015%20de%20octubre%20al%20Subsidio%20de%20Arriendo%20Regular&#038;url=https:\/\/radiorevelacionfm.cl\/?p=9589' aria-hidden='false' data-av_icon='\ue8f1' data-av_iconfont='entypo-fontello' title='' data-avia-related-tooltip='Compartir en Twitter' rel=\"noopener\"><span class='avia_hidden_link_text'>Compartir en Twitter<\/span><\/a><\/li><li class='av-share-link av-social-link-whatsapp' ><a target=\"_blank\" aria-label=\"Compartir en Whatsapp\" href='https:\/\/api.whatsapp.com\/send?text=https:\/\/radiorevelacionfm.cl\/?p=9589' aria-hidden='false' data-av_icon='\uf232' data-av_iconfont='entypo-fontello' title='' data-avia-related-tooltip='Compartir en Whatsapp' rel=\"noopener\"><span class='avia_hidden_link_text'>Compartir en Whatsapp<\/span><\/a><\/li><li class='av-share-link av-social-link-linkedin' ><a target=\"_blank\" aria-label=\"Compartir en LinkedIn\" href='https:\/\/linkedin.com\/shareArticle?mini=true&#038;title=Llaman%20a%20familias%20a%20postular%20antes%20del%2015%20de%20octubre%20al%20Subsidio%20de%20Arriendo%20Regular&#038;url=https:\/\/radiorevelacionfm.cl\/?p=9589' aria-hidden='false' data-av_icon='\ue8fc' data-av_iconfont='entypo-fontello' title='' data-avia-related-tooltip='Compartir en LinkedIn' rel=\"noopener\"><span class='avia_hidden_link_text'>Compartir en LinkedIn<\/span><\/a><\/li><li class='av-share-link av-social-link-mail' ><a  aria-label=\"Compartir por correo\" href='mailto:?subject=Llaman%20a%20familias%20a%20postular%20antes%20del%2015%20de%20octubre%20al%20Subsidio%20de%20Arriendo%20Regular&#038;body=https:\/\/radiorevelacionfm.cl\/?p=9589' aria-hidden='false' data-av_icon='\ue805' data-av_iconfont='entypo-fontello' title='' data-avia-related-tooltip='Compartir por correo'><span class='avia_hidden_link_text'>Compartir por correo<\/span><\/a><\/li><\/ul><\/div><\/div>\n<div  style='height:50px' class='hr hr-invisible   avia-builder-el-8  el_after_av_social_share  el_before_av_comments_list '><span class='hr-inner ' ><span class='hr-inner-style'><\/span><\/span><\/div>\n<div  class='av-buildercomment  av-blog-meta-html-info-disabled av-blog-meta-tag-disabled  '><\/div>\n","protected":false},"excerpt":{"rendered":"","protected":false},"author":1,"featured_media":9590,"comment_status":"open","ping_status":"open","sticky":false,"template":"","format":"standard","meta":{"footnotes":""},"categories":[57],"tags":[],"class_list":["post-9589","post","type-post","status-publish","format-standard","has-post-thumbnail","hentry","category-vivienda"],"jetpack_featured_media_url":"https:\/\/radiorevelacionfm.cl\/wp-content\/uploads\/2021\/10\/foto-archivo-casas-coyhaique-1_optimized.jpg","_links":{"self":[{"href":"https:\/\/radiorevelacionfm.cl\/index.php?rest_route=\/wp\/v2\/posts\/9589","targetHints":{"allow":["GET"]}}],"collection":[{"href":"https:\/\/radiorevelacionfm.cl\/index.php?rest_route=\/wp\/v2\/posts"}],"about":[{"href":"https:\/\/radiorevelacionfm.cl\/index.php?rest_route=\/wp\/v2\/types\/post"}],"author":[{"embeddable":true,"href":"https:\/\/radiorevelacionfm.cl\/index.php?rest_route=\/wp\/v2\/users\/1"}],"replies":[{"embeddable":true,"href":"https:\/\/radiorevelacionfm.cl\/index.php?rest_route=%2Fwp%2Fv2%2Fcomments&post=9589"}],"version-history":[{"count":1,"href":"https:\/\/radiorevelacionfm.cl\/index.php?rest_route=\/wp\/v2\/posts\/9589\/revisions"}],"predecessor-version":[{"id":9591,"href":"https:\/\/radiorevelacionfm.cl\/index.php?rest_route=\/wp\/v2\/posts\/9589\/revisions\/9591"}],"wp:featuredmedia":[{"embeddable":true,"href":"https:\/\/radiorevelacionfm.cl\/index.php?rest_route=\/wp\/v2\/media\/9590"}],"wp:attachment":[{"href":"https:\/\/radiorevelacionfm.cl\/index.php?rest_route=%2Fwp%2Fv2%2Fmedia&parent=9589"}],"wp:term":[{"taxonomy":"category","embeddable":true,"href":"https:\/\/radiorevelacionfm.cl\/index.php?rest_route=%2Fwp%2Fv2%2Fcategories&post=9589"},{"taxonomy":"post_tag","embeddable":true,"href":"https:\/\/radiorevelacionfm.cl\/index.php?rest_route=%2Fwp%2Fv2%2Ftags&post=9589"}],"curies":[{"name":"wp","href":"https:\/\/api.w.org\/{rel}","templated":true}]}}