{"id":9577,"date":"2021-10-13T12:04:00","date_gmt":"2021-10-13T15:04:00","guid":{"rendered":"https:\/\/radiorevelacionfm.cl\/?p=9577"},"modified":"2021-10-13T14:46:09","modified_gmt":"2021-10-13T17:46:09","slug":"consejero-medina-espero-que-la-municipalidad-de-rio-ibanez-y-bienes-nacionales-dejen-disponible-terrenos-fiscales-con-fines-productivos-ganaderos","status":"publish","type":"post","link":"https:\/\/radiorevelacionfm.cl\/?p=9577","title":{"rendered":"Su preocupaci\u00f3n expuso el Consejero Medina por terrenos que ocupan campesinos en Iba\u00f1ez que estar\u00edan dentro de un pol\u00edgono de \u00e1reas protegidas, y que ser\u00edan traspasados a una Fundaci\u00f3n"},"content":{"rendered":"<div class=\"flex_column av_one_full  flex_column_div av-zero-column-padding first  avia-builder-el-0  el_before_av_one_full  avia-builder-el-first  \" style='border-radius:0px; '><div  class='avia-image-container  av-styling-    avia-builder-el-1  avia-builder-el-no-sibling  avia-align-center '  itemprop=\"image\" itemscope=\"itemscope\" itemtype=\"https:\/\/schema.org\/ImageObject\"  ><div class='avia-image-container-inner'><div class='avia-image-overlay-wrap'><img decoding=\"async\" class='wp-image-9578 avia-img-lazy-loading-not-9578 avia_image' src=\"https:\/\/radiorevelacionfm.cl\/wp-content\/uploads\/2021\/10\/Fotografia1-1-1.jpg\" alt='' title='Fotograf\u00eda1 (1) (1)' height=\"600\" width=\"676\"  itemprop=\"thumbnailUrl\" srcset=\"https:\/\/radiorevelacionfm.cl\/wp-content\/uploads\/2021\/10\/Fotografia1-1-1.jpg 676w, https:\/\/radiorevelacionfm.cl\/wp-content\/uploads\/2021\/10\/Fotografia1-1-1-300x266.jpg 300w, https:\/\/radiorevelacionfm.cl\/wp-content\/uploads\/2021\/10\/Fotografia1-1-1-600x533.jpg 600w\" sizes=\"(max-width: 676px) 100vw, 676px\" \/><\/div><\/div><\/div><\/div>\n<div class=\"flex_column av_one_full  flex_column_div av-zero-column-padding first  avia-builder-el-2  el_after_av_one_full  el_before_av_one_full  column-top-margin\" style='border-radius:0px; '><section class=\"av_textblock_section \"  itemscope=\"itemscope\" itemtype=\"https:\/\/schema.org\/BlogPosting\" itemprop=\"blogPost\" ><div class='avia_textblock  '   itemprop=\"text\" ><p style=\"text-align: center;\"><strong><span style=\"font-size: 18pt;\">Su preocupaci\u00f3n expuso el Consejero Medina por terrenos que ocupan campesinos en Iba\u00f1ez que estar\u00edan dentro de un pol\u00edgono de \u00e1reas protegidas, y que ser\u00edan traspasados a una Fundaci\u00f3n<\/span><\/strong><\/p>\n<div id=\"gtx-trans\" style=\"position: absolute; left: -50px; top: 4.31534px;\">\n<div class=\"gtx-trans-icon\"><\/div>\n<\/div>\n<\/div><\/section><\/div><div class=\"flex_column av_one_full  flex_column_div av-zero-column-padding first  avia-builder-el-4  el_after_av_one_full  el_before_av_hr  column-top-margin\" style='border-radius:0px; '><section class=\"av_textblock_section \"  itemscope=\"itemscope\" itemtype=\"https:\/\/schema.org\/BlogPosting\" itemprop=\"blogPost\" ><div class='avia_textblock  '   itemprop=\"text\" ><p style=\"text-align: justify;\">En su ponencia durante el Consejo Regional de Ays\u00e9n, el consejero regional inform\u00f3 que existe un 90% de solicitudes de usar terrenos productivos a Bienes Nacionales que no se pudieron concretar en la comuna de R\u00edo Ib\u00e1\u00f1ez.<\/p>\n<p style=\"text-align: justify;\">\u00abFui muy claro y categ\u00f3rico en la ponencia que realic\u00e9 en el Consejo Regional de Ays\u00e9n, apoyado por el pleno, donde manifest\u00e9 la preocupaci\u00f3n por terrenos fiscales productivos que han ocupado por mucho tiempo campesinos para poder trabajar su ganader\u00eda y que hoy se encontrar\u00eda dentro de un pol\u00edgono de \u00e1reas protegidas para traspasarlas despu\u00e9s de 5 a\u00f1os a una Fundaci\u00f3n\u00bb afirma el consejero Washington Medina.<\/p>\n<p style=\"text-align: justify;\">\u00abEl tiempo nos ha dado la raz\u00f3n y hace 10 a\u00f1os atr\u00e1s mencionamos que ven\u00eda una estrategia para poder ahogar y asfixiar a los peque\u00f1os y medianos campesinos, mediante la cual se iban a acortar estos territorios para la productividad ganadera y es lo que hoy est\u00e1 pasando\u00bb, contin\u00fao.<\/p>\n<p style=\"text-align: justify;\">El consejero ha solicitado una mesa de trabajo urgente con el alcalde de la comuna, Marcelo Santana, su honorable Concejo Municipal, la Seremi de Bienes Nacionales, la comisi\u00f3n de Medio Ambiente y los afectados. Adem\u00e1s, oficiar de forma urgente al Ministro de Bienes Nacionales y as\u00ed poder desafectar los terrenos fiscales para que queden a disposici\u00f3n de la productividad ganadera.<\/p>\n<p style=\"text-align: justify;\">\u00abHe sido claro en generar propuestas de soluci\u00f3n para que en conjunto podamos aportar y apoyar a estos peque\u00f1os campesinos de la comuna de R\u00edo Ib\u00e1\u00f1ez y que la Municipalidad continu\u00e9 con su trabajo de la Fundaci\u00f3n, pero que podamos generar un nuevo pol\u00edgono para dejar todos estos terrenos a disposici\u00f3n de la gente campesina de R\u00edo Ib\u00e1\u00f1ez\u00bb.<\/p>\n<\/div><\/section><\/div><\/p>\n<div  style='height:50px' class='hr hr-invisible   avia-builder-el-6  el_after_av_one_full  el_before_av_social_share '><span class='hr-inner ' ><span class='hr-inner-style'><\/span><\/span><\/div>\n<div  class='av-social-sharing-box  avia-builder-el-7  el_after_av_hr  el_before_av_hr  '><div class='av-share-box'><h5 class='av-share-link-description av-no-toc '>Compartir esta noticia<\/h5><ul class='av-share-box-list noLightbox'><li class='av-share-link av-social-link-facebook' ><a target=\"_blank\" aria-label=\"Compartir en Facebook\" href='https:\/\/www.facebook.com\/sharer.php?u=https:\/\/radiorevelacionfm.cl\/?p=9577&#038;t=Su%20preocupaci%C3%B3n%20expuso%20el%20Consejero%20Medina%20por%20terrenos%20que%20ocupan%20campesinos%20en%20Iba%C3%B1ez%20que%20estar%C3%ADan%20dentro%20de%20un%20pol%C3%ADgono%20de%20%C3%A1reas%20protegidas%2C%20y%20que%20ser%C3%ADan%20traspasados%20a%20una%20Fundaci%C3%B3n' aria-hidden='false' data-av_icon='\ue8f3' data-av_iconfont='entypo-fontello' title='' data-avia-related-tooltip='Compartir en Facebook' rel=\"noopener\"><span class='avia_hidden_link_text'>Compartir en Facebook<\/span><\/a><\/li><li class='av-share-link av-social-link-twitter' ><a target=\"_blank\" aria-label=\"Compartir en Twitter\" href='https:\/\/twitter.com\/share?text=Su%20preocupaci%C3%B3n%20expuso%20el%20Consejero%20Medina%20por%20terrenos%20que%20ocupan%20campesinos%20en%20Iba%C3%B1ez%20que%20estar%C3%ADan%20dentro%20de%20un%20pol%C3%ADgono%20de%20%C3%A1reas%20protegidas%2C%20y%20que%20ser%C3%ADan%20traspasados%20a%20una%20Fundaci%C3%B3n&#038;url=https:\/\/radiorevelacionfm.cl\/?p=9577' aria-hidden='false' data-av_icon='\ue8f1' data-av_iconfont='entypo-fontello' title='' data-avia-related-tooltip='Compartir en Twitter' rel=\"noopener\"><span class='avia_hidden_link_text'>Compartir en Twitter<\/span><\/a><\/li><li class='av-share-link av-social-link-whatsapp' ><a target=\"_blank\" aria-label=\"Compartir en Whatsapp\" href='https:\/\/api.whatsapp.com\/send?text=https:\/\/radiorevelacionfm.cl\/?p=9577' aria-hidden='false' data-av_icon='\uf232' data-av_iconfont='entypo-fontello' title='' data-avia-related-tooltip='Compartir en Whatsapp' rel=\"noopener\"><span class='avia_hidden_link_text'>Compartir en Whatsapp<\/span><\/a><\/li><li class='av-share-link av-social-link-linkedin' ><a target=\"_blank\" aria-label=\"Compartir en LinkedIn\" href='https:\/\/linkedin.com\/shareArticle?mini=true&#038;title=Su%20preocupaci%C3%B3n%20expuso%20el%20Consejero%20Medina%20por%20terrenos%20que%20ocupan%20campesinos%20en%20Iba%C3%B1ez%20que%20estar%C3%ADan%20dentro%20de%20un%20pol%C3%ADgono%20de%20%C3%A1reas%20protegidas%2C%20y%20que%20ser%C3%ADan%20traspasados%20a%20una%20Fundaci%C3%B3n&#038;url=https:\/\/radiorevelacionfm.cl\/?p=9577' aria-hidden='false' data-av_icon='\ue8fc' data-av_iconfont='entypo-fontello' title='' data-avia-related-tooltip='Compartir en LinkedIn' rel=\"noopener\"><span class='avia_hidden_link_text'>Compartir en LinkedIn<\/span><\/a><\/li><li class='av-share-link av-social-link-mail' ><a  aria-label=\"Compartir por correo\" href='mailto:?subject=Su%20preocupaci%C3%B3n%20expuso%20el%20Consejero%20Medina%20por%20terrenos%20que%20ocupan%20campesinos%20en%20Iba%C3%B1ez%20que%20estar%C3%ADan%20dentro%20de%20un%20pol%C3%ADgono%20de%20%C3%A1reas%20protegidas%2C%20y%20que%20ser%C3%ADan%20traspasados%20a%20una%20Fundaci%C3%B3n&#038;body=https:\/\/radiorevelacionfm.cl\/?p=9577' aria-hidden='false' data-av_icon='\ue805' data-av_iconfont='entypo-fontello' title='' data-avia-related-tooltip='Compartir por correo'><span class='avia_hidden_link_text'>Compartir por correo<\/span><\/a><\/li><\/ul><\/div><\/div>\n<div  style='height:50px' class='hr hr-invisible   avia-builder-el-8  el_after_av_social_share  el_before_av_comments_list '><span class='hr-inner ' ><span class='hr-inner-style'><\/span><\/span><\/div>\n<div  class='av-buildercomment  av-blog-meta-html-info-disabled av-blog-meta-tag-disabled  '><\/div>\n","protected":false},"excerpt":{"rendered":"","protected":false},"author":1,"featured_media":9595,"comment_status":"open","ping_status":"open","sticky":false,"template":"","format":"standard","meta":{"footnotes":""},"categories":[38],"tags":[],"class_list":["post-9577","post","type-post","status-publish","format-standard","has-post-thumbnail","hentry","category-regional"],"jetpack_featured_media_url":"https:\/\/radiorevelacionfm.cl\/wp-content\/uploads\/2021\/10\/FotografiaP-1.jpg","_links":{"self":[{"href":"https:\/\/radiorevelacionfm.cl\/index.php?rest_route=\/wp\/v2\/posts\/9577","targetHints":{"allow":["GET"]}}],"collection":[{"href":"https:\/\/radiorevelacionfm.cl\/index.php?rest_route=\/wp\/v2\/posts"}],"about":[{"href":"https:\/\/radiorevelacionfm.cl\/index.php?rest_route=\/wp\/v2\/types\/post"}],"author":[{"embeddable":true,"href":"https:\/\/radiorevelacionfm.cl\/index.php?rest_route=\/wp\/v2\/users\/1"}],"replies":[{"embeddable":true,"href":"https:\/\/radiorevelacionfm.cl\/index.php?rest_route=%2Fwp%2Fv2%2Fcomments&post=9577"}],"version-history":[{"count":4,"href":"https:\/\/radiorevelacionfm.cl\/index.php?rest_route=\/wp\/v2\/posts\/9577\/revisions"}],"predecessor-version":[{"id":9582,"href":"https:\/\/radiorevelacionfm.cl\/index.php?rest_route=\/wp\/v2\/posts\/9577\/revisions\/9582"}],"wp:featuredmedia":[{"embeddable":true,"href":"https:\/\/radiorevelacionfm.cl\/index.php?rest_route=\/wp\/v2\/media\/9595"}],"wp:attachment":[{"href":"https:\/\/radiorevelacionfm.cl\/index.php?rest_route=%2Fwp%2Fv2%2Fmedia&parent=9577"}],"wp:term":[{"taxonomy":"category","embeddable":true,"href":"https:\/\/radiorevelacionfm.cl\/index.php?rest_route=%2Fwp%2Fv2%2Fcategories&post=9577"},{"taxonomy":"post_tag","embeddable":true,"href":"https:\/\/radiorevelacionfm.cl\/index.php?rest_route=%2Fwp%2Fv2%2Ftags&post=9577"}],"curies":[{"name":"wp","href":"https:\/\/api.w.org\/{rel}","templated":true}]}}