{"id":9574,"date":"2021-10-13T10:57:32","date_gmt":"2021-10-13T13:57:32","guid":{"rendered":"https:\/\/radiorevelacionfm.cl\/?p=9574"},"modified":"2021-10-13T10:57:32","modified_gmt":"2021-10-13T13:57:32","slug":"minvu-anuncia-apertura-del-proceso-de-postulacion-al-subsidio-para-la-clase-media-2","status":"publish","type":"post","link":"https:\/\/radiorevelacionfm.cl\/?p=9574","title":{"rendered":"MINVU anuncia apertura del proceso de postulaci\u00f3n al Subsidio para la Clase Media"},"content":{"rendered":"<div class=\"flex_column av_one_full  flex_column_div av-zero-column-padding first  avia-builder-el-0  el_before_av_one_full  avia-builder-el-first  \" style='border-radius:0px; '><div  class='avia-image-container  av-styling-    avia-builder-el-1  avia-builder-el-no-sibling  avia-align-center '  itemprop=\"image\" itemscope=\"itemscope\" itemtype=\"https:\/\/schema.org\/ImageObject\"  ><div class='avia-image-container-inner'><div class='avia-image-overlay-wrap'><img decoding=\"async\" class='wp-image-9575 avia-img-lazy-loading-not-9575 avia_image' src=\"https:\/\/radiorevelacionfm.cl\/wp-content\/uploads\/2021\/10\/subsidio-vivienda-clase-media-1-1.jpg\" alt='' title='subsidio vivienda-clase media (1) (1)' height=\"600\" width=\"1065\"  itemprop=\"thumbnailUrl\" srcset=\"https:\/\/radiorevelacionfm.cl\/wp-content\/uploads\/2021\/10\/subsidio-vivienda-clase-media-1-1.jpg 1065w, https:\/\/radiorevelacionfm.cl\/wp-content\/uploads\/2021\/10\/subsidio-vivienda-clase-media-1-1-300x169.jpg 300w, https:\/\/radiorevelacionfm.cl\/wp-content\/uploads\/2021\/10\/subsidio-vivienda-clase-media-1-1-1030x580.jpg 1030w, https:\/\/radiorevelacionfm.cl\/wp-content\/uploads\/2021\/10\/subsidio-vivienda-clase-media-1-1-768x433.jpg 768w, https:\/\/radiorevelacionfm.cl\/wp-content\/uploads\/2021\/10\/subsidio-vivienda-clase-media-1-1-705x397.jpg 705w, https:\/\/radiorevelacionfm.cl\/wp-content\/uploads\/2021\/10\/subsidio-vivienda-clase-media-1-1-600x338.jpg 600w\" sizes=\"(max-width: 1065px) 100vw, 1065px\" \/><\/div><\/div><\/div><\/div><div class=\"flex_column av_one_full  flex_column_div av-zero-column-padding first  avia-builder-el-2  el_after_av_one_full  el_before_av_one_full  column-top-margin\" style='border-radius:0px; '><section class=\"av_textblock_section \"  itemscope=\"itemscope\" itemtype=\"https:\/\/schema.org\/BlogPosting\" itemprop=\"blogPost\" ><div class='avia_textblock  '   itemprop=\"text\" ><p style=\"text-align: center;\"><strong><span style=\"font-size: 18pt;\">MINVU anuncia apertura del proceso de postulaci\u00f3n al Subsidio para la Clase Media<\/span><\/strong><\/p>\n<div id=\"gtx-trans\" style=\"position: absolute; left: -50px; top: 4.31534px;\">\n<div class=\"gtx-trans-icon\"><\/div>\n<\/div>\n<\/div><\/section><\/div><div class=\"flex_column av_one_full  flex_column_div av-zero-column-padding first  avia-builder-el-4  el_after_av_one_full  el_before_av_hr  column-top-margin\" style='border-radius:0px; '><section class=\"av_textblock_section \"  itemscope=\"itemscope\" itemtype=\"https:\/\/schema.org\/BlogPosting\" itemprop=\"blogPost\" ><div class='avia_textblock  '   itemprop=\"text\" ><p style=\"text-align: justify;\">Desde el 21 de octubre estar\u00e1 abierta la postulaci\u00f3n al\u00a0Subsidio para Sectores Medios DS1, que permite a las familias adquirir o construir una vivienda en zonas urbanas o rurales nuevas o usadas\u00a0de hasta 1.100, 1.600 o 2.200 UF dependiendo del tramo al que se postule. Est\u00e1 dirigido a familias que no son propietarias, que cuentan con capacidad de ahorro y\/o acceso a cr\u00e9dito hipotecario, pero que requieren de la ayuda del Estado para acceder a una soluci\u00f3n habitacional definitiva. En la zona norte y extremo sur del pa\u00eds, como el caso de la regi\u00f3n de Ays\u00e9n, este valor aumenta hasta las 2.600 UF.<\/p>\n<p style=\"text-align: justify;\">El gobierno explic\u00f3 que estos han sido tiempos dif\u00edciles, especialmente para las familias vulnerables y de clase media y que por eso mantendr\u00e1n los montos de ahorro\u00a0del llamado anterior, con el objetivo de facilitar el acceso a una vivienda para miles de familias a lo largo de todo el pa\u00eds. En \u00a0esta oportunidad, y como condici\u00f3n especial producto de la pandemia por Covid-19, se conservar\u00e1n los ahorros m\u00ednimos exigidos en el primer llamado de este 2021, el que deber\u00e1 estar depositado y como\u00a0saldo disponible en la cuenta de ahorro para la vivienda al 30 de septiembre de 2021.<\/p>\n<p style=\"text-align: justify;\">Existen tres v\u00edas de atenci\u00f3n: autom\u00e1tica, postulaci\u00f3n en l\u00ednea o v\u00eda formulario de atenci\u00f3n ciudadana. Los\u00a0requisitos generales de postulaci\u00f3n\u00a0son los siguientes: contar con C\u00e9dula Nacional de Identidad, acreditar una cuenta de ahorro para la vivienda con una antig\u00fcedad m\u00ednima de 12 meses, demostrar que el ahorro exigido en cada tramo est\u00e9 depositado y reflejado como saldo disponible en la cuenta de ahorro para la vivienda a m\u00e1s tardar el 30 de septiembre hasta las 14:00 horas y estar inscrito en el Registro Social de Hogares (RSH) y no superar el porcentaje de calificaci\u00f3n socioecon\u00f3mica que exige la alternativa de subsidio a la que desea postular.<\/p>\n<p style=\"text-align: justify;\">Para estar informados o resolver cualquier duda los interesados se pueden poner en contacto con todas nuestras oficinas de Serviu a lo largo del pa\u00eds.<\/p>\n<\/div><\/section><\/div><div  style='height:50px' class='hr hr-invisible   avia-builder-el-6  el_after_av_one_full  el_before_av_social_share '><span class='hr-inner ' ><span class='hr-inner-style'><\/span><\/span><\/div><\/p>\n<div  class='av-social-sharing-box  avia-builder-el-7  el_after_av_hr  el_before_av_hr  '><div class='av-share-box'><h5 class='av-share-link-description av-no-toc '>Compartir esta noticia<\/h5><ul class='av-share-box-list noLightbox'><li class='av-share-link av-social-link-facebook' ><a target=\"_blank\" aria-label=\"Compartir en Facebook\" href='https:\/\/www.facebook.com\/sharer.php?u=https:\/\/radiorevelacionfm.cl\/?p=9574&#038;t=MINVU%20anuncia%20apertura%20del%20proceso%20de%20postulaci%C3%B3n%20al%20Subsidio%20para%20la%20Clase%20Media' aria-hidden='false' data-av_icon='\ue8f3' data-av_iconfont='entypo-fontello' title='' data-avia-related-tooltip='Compartir en Facebook' rel=\"noopener\"><span class='avia_hidden_link_text'>Compartir en Facebook<\/span><\/a><\/li><li class='av-share-link av-social-link-twitter' ><a target=\"_blank\" aria-label=\"Compartir en Twitter\" href='https:\/\/twitter.com\/share?text=MINVU%20anuncia%20apertura%20del%20proceso%20de%20postulaci%C3%B3n%20al%20Subsidio%20para%20la%20Clase%20Media&#038;url=https:\/\/radiorevelacionfm.cl\/?p=9574' aria-hidden='false' data-av_icon='\ue8f1' data-av_iconfont='entypo-fontello' title='' data-avia-related-tooltip='Compartir en Twitter' rel=\"noopener\"><span class='avia_hidden_link_text'>Compartir en Twitter<\/span><\/a><\/li><li class='av-share-link av-social-link-whatsapp' ><a target=\"_blank\" aria-label=\"Compartir en Whatsapp\" href='https:\/\/api.whatsapp.com\/send?text=https:\/\/radiorevelacionfm.cl\/?p=9574' aria-hidden='false' data-av_icon='\uf232' data-av_iconfont='entypo-fontello' title='' data-avia-related-tooltip='Compartir en Whatsapp' rel=\"noopener\"><span class='avia_hidden_link_text'>Compartir en Whatsapp<\/span><\/a><\/li><li class='av-share-link av-social-link-linkedin' ><a target=\"_blank\" aria-label=\"Compartir en LinkedIn\" href='https:\/\/linkedin.com\/shareArticle?mini=true&#038;title=MINVU%20anuncia%20apertura%20del%20proceso%20de%20postulaci%C3%B3n%20al%20Subsidio%20para%20la%20Clase%20Media&#038;url=https:\/\/radiorevelacionfm.cl\/?p=9574' aria-hidden='false' data-av_icon='\ue8fc' data-av_iconfont='entypo-fontello' title='' data-avia-related-tooltip='Compartir en LinkedIn' rel=\"noopener\"><span class='avia_hidden_link_text'>Compartir en LinkedIn<\/span><\/a><\/li><li class='av-share-link av-social-link-mail' ><a  aria-label=\"Compartir por correo\" href='mailto:?subject=MINVU%20anuncia%20apertura%20del%20proceso%20de%20postulaci%C3%B3n%20al%20Subsidio%20para%20la%20Clase%20Media&#038;body=https:\/\/radiorevelacionfm.cl\/?p=9574' aria-hidden='false' data-av_icon='\ue805' data-av_iconfont='entypo-fontello' title='' data-avia-related-tooltip='Compartir por correo'><span class='avia_hidden_link_text'>Compartir por correo<\/span><\/a><\/li><\/ul><\/div><\/div>\n<div  style='height:50px' class='hr hr-invisible   avia-builder-el-8  el_after_av_social_share  el_before_av_comments_list '><span class='hr-inner ' ><span class='hr-inner-style'><\/span><\/span><\/div>\n<div  class='av-buildercomment  av-blog-meta-html-info-disabled av-blog-meta-tag-disabled  '><\/div>\n","protected":false},"excerpt":{"rendered":"","protected":false},"author":1,"featured_media":9575,"comment_status":"open","ping_status":"open","sticky":false,"template":"","format":"standard","meta":{"footnotes":""},"categories":[57],"tags":[],"class_list":["post-9574","post","type-post","status-publish","format-standard","has-post-thumbnail","hentry","category-vivienda"],"jetpack_featured_media_url":"https:\/\/radiorevelacionfm.cl\/wp-content\/uploads\/2021\/10\/subsidio-vivienda-clase-media-1-1.jpg","_links":{"self":[{"href":"https:\/\/radiorevelacionfm.cl\/index.php?rest_route=\/wp\/v2\/posts\/9574","targetHints":{"allow":["GET"]}}],"collection":[{"href":"https:\/\/radiorevelacionfm.cl\/index.php?rest_route=\/wp\/v2\/posts"}],"about":[{"href":"https:\/\/radiorevelacionfm.cl\/index.php?rest_route=\/wp\/v2\/types\/post"}],"author":[{"embeddable":true,"href":"https:\/\/radiorevelacionfm.cl\/index.php?rest_route=\/wp\/v2\/users\/1"}],"replies":[{"embeddable":true,"href":"https:\/\/radiorevelacionfm.cl\/index.php?rest_route=%2Fwp%2Fv2%2Fcomments&post=9574"}],"version-history":[{"count":1,"href":"https:\/\/radiorevelacionfm.cl\/index.php?rest_route=\/wp\/v2\/posts\/9574\/revisions"}],"predecessor-version":[{"id":9576,"href":"https:\/\/radiorevelacionfm.cl\/index.php?rest_route=\/wp\/v2\/posts\/9574\/revisions\/9576"}],"wp:featuredmedia":[{"embeddable":true,"href":"https:\/\/radiorevelacionfm.cl\/index.php?rest_route=\/wp\/v2\/media\/9575"}],"wp:attachment":[{"href":"https:\/\/radiorevelacionfm.cl\/index.php?rest_route=%2Fwp%2Fv2%2Fmedia&parent=9574"}],"wp:term":[{"taxonomy":"category","embeddable":true,"href":"https:\/\/radiorevelacionfm.cl\/index.php?rest_route=%2Fwp%2Fv2%2Fcategories&post=9574"},{"taxonomy":"post_tag","embeddable":true,"href":"https:\/\/radiorevelacionfm.cl\/index.php?rest_route=%2Fwp%2Fv2%2Ftags&post=9574"}],"curies":[{"name":"wp","href":"https:\/\/api.w.org\/{rel}","templated":true}]}}