{"id":9571,"date":"2021-10-12T20:56:23","date_gmt":"2021-10-12T23:56:23","guid":{"rendered":"https:\/\/radiorevelacionfm.cl\/?p=9571"},"modified":"2021-10-12T20:56:23","modified_gmt":"2021-10-12T23:56:23","slug":"carabineros-incorpora-5-vehiculos-al-servicio-policial-para-apoyar-a-diversas-comunidades-de-aysen","status":"publish","type":"post","link":"https:\/\/radiorevelacionfm.cl\/?p=9571","title":{"rendered":"Carabineros incorpora 5 veh\u00edculos al servicio policial para apoyar a diversas comunidades de Ays\u00e9n"},"content":{"rendered":"<div class=\"flex_column av_one_full  flex_column_div av-zero-column-padding first  avia-builder-el-0  el_before_av_one_full  avia-builder-el-first  \" style='border-radius:0px; '><div  class='avia-image-container  av-styling-    avia-builder-el-1  avia-builder-el-no-sibling  avia-align-center '  itemprop=\"image\" itemscope=\"itemscope\" itemtype=\"https:\/\/schema.org\/ImageObject\"  ><div class='avia-image-container-inner'><div class='avia-image-overlay-wrap'><img decoding=\"async\" class='wp-image-9572 avia-img-lazy-loading-not-9572 avia_image' src=\"https:\/\/radiorevelacionfm.cl\/wp-content\/uploads\/2021\/10\/moviles_123307-1-1_optimized.jpg\" alt='' title='moviles_123307-(1)-(1)_optimized' height=\"600\" width=\"1067\"  itemprop=\"thumbnailUrl\" srcset=\"https:\/\/radiorevelacionfm.cl\/wp-content\/uploads\/2021\/10\/moviles_123307-1-1_optimized.jpg 1067w, https:\/\/radiorevelacionfm.cl\/wp-content\/uploads\/2021\/10\/moviles_123307-1-1_optimized-300x169.jpg 300w, https:\/\/radiorevelacionfm.cl\/wp-content\/uploads\/2021\/10\/moviles_123307-1-1_optimized-1030x579.jpg 1030w, https:\/\/radiorevelacionfm.cl\/wp-content\/uploads\/2021\/10\/moviles_123307-1-1_optimized-768x432.jpg 768w, https:\/\/radiorevelacionfm.cl\/wp-content\/uploads\/2021\/10\/moviles_123307-1-1_optimized-705x396.jpg 705w, https:\/\/radiorevelacionfm.cl\/wp-content\/uploads\/2021\/10\/moviles_123307-1-1_optimized-600x337.jpg 600w\" sizes=\"(max-width: 1067px) 100vw, 1067px\" \/><\/div><\/div><\/div><\/div><div class=\"flex_column av_one_full  flex_column_div av-zero-column-padding first  avia-builder-el-2  el_after_av_one_full  el_before_av_one_full  column-top-margin\" style='border-radius:0px; '><section class=\"av_textblock_section \"  itemscope=\"itemscope\" itemtype=\"https:\/\/schema.org\/BlogPosting\" itemprop=\"blogPost\" ><div class='avia_textblock  '   itemprop=\"text\" ><p style=\"text-align: center;\"><strong><span style=\"font-size: 18pt;\">Carabineros incorpora 5 veh\u00edculos al servicio policial para apoyar a diversas comunidades de Ays\u00e9n<\/span><\/strong><\/p>\n<div id=\"gtx-trans\" style=\"position: absolute; left: -50px; top: 4.31534px;\">\n<div class=\"gtx-trans-icon\"><\/div>\n<\/div>\n<\/div><\/section><\/div><div class=\"flex_column av_one_full  flex_column_div av-zero-column-padding first  avia-builder-el-4  el_after_av_one_full  el_before_av_hr  column-top-margin\" style='border-radius:0px; '><section class=\"av_textblock_section \"  itemscope=\"itemscope\" itemtype=\"https:\/\/schema.org\/BlogPosting\" itemprop=\"blogPost\" ><div class='avia_textblock  '   itemprop=\"text\" ><p style=\"text-align: justify;\">Un total de cinco modernos carros policiales fueron entregados por Carabineros Ays\u00e9n para apoyar la gesti\u00f3n operativa del servicio, siendo derivados a igual n\u00famero de cuarteles permitiendo mejorar la capacidad de respuesta ante\u00a0las emergencias, mejor despliegue territorial, presencia y vigilancia, siendo destinados para el servicio y beneficio directo para la comunidad.<\/p>\n<p style=\"text-align: justify;\">La entrega fue dada a conocer en el contexto de los 92 aniversario de la ciudad de Coyhaique y responde al plan de modernizaci\u00f3n institucional, unidades que forman parte de un total de 666 veh\u00edculos adquiridos por el Gobierno de Chile a nivel nacional por un monto de inversi\u00f3n cercano a los 21 millones de d\u00f3lares, y que forman parte de un proceso de modernizaci\u00f3n institucional, permitiendo fortalecer la capacidad de despliegue territorial y reforzar la labor policial y patrullajes en las diversas zonas del pa\u00eds.<\/p>\n<p style=\"text-align: justify;\">Frente a la Plaza Bicentenario de esta ciudad, se desarroll\u00f3 un breve acto en el cual el General Hugo Zenteno V\u00e1squez, Jefe de la XI Zona de Carabineros junto a la\u00a0Gobernadora de la Regi\u00f3n de Ays\u00e9n, Andrea Mac\u00edas Palma,\u00a0hicieron\u00a0entrega de las llaves de los carros a sus conductores, ceremonia en la cual estuvo presente la Delegada Presidencial Regional, Margarita Ossa Rojas, entre otras autoridades regionales y locales.<\/p>\n<p style=\"text-align: justify;\">El General Hugo Zenteno V\u00e1squez, destac\u00f3 que se trata de veh\u00edculos que permiten complementar una estrategia de traslado y presencia para prevenir los delitos que puedan ocurrir en la regi\u00f3n.<\/p>\n<p style=\"text-align: justify;\">\u00abEs un parque de cinco veh\u00edculos que van a ayudar a nuestra gesti\u00f3n de reacci\u00f3n r\u00e1pida y oportuna ante la estrategia del plan cuadrante de seguridad preventiva, situaci\u00f3n que va a permitir a los carabineros concurrir con mayor presencia policial. Ello involucra nuestra preocupaci\u00f3n por la comunidad, toda vez que los beneficiados de manera directa van a ser los ciudadanos de la regi\u00f3n de Ays\u00e9n\u00bb, expres\u00f3 el Jefe de Zona de Carabineros.<\/p>\n<p style=\"text-align: justify;\">Se trata de veh\u00edculos los cuales est\u00e1n destinados a La Tenencia La Junta, Ret\u00e9n Puyuhuapi, Ret\u00e9n Villa Ma\u00f1ihuales, Ret\u00e9n El Blanco y Ret\u00e9n Puerto Guadal.<\/p>\n<p style=\"text-align: justify;\">\u00abEs un parque vehicular importante, veh\u00edculos 4&#215;4 de la marca Nissan principalmente para poder desarrollar funciones en la parte exterior de Coyhaique, en donde -inclusive en algunos destacamentos-\u00a0no hab\u00eda veh\u00edculos y esto va suplir esa falencia para poder aportar a la seguridad\u00bb, destac\u00f3 el General Zenteno.<\/p>\n<p style=\"text-align: justify;\">Dada la extensi\u00f3n del territorio regional, el\u00a0Jefe de la XI Zona de Carabineros Ays\u00e9n\u00a0a\u00f1adi\u00f3 que los\u00a0carros\u00a0permitir\u00e1n\u00a0realizar patrullajes y llevar seguridad hasta\u00a0apartados sectores del territorio,\u00a0fortaleciendo la cercan\u00eda, rapidez as\u00ed como poder suplir y atender los requerimientos de la ciudadan\u00eda para prevenir los delitos que puedan ocurrir en nuestra regi\u00f3n.<\/p>\n<\/div><\/section><\/div><div  style='height:50px' class='hr hr-invisible   avia-builder-el-6  el_after_av_one_full  el_before_av_social_share '><span class='hr-inner ' ><span class='hr-inner-style'><\/span><\/span><\/div><\/p>\n<div  class='av-social-sharing-box  avia-builder-el-7  el_after_av_hr  el_before_av_hr  '><div class='av-share-box'><h5 class='av-share-link-description av-no-toc '>Compartir esta noticia<\/h5><ul class='av-share-box-list noLightbox'><li class='av-share-link av-social-link-facebook' ><a target=\"_blank\" aria-label=\"Compartir en Facebook\" href='https:\/\/www.facebook.com\/sharer.php?u=https:\/\/radiorevelacionfm.cl\/?p=9571&#038;t=Carabineros%20incorpora%205%20veh%C3%ADculos%20al%20servicio%20policial%20para%20apoyar%20a%20diversas%20comunidades%20de%20Ays%C3%A9n' aria-hidden='false' data-av_icon='\ue8f3' data-av_iconfont='entypo-fontello' title='' data-avia-related-tooltip='Compartir en Facebook' rel=\"noopener\"><span class='avia_hidden_link_text'>Compartir en Facebook<\/span><\/a><\/li><li class='av-share-link av-social-link-twitter' ><a target=\"_blank\" aria-label=\"Compartir en Twitter\" href='https:\/\/twitter.com\/share?text=Carabineros%20incorpora%205%20veh%C3%ADculos%20al%20servicio%20policial%20para%20apoyar%20a%20diversas%20comunidades%20de%20Ays%C3%A9n&#038;url=https:\/\/radiorevelacionfm.cl\/?p=9571' aria-hidden='false' data-av_icon='\ue8f1' data-av_iconfont='entypo-fontello' title='' data-avia-related-tooltip='Compartir en Twitter' rel=\"noopener\"><span class='avia_hidden_link_text'>Compartir en Twitter<\/span><\/a><\/li><li class='av-share-link av-social-link-whatsapp' ><a target=\"_blank\" aria-label=\"Compartir en Whatsapp\" href='https:\/\/api.whatsapp.com\/send?text=https:\/\/radiorevelacionfm.cl\/?p=9571' aria-hidden='false' data-av_icon='\uf232' data-av_iconfont='entypo-fontello' title='' data-avia-related-tooltip='Compartir en Whatsapp' rel=\"noopener\"><span class='avia_hidden_link_text'>Compartir en Whatsapp<\/span><\/a><\/li><li class='av-share-link av-social-link-linkedin' ><a target=\"_blank\" aria-label=\"Compartir en LinkedIn\" href='https:\/\/linkedin.com\/shareArticle?mini=true&#038;title=Carabineros%20incorpora%205%20veh%C3%ADculos%20al%20servicio%20policial%20para%20apoyar%20a%20diversas%20comunidades%20de%20Ays%C3%A9n&#038;url=https:\/\/radiorevelacionfm.cl\/?p=9571' aria-hidden='false' data-av_icon='\ue8fc' data-av_iconfont='entypo-fontello' title='' data-avia-related-tooltip='Compartir en LinkedIn' rel=\"noopener\"><span class='avia_hidden_link_text'>Compartir en LinkedIn<\/span><\/a><\/li><li class='av-share-link av-social-link-mail' ><a  aria-label=\"Compartir por correo\" href='mailto:?subject=Carabineros%20incorpora%205%20veh%C3%ADculos%20al%20servicio%20policial%20para%20apoyar%20a%20diversas%20comunidades%20de%20Ays%C3%A9n&#038;body=https:\/\/radiorevelacionfm.cl\/?p=9571' aria-hidden='false' data-av_icon='\ue805' data-av_iconfont='entypo-fontello' title='' data-avia-related-tooltip='Compartir por correo'><span class='avia_hidden_link_text'>Compartir por correo<\/span><\/a><\/li><\/ul><\/div><\/div>\n<div  style='height:50px' class='hr hr-invisible   avia-builder-el-8  el_after_av_social_share  el_before_av_comments_list '><span class='hr-inner ' ><span class='hr-inner-style'><\/span><\/span><\/div>\n<div  class='av-buildercomment  av-blog-meta-html-info-disabled av-blog-meta-tag-disabled  '><\/div>\n","protected":false},"excerpt":{"rendered":"","protected":false},"author":1,"featured_media":9572,"comment_status":"open","ping_status":"open","sticky":false,"template":"","format":"standard","meta":{"footnotes":""},"categories":[36],"tags":[],"class_list":["post-9571","post","type-post","status-publish","format-standard","has-post-thumbnail","hentry","category-policial"],"jetpack_featured_media_url":"https:\/\/radiorevelacionfm.cl\/wp-content\/uploads\/2021\/10\/moviles_123307-1-1_optimized.jpg","_links":{"self":[{"href":"https:\/\/radiorevelacionfm.cl\/index.php?rest_route=\/wp\/v2\/posts\/9571","targetHints":{"allow":["GET"]}}],"collection":[{"href":"https:\/\/radiorevelacionfm.cl\/index.php?rest_route=\/wp\/v2\/posts"}],"about":[{"href":"https:\/\/radiorevelacionfm.cl\/index.php?rest_route=\/wp\/v2\/types\/post"}],"author":[{"embeddable":true,"href":"https:\/\/radiorevelacionfm.cl\/index.php?rest_route=\/wp\/v2\/users\/1"}],"replies":[{"embeddable":true,"href":"https:\/\/radiorevelacionfm.cl\/index.php?rest_route=%2Fwp%2Fv2%2Fcomments&post=9571"}],"version-history":[{"count":1,"href":"https:\/\/radiorevelacionfm.cl\/index.php?rest_route=\/wp\/v2\/posts\/9571\/revisions"}],"predecessor-version":[{"id":9573,"href":"https:\/\/radiorevelacionfm.cl\/index.php?rest_route=\/wp\/v2\/posts\/9571\/revisions\/9573"}],"wp:featuredmedia":[{"embeddable":true,"href":"https:\/\/radiorevelacionfm.cl\/index.php?rest_route=\/wp\/v2\/media\/9572"}],"wp:attachment":[{"href":"https:\/\/radiorevelacionfm.cl\/index.php?rest_route=%2Fwp%2Fv2%2Fmedia&parent=9571"}],"wp:term":[{"taxonomy":"category","embeddable":true,"href":"https:\/\/radiorevelacionfm.cl\/index.php?rest_route=%2Fwp%2Fv2%2Fcategories&post=9571"},{"taxonomy":"post_tag","embeddable":true,"href":"https:\/\/radiorevelacionfm.cl\/index.php?rest_route=%2Fwp%2Fv2%2Ftags&post=9571"}],"curies":[{"name":"wp","href":"https:\/\/api.w.org\/{rel}","templated":true}]}}