{"id":9567,"date":"2021-10-12T18:52:32","date_gmt":"2021-10-12T21:52:32","guid":{"rendered":"https:\/\/radiorevelacionfm.cl\/?p=9567"},"modified":"2021-10-12T19:05:50","modified_gmt":"2021-10-12T22:05:50","slug":"diputado-calisto-si-el-gobierno-no-presenta-un-marco-regulatorio-en-una-semana-sera-complice-del-abuso-de-las-empresas-del-gas","status":"publish","type":"post","link":"https:\/\/radiorevelacionfm.cl\/?p=9567","title":{"rendered":"Diputado Calisto por posible colusi\u00f3n: \u201cSi el Gobierno no presenta un marco regulatorio en una semana, ser\u00e1 c\u00f3mplice del abuso de las empresas del gas\u201d"},"content":{"rendered":"<div class=\"flex_column av_one_full  flex_column_div av-zero-column-padding first  avia-builder-el-0  el_before_av_one_full  avia-builder-el-first  \" style='border-radius:0px; '><div  class='avia-image-container  av-styling-    avia-builder-el-1  avia-builder-el-no-sibling  avia-align-center '  itemprop=\"image\" itemscope=\"itemscope\" itemtype=\"https:\/\/schema.org\/ImageObject\"  ><div class='avia-image-container-inner'><div class='avia-image-overlay-wrap'><img decoding=\"async\" class='wp-image-9568 avia-img-lazy-loading-not-9568 avia_image' src=\"https:\/\/radiorevelacionfm.cl\/wp-content\/uploads\/2021\/10\/CALISTO-COMISION-GAS-1-1.jpg\" alt='' title='CALISTO COMISI\u00d3N GAS (1) (1)' height=\"600\" width=\"800\"  itemprop=\"thumbnailUrl\" srcset=\"https:\/\/radiorevelacionfm.cl\/wp-content\/uploads\/2021\/10\/CALISTO-COMISION-GAS-1-1.jpg 800w, https:\/\/radiorevelacionfm.cl\/wp-content\/uploads\/2021\/10\/CALISTO-COMISION-GAS-1-1-300x225.jpg 300w, https:\/\/radiorevelacionfm.cl\/wp-content\/uploads\/2021\/10\/CALISTO-COMISION-GAS-1-1-768x576.jpg 768w, https:\/\/radiorevelacionfm.cl\/wp-content\/uploads\/2021\/10\/CALISTO-COMISION-GAS-1-1-705x529.jpg 705w, https:\/\/radiorevelacionfm.cl\/wp-content\/uploads\/2021\/10\/CALISTO-COMISION-GAS-1-1-600x450.jpg 600w\" sizes=\"(max-width: 800px) 100vw, 800px\" \/><\/div><\/div><\/div><\/div>\n<div class=\"flex_column av_one_full  flex_column_div av-zero-column-padding first  avia-builder-el-2  el_after_av_one_full  el_before_av_one_full  column-top-margin\" style='border-radius:0px; '><section class=\"av_textblock_section \"  itemscope=\"itemscope\" itemtype=\"https:\/\/schema.org\/BlogPosting\" itemprop=\"blogPost\" ><div class='avia_textblock  '   itemprop=\"text\" ><p style=\"text-align: center;\"><strong><span style=\"font-size: 18pt;\">Diputado Calisto por posible colusi\u00f3n: \u201cSi el Gobierno no presenta un marco regulatorio en una semana, ser\u00e1 c\u00f3mplice del abuso de las empresas del gas\u201d<\/span><\/strong><\/p>\n<div id=\"gtx-trans\" style=\"position: absolute; left: -50px; top: 4.31534px;\">\n<div class=\"gtx-trans-icon\"><\/div>\n<\/div>\n<\/div><\/section><\/div><div class=\"flex_column av_one_full  flex_column_div av-zero-column-padding first  avia-builder-el-4  el_after_av_one_full  el_before_av_hr  column-top-margin\" style='border-radius:0px; '><section class=\"av_textblock_section \"  itemscope=\"itemscope\" itemtype=\"https:\/\/schema.org\/BlogPosting\" itemprop=\"blogPost\" ><div class='avia_textblock  '   itemprop=\"text\" ><p style=\"text-align: justify;\">Luego que el Ministro de Energ\u00eda, Juan Carlos Jobet, no entregara una fecha clara sobre la presentaci\u00f3n de un proyecto de ley para regular el mercado del Gas Licuado en su intervenci\u00f3n en la Comisi\u00f3n Investigadora de la C\u00e1mara, el presidente de dicha instancia, diputado Miguel \u00c1ngel Calisto, hizo un llamado al Gobierno a agilizar la presentaci\u00f3n de esta iniciativa, asegurando que \u201csi no presenta este marco regulatorio en una semana, ser\u00e1 c\u00f3mplice del abuso de estas empresas\u201d.<\/p>\n<p style=\"text-align: justify;\">En la sesi\u00f3n de la comisi\u00f3n de este martes, estuvo invitado a exponer el Fiscal Nacional Econ\u00f3mico, Ricardo Riesco, y el Ministro Jobet. Fue en esta instancia cuando se le consult\u00f3 al titular de la cartera por una posible fecha de presentaci\u00f3n de un proyecto de ley.<\/p>\n<p style=\"text-align: justify;\">Seg\u00fan el legislador, \u201chemos conocido nuevamente antecedentes por parte del Fiscal Nacional Econ\u00f3mico, que se\u00f1ala con claridad que a pesar de la baja del precio del petr\u00f3leo en los a\u00f1os 2019 y 2020, las empresas que entregan este servicio en el pa\u00eds, aumentaron su margen de ganancias entre un 34% y un 53%. Estos datos reflejan una cultura del abuso, una cultura de la sinverguenzura y la colusi\u00f3n por parte de estas empresas que entregan gas en Chile\u201d.<\/p>\n<p style=\"text-align: justify;\">Calisto agreg\u00f3 que \u201chacemos un llamado con claridad al Gobierno, para que no ande con tibiezas respecto de un posible proyecto que va a presentar. Nosotros esperamos que en no m\u00e1s de una semana se presente una iniciativa regulatoria para el precio del gas en Chile, tal como existe en Per\u00fa y en Argentina\u201d.<\/p>\n<p style=\"text-align: justify;\">Finalmente, el legislador asegur\u00f3 que \u201chemos comprobado hoy en esta Comisi\u00f3n, que claramente estas empresas se han puesto de acuerdo durante los \u00faltimos 10 a\u00f1os para aumentar el precio de este elemento que es fundamental en la canasta b\u00e1sica familiar\u201d.<\/p>\n<\/div><\/section><\/div><\/p>\n<div  style='height:50px' class='hr hr-invisible   avia-builder-el-6  el_after_av_one_full  el_before_av_social_share '><span class='hr-inner ' ><span class='hr-inner-style'><\/span><\/span><\/div>\n<div  class='av-social-sharing-box  avia-builder-el-7  el_after_av_hr  el_before_av_hr  '><div class='av-share-box'><h5 class='av-share-link-description av-no-toc '>Compartir esta noticia<\/h5><ul class='av-share-box-list noLightbox'><li class='av-share-link av-social-link-facebook' ><a target=\"_blank\" aria-label=\"Compartir en Facebook\" href='https:\/\/www.facebook.com\/sharer.php?u=https:\/\/radiorevelacionfm.cl\/?p=9567&#038;t=Diputado%20Calisto%20por%20posible%20colusi%C3%B3n%3A%20%E2%80%9CSi%20el%20Gobierno%20no%20presenta%20un%20marco%20regulatorio%20en%20una%20semana%2C%20ser%C3%A1%20c%C3%B3mplice%20del%20abuso%20de%20las%20empresas%20del%20gas%E2%80%9D' aria-hidden='false' data-av_icon='\ue8f3' data-av_iconfont='entypo-fontello' title='' data-avia-related-tooltip='Compartir en Facebook' rel=\"noopener\"><span class='avia_hidden_link_text'>Compartir en Facebook<\/span><\/a><\/li><li class='av-share-link av-social-link-twitter' ><a target=\"_blank\" aria-label=\"Compartir en Twitter\" href='https:\/\/twitter.com\/share?text=Diputado%20Calisto%20por%20posible%20colusi%C3%B3n%3A%20%E2%80%9CSi%20el%20Gobierno%20no%20presenta%20un%20marco%20regulatorio%20en%20una%20semana%2C%20ser%C3%A1%20c%C3%B3mplice%20del%20abuso%20de%20las%20empresas%20del%20gas%E2%80%9D&#038;url=https:\/\/radiorevelacionfm.cl\/?p=9567' aria-hidden='false' data-av_icon='\ue8f1' data-av_iconfont='entypo-fontello' title='' data-avia-related-tooltip='Compartir en Twitter' rel=\"noopener\"><span class='avia_hidden_link_text'>Compartir en Twitter<\/span><\/a><\/li><li class='av-share-link av-social-link-whatsapp' ><a target=\"_blank\" aria-label=\"Compartir en Whatsapp\" href='https:\/\/api.whatsapp.com\/send?text=https:\/\/radiorevelacionfm.cl\/?p=9567' aria-hidden='false' data-av_icon='\uf232' data-av_iconfont='entypo-fontello' title='' data-avia-related-tooltip='Compartir en Whatsapp' rel=\"noopener\"><span class='avia_hidden_link_text'>Compartir en Whatsapp<\/span><\/a><\/li><li class='av-share-link av-social-link-linkedin' ><a target=\"_blank\" aria-label=\"Compartir en LinkedIn\" href='https:\/\/linkedin.com\/shareArticle?mini=true&#038;title=Diputado%20Calisto%20por%20posible%20colusi%C3%B3n%3A%20%E2%80%9CSi%20el%20Gobierno%20no%20presenta%20un%20marco%20regulatorio%20en%20una%20semana%2C%20ser%C3%A1%20c%C3%B3mplice%20del%20abuso%20de%20las%20empresas%20del%20gas%E2%80%9D&#038;url=https:\/\/radiorevelacionfm.cl\/?p=9567' aria-hidden='false' data-av_icon='\ue8fc' data-av_iconfont='entypo-fontello' title='' data-avia-related-tooltip='Compartir en LinkedIn' rel=\"noopener\"><span class='avia_hidden_link_text'>Compartir en LinkedIn<\/span><\/a><\/li><li class='av-share-link av-social-link-mail' ><a  aria-label=\"Compartir por correo\" href='mailto:?subject=Diputado%20Calisto%20por%20posible%20colusi%C3%B3n%3A%20%E2%80%9CSi%20el%20Gobierno%20no%20presenta%20un%20marco%20regulatorio%20en%20una%20semana%2C%20ser%C3%A1%20c%C3%B3mplice%20del%20abuso%20de%20las%20empresas%20del%20gas%E2%80%9D&#038;body=https:\/\/radiorevelacionfm.cl\/?p=9567' aria-hidden='false' data-av_icon='\ue805' data-av_iconfont='entypo-fontello' title='' data-avia-related-tooltip='Compartir por correo'><span class='avia_hidden_link_text'>Compartir por correo<\/span><\/a><\/li><\/ul><\/div><\/div>\n<div  style='height:50px' class='hr hr-invisible   avia-builder-el-8  el_after_av_social_share  el_before_av_comments_list '><span class='hr-inner ' ><span class='hr-inner-style'><\/span><\/span><\/div>\n<div  class='av-buildercomment  av-blog-meta-html-info-disabled av-blog-meta-tag-disabled  '><\/div>\n","protected":false},"excerpt":{"rendered":"","protected":false},"author":1,"featured_media":9568,"comment_status":"open","ping_status":"open","sticky":false,"template":"","format":"standard","meta":{"footnotes":""},"categories":[35],"tags":[],"class_list":["post-9567","post","type-post","status-publish","format-standard","has-post-thumbnail","hentry","category-politica"],"jetpack_featured_media_url":"https:\/\/radiorevelacionfm.cl\/wp-content\/uploads\/2021\/10\/CALISTO-COMISION-GAS-1-1.jpg","_links":{"self":[{"href":"https:\/\/radiorevelacionfm.cl\/index.php?rest_route=\/wp\/v2\/posts\/9567","targetHints":{"allow":["GET"]}}],"collection":[{"href":"https:\/\/radiorevelacionfm.cl\/index.php?rest_route=\/wp\/v2\/posts"}],"about":[{"href":"https:\/\/radiorevelacionfm.cl\/index.php?rest_route=\/wp\/v2\/types\/post"}],"author":[{"embeddable":true,"href":"https:\/\/radiorevelacionfm.cl\/index.php?rest_route=\/wp\/v2\/users\/1"}],"replies":[{"embeddable":true,"href":"https:\/\/radiorevelacionfm.cl\/index.php?rest_route=%2Fwp%2Fv2%2Fcomments&post=9567"}],"version-history":[{"count":2,"href":"https:\/\/radiorevelacionfm.cl\/index.php?rest_route=\/wp\/v2\/posts\/9567\/revisions"}],"predecessor-version":[{"id":9570,"href":"https:\/\/radiorevelacionfm.cl\/index.php?rest_route=\/wp\/v2\/posts\/9567\/revisions\/9570"}],"wp:featuredmedia":[{"embeddable":true,"href":"https:\/\/radiorevelacionfm.cl\/index.php?rest_route=\/wp\/v2\/media\/9568"}],"wp:attachment":[{"href":"https:\/\/radiorevelacionfm.cl\/index.php?rest_route=%2Fwp%2Fv2%2Fmedia&parent=9567"}],"wp:term":[{"taxonomy":"category","embeddable":true,"href":"https:\/\/radiorevelacionfm.cl\/index.php?rest_route=%2Fwp%2Fv2%2Fcategories&post=9567"},{"taxonomy":"post_tag","embeddable":true,"href":"https:\/\/radiorevelacionfm.cl\/index.php?rest_route=%2Fwp%2Fv2%2Ftags&post=9567"}],"curies":[{"name":"wp","href":"https:\/\/api.w.org\/{rel}","templated":true}]}}