{"id":9563,"date":"2021-10-12T16:37:53","date_gmt":"2021-10-12T19:37:53","guid":{"rendered":"https:\/\/radiorevelacionfm.cl\/?p=9563"},"modified":"2021-10-12T16:37:53","modified_gmt":"2021-10-12T19:37:53","slug":"diputado-alinco-llamo-al-senador-a-aprobar-el-cuarto-retiro-porque-la-gente-de-aysen-se-lo-esta-pidiendo-y-se-lo-estan-exigiendo","status":"publish","type":"post","link":"https:\/\/radiorevelacionfm.cl\/?p=9563","title":{"rendered":"Diputado Alinco: \u201cLlamo al senador a aprobar el cuarto retiro porque la gente de Ays\u00e9n se lo est\u00e1 pidiendo y se lo est\u00e1n exigiendo\u201d"},"content":{"rendered":"<div class=\"flex_column av_one_full  flex_column_div av-zero-column-padding first  avia-builder-el-0  el_before_av_one_full  avia-builder-el-first  \" style='border-radius:0px; '><div  class='avia-image-container  av-styling-    avia-builder-el-1  avia-builder-el-no-sibling  avia-align-center '  itemprop=\"image\" itemscope=\"itemscope\" itemtype=\"https:\/\/schema.org\/ImageObject\"  ><div class='avia-image-container-inner'><div class='avia-image-overlay-wrap'><img decoding=\"async\" class='wp-image-9217 avia-img-lazy-loading-not-9217 avia_image' src=\"https:\/\/radiorevelacionfm.cl\/wp-content\/uploads\/2021\/10\/Diputado-Alinco_1-1-1.jpg\" alt='' title='Diputado Alinco_(1) (1) (1)' height=\"600\" width=\"800\"  itemprop=\"thumbnailUrl\" srcset=\"https:\/\/radiorevelacionfm.cl\/wp-content\/uploads\/2021\/10\/Diputado-Alinco_1-1-1.jpg 800w, https:\/\/radiorevelacionfm.cl\/wp-content\/uploads\/2021\/10\/Diputado-Alinco_1-1-1-300x225.jpg 300w, https:\/\/radiorevelacionfm.cl\/wp-content\/uploads\/2021\/10\/Diputado-Alinco_1-1-1-768x576.jpg 768w, https:\/\/radiorevelacionfm.cl\/wp-content\/uploads\/2021\/10\/Diputado-Alinco_1-1-1-705x529.jpg 705w, https:\/\/radiorevelacionfm.cl\/wp-content\/uploads\/2021\/10\/Diputado-Alinco_1-1-1-600x450.jpg 600w\" sizes=\"(max-width: 800px) 100vw, 800px\" \/><\/div><\/div><\/div><\/div><div class=\"flex_column av_one_full  flex_column_div av-zero-column-padding first  avia-builder-el-2  el_after_av_one_full  el_before_av_one_full  column-top-margin\" style='border-radius:0px; '><section class=\"av_textblock_section \"  itemscope=\"itemscope\" itemtype=\"https:\/\/schema.org\/BlogPosting\" itemprop=\"blogPost\" ><div class='avia_textblock  '   itemprop=\"text\" ><p style=\"text-align: center;\"><span style=\"font-size: 18pt;\"><strong>Diputado Alinco: \u201cLlamo al senador a aprobar el cuarto retiro porque la gente de Ays\u00e9n se lo est\u00e1 pidiendo y se lo est\u00e1n exigiendo\u201d<\/strong><\/span><\/p>\n<div id=\"gtx-trans\" style=\"position: absolute; left: -50px; top: 4.31534px;\">\n<div class=\"gtx-trans-icon\"><\/div>\n<\/div>\n<\/div><\/section><\/div><div class=\"flex_column av_one_full  flex_column_div av-zero-column-padding first  avia-builder-el-4  el_after_av_one_full  el_before_av_hr  column-top-margin\" style='border-radius:0px; '><section class=\"av_textblock_section \"  itemscope=\"itemscope\" itemtype=\"https:\/\/schema.org\/BlogPosting\" itemprop=\"blogPost\" ><div class='avia_textblock  '   itemprop=\"text\" ><p style=\"text-align: justify;\">El 28 de septiembre se aprob\u00f3 por 94 votos a favor, 39 en contra, y 9 abstenciones, el cuarto retiro del 10 % en la C\u00e1mara de Diputadas y Diputados, proyecto que pas\u00f3 al Senado donde ya ha iniciado su discusi\u00f3n en la comisi\u00f3n Constituci\u00f3n. \u00a0Tal como destacan los medios de comunicaci\u00f3n a nivel nacional, hasta ahora, este es el retiro que se ha aprobado con menos votos, pero de todas maneras termin\u00f3 en una derrota para el gobierno y el candidato presidencial oficialista, lo que se ha reflejado en las \u00faltimas encuestas.<\/p>\n<p style=\"text-align: justify;\">Es m\u00e1s, en su paso al Senado, se empez\u00f3 a especular sobre cu\u00e1ntos parlamentarios ya han comprometido su voto y quienes est\u00e1n en contra, o de plano, indecisos.<\/p>\n<p style=\"text-align: justify;\">De los cinco parlamentarios de la regi\u00f3n, el diputado Ren\u00e9 Alinco junto a su par Calisto votaron a favor, en tanto, la diputada RN, Aracely Leuqu\u00e9n no asisti\u00f3 a la votaci\u00f3n por temas de salud por lo que no se cont\u00f3 con su aprobaci\u00f3n. Ahora que el proyecto est\u00e1 en manos del Senado, los representantes de Ays\u00e9n en la C\u00e1mara Alta, ya deber\u00edan tener una definici\u00f3n, tal como Ximena \u00d3rdenes, quien ya indic\u00f3 que votar\u00e1 a favor de la iniciativa, caso contrario es lo que ocurre con David Sandoval, quien hasta hoy, 14 d\u00edas despu\u00e9s de la aprobaci\u00f3n del proyecto en la C\u00e1mara de Diputados, a\u00fan se muestra en reflexi\u00f3n.<\/p>\n<p style=\"text-align: justify;\">Ante esta situaci\u00f3n, el parlamentario Ren\u00e9 Alinco envi\u00f3 un mensaje directo, se\u00f1alando que \u201cquiero hacer un llamado al senador David Sandoval Plaza, senador de la regi\u00f3n de Ays\u00e9n, quien est\u00e1 cuestionando o est\u00e1 pensando su voto\u201d, coment\u00f3 el congresista, enfatizando en la reflexi\u00f3n se\u00f1alada por el senador. \u201c\u00c9l dice que su aprobaci\u00f3n del cuarto retiro depende si el IFE llega hasta diciembre o no, y la verdad es que una cosa no tiene nada que ver con la otra; por lo tanto, llamo al senador a aprobar el cuarto retiro porque la gente de Ays\u00e9n se lo est\u00e1 pidiendo y se lo est\u00e1n exigiendo\u201d, remarc\u00f3 Alinco Bustos.<\/p>\n<p style=\"text-align: justify;\">Asimismo, el diputado le record\u00f3 al senador que durante la semana pasada se realizaron dos manifestaciones que tuvieron como tema central, exigirle a David Sandoval que apruebe este proyecto demandado por muchos a nivel nacional.<\/p>\n<\/div><\/section><\/div><div  style='height:50px' class='hr hr-invisible   avia-builder-el-6  el_after_av_one_full  el_before_av_social_share '><span class='hr-inner ' ><span class='hr-inner-style'><\/span><\/span><\/div><\/p>\n<div  class='av-social-sharing-box  avia-builder-el-7  el_after_av_hr  el_before_av_hr  '><div class='av-share-box'><h5 class='av-share-link-description av-no-toc '>Compartir esta noticia<\/h5><ul class='av-share-box-list noLightbox'><li class='av-share-link av-social-link-facebook' ><a target=\"_blank\" aria-label=\"Compartir en Facebook\" href='https:\/\/www.facebook.com\/sharer.php?u=https:\/\/radiorevelacionfm.cl\/?p=9563&#038;t=Diputado%20Alinco%3A%20%E2%80%9CLlamo%20al%20senador%20a%20aprobar%20el%20cuarto%20retiro%20porque%20la%20gente%20de%20Ays%C3%A9n%20se%20lo%20est%C3%A1%20pidiendo%20y%20se%20lo%20est%C3%A1n%20exigiendo%E2%80%9D' aria-hidden='false' data-av_icon='\ue8f3' data-av_iconfont='entypo-fontello' title='' data-avia-related-tooltip='Compartir en Facebook' rel=\"noopener\"><span class='avia_hidden_link_text'>Compartir en Facebook<\/span><\/a><\/li><li class='av-share-link av-social-link-twitter' ><a target=\"_blank\" aria-label=\"Compartir en Twitter\" href='https:\/\/twitter.com\/share?text=Diputado%20Alinco%3A%20%E2%80%9CLlamo%20al%20senador%20a%20aprobar%20el%20cuarto%20retiro%20porque%20la%20gente%20de%20Ays%C3%A9n%20se%20lo%20est%C3%A1%20pidiendo%20y%20se%20lo%20est%C3%A1n%20exigiendo%E2%80%9D&#038;url=https:\/\/radiorevelacionfm.cl\/?p=9563' aria-hidden='false' data-av_icon='\ue8f1' data-av_iconfont='entypo-fontello' title='' data-avia-related-tooltip='Compartir en Twitter' rel=\"noopener\"><span class='avia_hidden_link_text'>Compartir en Twitter<\/span><\/a><\/li><li class='av-share-link av-social-link-whatsapp' ><a target=\"_blank\" aria-label=\"Compartir en Whatsapp\" href='https:\/\/api.whatsapp.com\/send?text=https:\/\/radiorevelacionfm.cl\/?p=9563' aria-hidden='false' data-av_icon='\uf232' data-av_iconfont='entypo-fontello' title='' data-avia-related-tooltip='Compartir en Whatsapp' rel=\"noopener\"><span class='avia_hidden_link_text'>Compartir en Whatsapp<\/span><\/a><\/li><li class='av-share-link av-social-link-linkedin' ><a target=\"_blank\" aria-label=\"Compartir en LinkedIn\" href='https:\/\/linkedin.com\/shareArticle?mini=true&#038;title=Diputado%20Alinco%3A%20%E2%80%9CLlamo%20al%20senador%20a%20aprobar%20el%20cuarto%20retiro%20porque%20la%20gente%20de%20Ays%C3%A9n%20se%20lo%20est%C3%A1%20pidiendo%20y%20se%20lo%20est%C3%A1n%20exigiendo%E2%80%9D&#038;url=https:\/\/radiorevelacionfm.cl\/?p=9563' aria-hidden='false' data-av_icon='\ue8fc' data-av_iconfont='entypo-fontello' title='' data-avia-related-tooltip='Compartir en LinkedIn' rel=\"noopener\"><span class='avia_hidden_link_text'>Compartir en LinkedIn<\/span><\/a><\/li><li class='av-share-link av-social-link-mail' ><a  aria-label=\"Compartir por correo\" href='mailto:?subject=Diputado%20Alinco%3A%20%E2%80%9CLlamo%20al%20senador%20a%20aprobar%20el%20cuarto%20retiro%20porque%20la%20gente%20de%20Ays%C3%A9n%20se%20lo%20est%C3%A1%20pidiendo%20y%20se%20lo%20est%C3%A1n%20exigiendo%E2%80%9D&#038;body=https:\/\/radiorevelacionfm.cl\/?p=9563' aria-hidden='false' data-av_icon='\ue805' data-av_iconfont='entypo-fontello' title='' data-avia-related-tooltip='Compartir por correo'><span class='avia_hidden_link_text'>Compartir por correo<\/span><\/a><\/li><\/ul><\/div><\/div>\n<div  style='height:50px' class='hr hr-invisible   avia-builder-el-8  el_after_av_social_share  el_before_av_comments_list '><span class='hr-inner ' ><span class='hr-inner-style'><\/span><\/span><\/div>\n<div  class='av-buildercomment  av-blog-meta-html-info-disabled av-blog-meta-tag-disabled  '><\/div>\n","protected":false},"excerpt":{"rendered":"","protected":false},"author":1,"featured_media":9217,"comment_status":"open","ping_status":"open","sticky":false,"template":"","format":"standard","meta":{"footnotes":""},"categories":[35],"tags":[],"class_list":["post-9563","post","type-post","status-publish","format-standard","has-post-thumbnail","hentry","category-politica"],"jetpack_featured_media_url":"https:\/\/radiorevelacionfm.cl\/wp-content\/uploads\/2021\/10\/Diputado-Alinco_1-1-1.jpg","_links":{"self":[{"href":"https:\/\/radiorevelacionfm.cl\/index.php?rest_route=\/wp\/v2\/posts\/9563","targetHints":{"allow":["GET"]}}],"collection":[{"href":"https:\/\/radiorevelacionfm.cl\/index.php?rest_route=\/wp\/v2\/posts"}],"about":[{"href":"https:\/\/radiorevelacionfm.cl\/index.php?rest_route=\/wp\/v2\/types\/post"}],"author":[{"embeddable":true,"href":"https:\/\/radiorevelacionfm.cl\/index.php?rest_route=\/wp\/v2\/users\/1"}],"replies":[{"embeddable":true,"href":"https:\/\/radiorevelacionfm.cl\/index.php?rest_route=%2Fwp%2Fv2%2Fcomments&post=9563"}],"version-history":[{"count":1,"href":"https:\/\/radiorevelacionfm.cl\/index.php?rest_route=\/wp\/v2\/posts\/9563\/revisions"}],"predecessor-version":[{"id":9564,"href":"https:\/\/radiorevelacionfm.cl\/index.php?rest_route=\/wp\/v2\/posts\/9563\/revisions\/9564"}],"wp:featuredmedia":[{"embeddable":true,"href":"https:\/\/radiorevelacionfm.cl\/index.php?rest_route=\/wp\/v2\/media\/9217"}],"wp:attachment":[{"href":"https:\/\/radiorevelacionfm.cl\/index.php?rest_route=%2Fwp%2Fv2%2Fmedia&parent=9563"}],"wp:term":[{"taxonomy":"category","embeddable":true,"href":"https:\/\/radiorevelacionfm.cl\/index.php?rest_route=%2Fwp%2Fv2%2Fcategories&post=9563"},{"taxonomy":"post_tag","embeddable":true,"href":"https:\/\/radiorevelacionfm.cl\/index.php?rest_route=%2Fwp%2Fv2%2Ftags&post=9563"}],"curies":[{"name":"wp","href":"https:\/\/api.w.org\/{rel}","templated":true}]}}