{"id":9558,"date":"2021-10-12T16:22:05","date_gmt":"2021-10-12T19:22:05","guid":{"rendered":"https:\/\/radiorevelacionfm.cl\/?p=9558"},"modified":"2021-10-12T16:22:05","modified_gmt":"2021-10-12T19:22:05","slug":"campesinos-de-lago-verde-se-informan-sobre-proyectos-de-riego-y-aprovechamiento-de-agua","status":"publish","type":"post","link":"https:\/\/radiorevelacionfm.cl\/?p=9558","title":{"rendered":"Campesinos de Lago Verde se informan sobre proyectos de riego y aprovechamiento de agua"},"content":{"rendered":"<div class=\"flex_column av_one_full  flex_column_div av-zero-column-padding first  avia-builder-el-0  el_before_av_one_full  avia-builder-el-first  \" style='border-radius:0px; '><div  class='avia-image-container  av-styling-    avia-builder-el-1  avia-builder-el-no-sibling  avia-align-center '  itemprop=\"image\" itemscope=\"itemscope\" itemtype=\"https:\/\/schema.org\/ImageObject\"  ><div class='avia-image-container-inner'><div class='avia-image-overlay-wrap'><img decoding=\"async\" class='wp-image-9561 avia-img-lazy-loading-not-9561 avia_image' src=\"https:\/\/radiorevelacionfm.cl\/wp-content\/uploads\/2021\/10\/reunion-programa-riego-0-1_optimized.jpg\" alt='' title='reunion-programa-riego-0-(1)_optimized' height=\"600\" width=\"974\"  itemprop=\"thumbnailUrl\" srcset=\"https:\/\/radiorevelacionfm.cl\/wp-content\/uploads\/2021\/10\/reunion-programa-riego-0-1_optimized.jpg 974w, https:\/\/radiorevelacionfm.cl\/wp-content\/uploads\/2021\/10\/reunion-programa-riego-0-1_optimized-300x185.jpg 300w, https:\/\/radiorevelacionfm.cl\/wp-content\/uploads\/2021\/10\/reunion-programa-riego-0-1_optimized-768x473.jpg 768w, https:\/\/radiorevelacionfm.cl\/wp-content\/uploads\/2021\/10\/reunion-programa-riego-0-1_optimized-705x434.jpg 705w, https:\/\/radiorevelacionfm.cl\/wp-content\/uploads\/2021\/10\/reunion-programa-riego-0-1_optimized-600x370.jpg 600w\" sizes=\"(max-width: 974px) 100vw, 974px\" \/><\/div><\/div><\/div><\/div><div class=\"flex_column av_one_full  flex_column_div av-zero-column-padding first  avia-builder-el-2  el_after_av_one_full  el_before_av_one_full  column-top-margin\" style='border-radius:0px; '><section class=\"av_textblock_section \"  itemscope=\"itemscope\" itemtype=\"https:\/\/schema.org\/BlogPosting\" itemprop=\"blogPost\" ><div class='avia_textblock  '   itemprop=\"text\" ><p style=\"text-align: center;\"><strong><span style=\"font-size: 18pt;\">Campesinos de Lago Verde se informan sobre proyectos de riego y aprovechamiento de agua<\/span><\/strong><\/p>\n<div id=\"gtx-trans\" style=\"position: absolute; left: -50px; top: 4.31534px;\">\n<div class=\"gtx-trans-icon\"><\/div>\n<\/div>\n<\/div><\/section><\/div><div class=\"flex_column av_one_full  flex_column_div av-zero-column-padding first  avia-builder-el-4  el_after_av_one_full  el_before_av_hr  column-top-margin\" style='border-radius:0px; '><section class=\"av_textblock_section \"  itemscope=\"itemscope\" itemtype=\"https:\/\/schema.org\/BlogPosting\" itemprop=\"blogPost\" ><div class='avia_textblock  '   itemprop=\"text\" ><p style=\"text-align: justify;\">La Ilustre Municipalidad de Lago Verde en conjunto con INDAP, realizaron recientemente en Villa Amengual una reuni\u00f3n informativa dirigida a campesinos de todo el territorio, en base a incentivos para optar a proyectos de riego, solicitudes de aprovechamiento de agua, entre otras materias.<\/p>\n<p style=\"text-align: justify;\">El encuentro tuvo una importante convocatoria, debido a los puntos que se abordaron en base al programa de riego que posee el Instituto de Desarrollo Agropecuario. Tal como lo destac\u00f3 el Alcalde, Nelson Opazo L\u00f3pez.<\/p>\n<p style=\"text-align: justify;\">\u201cIniciar este programa es de real importancia, porque aborda un tema que en estos tiempos que corren aparece como fundamental y que es el tema del agua. El agua para consumo humano, para generaci\u00f3n de energ\u00eda, para la vida en general, es de vital importancia y poder intervenir en esta \u00e1rea, claramente al mundo campesino le abre puertas a la competitividad en general, dado que apunta a mejor la producci\u00f3n en los diversos \u00e1mbitos. Desde el punto de vista ganadero, desde el punto de vista de la agricultura en general, apunta directamente tambi\u00e9n a lo que significa el consumo humano y con ello una instalaci\u00f3n adecuada\u201d.<\/p>\n<p style=\"text-align: justify;\">En tanto, Ariel Moraga, encargado programa de riego de INDAP, relev\u00f3 lo importante de la instancia de dialogo con los campesinos, ya que, ponen ante ellos posibilidades de asesor\u00eda, con el fin de que obtengan los beneficios en torno al fortalecimiento en el programa de riego y drenaje que lleva adelante este servicio.<\/p>\n<p style=\"text-align: justify;\">\u201cEl programa que hemos presentado hoy d\u00eda es de fortalecimiento de riego y drenaje para los usuarios de la comuna de Lago Verde, tiene que ver con el apoyo en la asesor\u00eda en torno a los derechos de agua y asesor\u00eda en lo que tiene que ver con el desarrollo de inversiones en base al uso de los derechos de agua. Adem\u00e1s, todo lo que es infraestructura predial asociado a riego, a bebida animal, a uso dom\u00e9stico\u201d.<\/p>\n<p style=\"text-align: justify;\">La administraci\u00f3n del Alcalde Nelson Opazo, ha mantenido entre sus prioridades el apoyo y trabajo directo con los campesinos, quienes son un motor importante en la econom\u00eda familiar y en la extensi\u00f3n de toda la comuna de Lago Verde.<\/p>\n<\/div><\/section><\/div><div  style='height:50px' class='hr hr-invisible   avia-builder-el-6  el_after_av_one_full  el_before_av_social_share '><span class='hr-inner ' ><span class='hr-inner-style'><\/span><\/span><\/div><\/p>\n<div  class='av-social-sharing-box  avia-builder-el-7  el_after_av_hr  el_before_av_hr  '><div class='av-share-box'><h5 class='av-share-link-description av-no-toc '>Compartir esta noticia<\/h5><ul class='av-share-box-list noLightbox'><li class='av-share-link av-social-link-facebook' ><a target=\"_blank\" aria-label=\"Compartir en Facebook\" href='https:\/\/www.facebook.com\/sharer.php?u=https:\/\/radiorevelacionfm.cl\/?p=9558&#038;t=Campesinos%20de%20Lago%20Verde%20se%20informan%20sobre%20proyectos%20de%20riego%20y%20aprovechamiento%20de%20agua' aria-hidden='false' data-av_icon='\ue8f3' data-av_iconfont='entypo-fontello' title='' data-avia-related-tooltip='Compartir en Facebook' rel=\"noopener\"><span class='avia_hidden_link_text'>Compartir en Facebook<\/span><\/a><\/li><li class='av-share-link av-social-link-twitter' ><a target=\"_blank\" aria-label=\"Compartir en Twitter\" href='https:\/\/twitter.com\/share?text=Campesinos%20de%20Lago%20Verde%20se%20informan%20sobre%20proyectos%20de%20riego%20y%20aprovechamiento%20de%20agua&#038;url=https:\/\/radiorevelacionfm.cl\/?p=9558' aria-hidden='false' data-av_icon='\ue8f1' data-av_iconfont='entypo-fontello' title='' data-avia-related-tooltip='Compartir en Twitter' rel=\"noopener\"><span class='avia_hidden_link_text'>Compartir en Twitter<\/span><\/a><\/li><li class='av-share-link av-social-link-whatsapp' ><a target=\"_blank\" aria-label=\"Compartir en Whatsapp\" href='https:\/\/api.whatsapp.com\/send?text=https:\/\/radiorevelacionfm.cl\/?p=9558' aria-hidden='false' data-av_icon='\uf232' data-av_iconfont='entypo-fontello' title='' data-avia-related-tooltip='Compartir en Whatsapp' rel=\"noopener\"><span class='avia_hidden_link_text'>Compartir en Whatsapp<\/span><\/a><\/li><li class='av-share-link av-social-link-linkedin' ><a target=\"_blank\" aria-label=\"Compartir en LinkedIn\" href='https:\/\/linkedin.com\/shareArticle?mini=true&#038;title=Campesinos%20de%20Lago%20Verde%20se%20informan%20sobre%20proyectos%20de%20riego%20y%20aprovechamiento%20de%20agua&#038;url=https:\/\/radiorevelacionfm.cl\/?p=9558' aria-hidden='false' data-av_icon='\ue8fc' data-av_iconfont='entypo-fontello' title='' data-avia-related-tooltip='Compartir en LinkedIn' rel=\"noopener\"><span class='avia_hidden_link_text'>Compartir en LinkedIn<\/span><\/a><\/li><li class='av-share-link av-social-link-mail' ><a  aria-label=\"Compartir por correo\" href='mailto:?subject=Campesinos%20de%20Lago%20Verde%20se%20informan%20sobre%20proyectos%20de%20riego%20y%20aprovechamiento%20de%20agua&#038;body=https:\/\/radiorevelacionfm.cl\/?p=9558' aria-hidden='false' data-av_icon='\ue805' data-av_iconfont='entypo-fontello' title='' data-avia-related-tooltip='Compartir por correo'><span class='avia_hidden_link_text'>Compartir por correo<\/span><\/a><\/li><\/ul><\/div><\/div>\n<div  style='height:50px' class='hr hr-invisible   avia-builder-el-8  el_after_av_social_share  el_before_av_comments_list '><span class='hr-inner ' ><span class='hr-inner-style'><\/span><\/span><\/div>\n<div  class='av-buildercomment  av-blog-meta-html-info-disabled av-blog-meta-tag-disabled  '><\/div>\n","protected":false},"excerpt":{"rendered":"","protected":false},"author":1,"featured_media":9561,"comment_status":"open","ping_status":"open","sticky":false,"template":"","format":"standard","meta":{"footnotes":""},"categories":[38],"tags":[],"class_list":["post-9558","post","type-post","status-publish","format-standard","has-post-thumbnail","hentry","category-regional"],"jetpack_featured_media_url":"https:\/\/radiorevelacionfm.cl\/wp-content\/uploads\/2021\/10\/reunion-programa-riego-0-1_optimized.jpg","_links":{"self":[{"href":"https:\/\/radiorevelacionfm.cl\/index.php?rest_route=\/wp\/v2\/posts\/9558","targetHints":{"allow":["GET"]}}],"collection":[{"href":"https:\/\/radiorevelacionfm.cl\/index.php?rest_route=\/wp\/v2\/posts"}],"about":[{"href":"https:\/\/radiorevelacionfm.cl\/index.php?rest_route=\/wp\/v2\/types\/post"}],"author":[{"embeddable":true,"href":"https:\/\/radiorevelacionfm.cl\/index.php?rest_route=\/wp\/v2\/users\/1"}],"replies":[{"embeddable":true,"href":"https:\/\/radiorevelacionfm.cl\/index.php?rest_route=%2Fwp%2Fv2%2Fcomments&post=9558"}],"version-history":[{"count":1,"href":"https:\/\/radiorevelacionfm.cl\/index.php?rest_route=\/wp\/v2\/posts\/9558\/revisions"}],"predecessor-version":[{"id":9562,"href":"https:\/\/radiorevelacionfm.cl\/index.php?rest_route=\/wp\/v2\/posts\/9558\/revisions\/9562"}],"wp:featuredmedia":[{"embeddable":true,"href":"https:\/\/radiorevelacionfm.cl\/index.php?rest_route=\/wp\/v2\/media\/9561"}],"wp:attachment":[{"href":"https:\/\/radiorevelacionfm.cl\/index.php?rest_route=%2Fwp%2Fv2%2Fmedia&parent=9558"}],"wp:term":[{"taxonomy":"category","embeddable":true,"href":"https:\/\/radiorevelacionfm.cl\/index.php?rest_route=%2Fwp%2Fv2%2Fcategories&post=9558"},{"taxonomy":"post_tag","embeddable":true,"href":"https:\/\/radiorevelacionfm.cl\/index.php?rest_route=%2Fwp%2Fv2%2Ftags&post=9558"}],"curies":[{"name":"wp","href":"https:\/\/api.w.org\/{rel}","templated":true}]}}