{"id":9551,"date":"2021-10-12T10:48:59","date_gmt":"2021-10-12T13:48:59","guid":{"rendered":"https:\/\/radiorevelacionfm.cl\/?p=9551"},"modified":"2021-10-12T10:48:59","modified_gmt":"2021-10-12T13:48:59","slug":"inicia-la-segunda-fase-de-la-vacunacion-de-refuerzo-para-personas-que-hayan-sido-inoculadas-con-cualquier-otra-dosis-distinta-a-coronavac","status":"publish","type":"post","link":"https:\/\/radiorevelacionfm.cl\/?p=9551","title":{"rendered":"Inicia la segunda fase de la vacunaci\u00f3n de refuerzo para personas que hayan sido inoculadas con cualquier otra dosis distinta a Coronavac"},"content":{"rendered":"<div class=\"flex_column av_one_full  flex_column_div av-zero-column-padding first  avia-builder-el-0  el_before_av_one_full  avia-builder-el-first  \" style='border-radius:0px; '><div  class='avia-image-container  av-styling-    avia-builder-el-1  avia-builder-el-no-sibling  avia-align-center '  itemprop=\"image\" itemscope=\"itemscope\" itemtype=\"https:\/\/schema.org\/ImageObject\"  ><div class='avia-image-container-inner'><div class='avia-image-overlay-wrap'><img decoding=\"async\" class='wp-image-5279 avia-img-lazy-loading-not-5279 avia_image' src=\"https:\/\/radiorevelacionfm.cl\/wp-content\/uploads\/2021\/06\/vacuna-covid-1-1.jpg\" alt='' title='vacuna-covid (1) (1)' height=\"590\" width=\"994\"  itemprop=\"thumbnailUrl\" srcset=\"https:\/\/radiorevelacionfm.cl\/wp-content\/uploads\/2021\/06\/vacuna-covid-1-1.jpg 994w, https:\/\/radiorevelacionfm.cl\/wp-content\/uploads\/2021\/06\/vacuna-covid-1-1-300x178.jpg 300w, https:\/\/radiorevelacionfm.cl\/wp-content\/uploads\/2021\/06\/vacuna-covid-1-1-768x456.jpg 768w, https:\/\/radiorevelacionfm.cl\/wp-content\/uploads\/2021\/06\/vacuna-covid-1-1-705x418.jpg 705w, https:\/\/radiorevelacionfm.cl\/wp-content\/uploads\/2021\/06\/vacuna-covid-1-1-600x356.jpg 600w\" sizes=\"(max-width: 994px) 100vw, 994px\" \/><\/div><\/div><\/div><\/div><div class=\"flex_column av_one_full  flex_column_div av-zero-column-padding first  avia-builder-el-2  el_after_av_one_full  el_before_av_one_full  column-top-margin\" style='border-radius:0px; '><section class=\"av_textblock_section \"  itemscope=\"itemscope\" itemtype=\"https:\/\/schema.org\/BlogPosting\" itemprop=\"blogPost\" ><div class='avia_textblock  '   itemprop=\"text\" ><p style=\"text-align: center;\"><strong><span style=\"font-size: 18pt;\">Inicia la segunda fase de la vacunaci\u00f3n de refuerzo para personas que hayan sido inoculadas con cualquier otra dosis distinta a Coronavac<\/span><\/strong><\/p>\n<div id=\"gtx-trans\" style=\"position: absolute; left: -50px; top: 4.31534px;\">\n<div class=\"gtx-trans-icon\"><\/div>\n<\/div>\n<\/div><\/section><\/div><div class=\"flex_column av_one_full  flex_column_div av-zero-column-padding first  avia-builder-el-4  el_after_av_one_full  el_before_av_hr  column-top-margin\" style='border-radius:0px; '><section class=\"av_textblock_section \"  itemscope=\"itemscope\" itemtype=\"https:\/\/schema.org\/BlogPosting\" itemprop=\"blogPost\" ><div class='avia_textblock  '   itemprop=\"text\" ><p style=\"text-align: justify;\">La subsecretaria de Salud P\u00fablica, Paula Daza, inform\u00f3 el\u00a0calendario de vacunaci\u00f3n y la aplicaci\u00f3n desde hoy de\u00a0la vacuna\u00a0de refuerzo para aquellos que se han vacunado con otras dosis distintas a la vacuna Coronovac del laboratorio Sinovac.<\/p>\n<p style=\"text-align: justify;\">Hasta ayer se hab\u00edan administrado m\u00e1s de 3.800.000 dosis de refuerzo. Continuando con esta estrategia, desde este martes 12 de octubre, podr\u00e1n vacunarse con su dosis de refuerzo todas las personas de 55 a\u00f1os o m\u00e1s que hayan completado su esquema de vacunaci\u00f3n hasta el 6 de junio, independiente de su vacuna administrada. As\u00ed, quienes hayan completado su esquema hasta esta fecha con vacunas\u00a0 de los laboratorios: Sinovac, Pfizer, Janssen, AstraZeneca, Generium, Moderna, Sinopharm y Cansino; podr\u00e1n vacunarse esta semana con su dosis de refuerzo.<\/p>\n<p style=\"text-align: justify;\">Tambi\u00e9n podr\u00e1n inocularse quienes tienen menos de 55 a\u00f1os y que fueron inoculados con su segunda dosis, o dosis \u00fanica hasta el 21 de marzo, independiente de la vacuna administrada. Adem\u00e1s, se continuar\u00e1 con la administraci\u00f3n de dosis de refuerzo en los menores de 55 a\u00f1os que completaron su esquema de vacunaci\u00f3n con Sinovac hasta el 23 de mayo.<\/p>\n<p style=\"text-align: justify;\">Cabe recordar, adem\u00e1s, que esta semana se continuar\u00e1 con la vacunaci\u00f3n escolar de los ni\u00f1os de 6 a 11 a\u00f1os. Vamos avanzando muy bien con este rango etario, ayer por la tarde llev\u00e1bamos un 45% de los ni\u00f1os vacunados, es decir, casi 697 mil menores inoculados a nivel nacional, se\u00f1al\u00f3 la Subsecretaria.<\/p>\n<\/div><\/section><\/div><div  style='height:50px' class='hr hr-invisible   avia-builder-el-6  el_after_av_one_full  el_before_av_social_share '><span class='hr-inner ' ><span class='hr-inner-style'><\/span><\/span><\/div><\/p>\n<div  class='av-social-sharing-box  avia-builder-el-7  el_after_av_hr  el_before_av_hr  '><div class='av-share-box'><h5 class='av-share-link-description av-no-toc '>Compartir esta noticia<\/h5><ul class='av-share-box-list noLightbox'><li class='av-share-link av-social-link-facebook' ><a target=\"_blank\" aria-label=\"Compartir en Facebook\" href='https:\/\/www.facebook.com\/sharer.php?u=https:\/\/radiorevelacionfm.cl\/?p=9551&#038;t=Inicia%20la%20segunda%20fase%20de%20la%20vacunaci%C3%B3n%20de%20refuerzo%20para%20personas%20que%20hayan%20sido%20inoculadas%20con%20cualquier%20otra%20dosis%20distinta%20a%20Coronavac' aria-hidden='false' data-av_icon='\ue8f3' data-av_iconfont='entypo-fontello' title='' data-avia-related-tooltip='Compartir en Facebook' rel=\"noopener\"><span class='avia_hidden_link_text'>Compartir en Facebook<\/span><\/a><\/li><li class='av-share-link av-social-link-twitter' ><a target=\"_blank\" aria-label=\"Compartir en Twitter\" href='https:\/\/twitter.com\/share?text=Inicia%20la%20segunda%20fase%20de%20la%20vacunaci%C3%B3n%20de%20refuerzo%20para%20personas%20que%20hayan%20sido%20inoculadas%20con%20cualquier%20otra%20dosis%20distinta%20a%20Coronavac&#038;url=https:\/\/radiorevelacionfm.cl\/?p=9551' aria-hidden='false' data-av_icon='\ue8f1' data-av_iconfont='entypo-fontello' title='' data-avia-related-tooltip='Compartir en Twitter' rel=\"noopener\"><span class='avia_hidden_link_text'>Compartir en Twitter<\/span><\/a><\/li><li class='av-share-link av-social-link-whatsapp' ><a target=\"_blank\" aria-label=\"Compartir en Whatsapp\" href='https:\/\/api.whatsapp.com\/send?text=https:\/\/radiorevelacionfm.cl\/?p=9551' aria-hidden='false' data-av_icon='\uf232' data-av_iconfont='entypo-fontello' title='' data-avia-related-tooltip='Compartir en Whatsapp' rel=\"noopener\"><span class='avia_hidden_link_text'>Compartir en Whatsapp<\/span><\/a><\/li><li class='av-share-link av-social-link-linkedin' ><a target=\"_blank\" aria-label=\"Compartir en LinkedIn\" href='https:\/\/linkedin.com\/shareArticle?mini=true&#038;title=Inicia%20la%20segunda%20fase%20de%20la%20vacunaci%C3%B3n%20de%20refuerzo%20para%20personas%20que%20hayan%20sido%20inoculadas%20con%20cualquier%20otra%20dosis%20distinta%20a%20Coronavac&#038;url=https:\/\/radiorevelacionfm.cl\/?p=9551' aria-hidden='false' data-av_icon='\ue8fc' data-av_iconfont='entypo-fontello' title='' data-avia-related-tooltip='Compartir en LinkedIn' rel=\"noopener\"><span class='avia_hidden_link_text'>Compartir en LinkedIn<\/span><\/a><\/li><li class='av-share-link av-social-link-mail' ><a  aria-label=\"Compartir por correo\" href='mailto:?subject=Inicia%20la%20segunda%20fase%20de%20la%20vacunaci%C3%B3n%20de%20refuerzo%20para%20personas%20que%20hayan%20sido%20inoculadas%20con%20cualquier%20otra%20dosis%20distinta%20a%20Coronavac&#038;body=https:\/\/radiorevelacionfm.cl\/?p=9551' aria-hidden='false' data-av_icon='\ue805' data-av_iconfont='entypo-fontello' title='' data-avia-related-tooltip='Compartir por correo'><span class='avia_hidden_link_text'>Compartir por correo<\/span><\/a><\/li><\/ul><\/div><\/div>\n<div  style='height:50px' class='hr hr-invisible   avia-builder-el-8  el_after_av_social_share  el_before_av_comments_list '><span class='hr-inner ' ><span class='hr-inner-style'><\/span><\/span><\/div>\n<div  class='av-buildercomment  av-blog-meta-html-info-disabled av-blog-meta-tag-disabled  '><\/div>\n","protected":false},"excerpt":{"rendered":"","protected":false},"author":1,"featured_media":5279,"comment_status":"open","ping_status":"open","sticky":false,"template":"","format":"standard","meta":{"footnotes":""},"categories":[46],"tags":[],"class_list":["post-9551","post","type-post","status-publish","format-standard","has-post-thumbnail","hentry","category-salud"],"jetpack_featured_media_url":"https:\/\/radiorevelacionfm.cl\/wp-content\/uploads\/2021\/06\/vacuna-covid-1-1.jpg","_links":{"self":[{"href":"https:\/\/radiorevelacionfm.cl\/index.php?rest_route=\/wp\/v2\/posts\/9551","targetHints":{"allow":["GET"]}}],"collection":[{"href":"https:\/\/radiorevelacionfm.cl\/index.php?rest_route=\/wp\/v2\/posts"}],"about":[{"href":"https:\/\/radiorevelacionfm.cl\/index.php?rest_route=\/wp\/v2\/types\/post"}],"author":[{"embeddable":true,"href":"https:\/\/radiorevelacionfm.cl\/index.php?rest_route=\/wp\/v2\/users\/1"}],"replies":[{"embeddable":true,"href":"https:\/\/radiorevelacionfm.cl\/index.php?rest_route=%2Fwp%2Fv2%2Fcomments&post=9551"}],"version-history":[{"count":1,"href":"https:\/\/radiorevelacionfm.cl\/index.php?rest_route=\/wp\/v2\/posts\/9551\/revisions"}],"predecessor-version":[{"id":9552,"href":"https:\/\/radiorevelacionfm.cl\/index.php?rest_route=\/wp\/v2\/posts\/9551\/revisions\/9552"}],"wp:featuredmedia":[{"embeddable":true,"href":"https:\/\/radiorevelacionfm.cl\/index.php?rest_route=\/wp\/v2\/media\/5279"}],"wp:attachment":[{"href":"https:\/\/radiorevelacionfm.cl\/index.php?rest_route=%2Fwp%2Fv2%2Fmedia&parent=9551"}],"wp:term":[{"taxonomy":"category","embeddable":true,"href":"https:\/\/radiorevelacionfm.cl\/index.php?rest_route=%2Fwp%2Fv2%2Fcategories&post=9551"},{"taxonomy":"post_tag","embeddable":true,"href":"https:\/\/radiorevelacionfm.cl\/index.php?rest_route=%2Fwp%2Fv2%2Ftags&post=9551"}],"curies":[{"name":"wp","href":"https:\/\/api.w.org\/{rel}","templated":true}]}}