{"id":9548,"date":"2021-10-12T09:35:46","date_gmt":"2021-10-12T12:35:46","guid":{"rendered":"https:\/\/radiorevelacionfm.cl\/?p=9548"},"modified":"2021-10-12T09:35:46","modified_gmt":"2021-10-12T12:35:46","slug":"federacion-campesina-patagonia-verde-aboga-por-un-nuevo-trato-para-organizaciones-de-base-en-la-region","status":"publish","type":"post","link":"https:\/\/radiorevelacionfm.cl\/?p=9548","title":{"rendered":"Federaci\u00f3n Campesina Patagonia Verde aboga por un nuevo trato para organizaciones de base en la regi\u00f3n"},"content":{"rendered":"<div class=\"flex_column av_one_full  flex_column_div av-zero-column-padding first  avia-builder-el-0  el_before_av_one_full  avia-builder-el-first  \" style='border-radius:0px; '><div  class='avia-image-container  av-styling-    avia-builder-el-1  avia-builder-el-no-sibling  avia-align-center '  itemprop=\"image\" itemscope=\"itemscope\" itemtype=\"https:\/\/schema.org\/ImageObject\"  ><div class='avia-image-container-inner'><div class='avia-image-overlay-wrap'><img decoding=\"async\" class='wp-image-9549 avia-img-lazy-loading-not-9549 avia_image' src=\"https:\/\/radiorevelacionfm.cl\/wp-content\/uploads\/2021\/10\/Federacion-Campesina-2021-10-11-1-1.jpeg\" alt='' title='Federacion Campesina 2021-10-11 (1) (1)' height=\"600\" width=\"802\"  itemprop=\"thumbnailUrl\" srcset=\"https:\/\/radiorevelacionfm.cl\/wp-content\/uploads\/2021\/10\/Federacion-Campesina-2021-10-11-1-1.jpeg 802w, https:\/\/radiorevelacionfm.cl\/wp-content\/uploads\/2021\/10\/Federacion-Campesina-2021-10-11-1-1-300x224.jpeg 300w, https:\/\/radiorevelacionfm.cl\/wp-content\/uploads\/2021\/10\/Federacion-Campesina-2021-10-11-1-1-768x575.jpeg 768w, https:\/\/radiorevelacionfm.cl\/wp-content\/uploads\/2021\/10\/Federacion-Campesina-2021-10-11-1-1-705x527.jpeg 705w, https:\/\/radiorevelacionfm.cl\/wp-content\/uploads\/2021\/10\/Federacion-Campesina-2021-10-11-1-1-600x449.jpeg 600w\" sizes=\"(max-width: 802px) 100vw, 802px\" \/><\/div><\/div><\/div><\/div><div class=\"flex_column av_one_full  flex_column_div av-zero-column-padding first  avia-builder-el-2  el_after_av_one_full  el_before_av_one_full  column-top-margin\" style='border-radius:0px; '><section class=\"av_textblock_section \"  itemscope=\"itemscope\" itemtype=\"https:\/\/schema.org\/BlogPosting\" itemprop=\"blogPost\" ><div class='avia_textblock  '   itemprop=\"text\" ><p style=\"text-align: center;\"><span style=\"font-size: 18pt;\"><b>Federaci\u00f3n Campesina Patagonia Verde aboga por un nuevo trato para organizaciones de base en la regi\u00f3n<\/b><\/span><\/p>\n<div id=\"gtx-trans\" style=\"position: absolute; left: -50px; top: 4.31534px;\">\n<div class=\"gtx-trans-icon\"><\/div>\n<\/div>\n<\/div><\/section><\/div><div class=\"flex_column av_one_full  flex_column_div av-zero-column-padding first  avia-builder-el-4  el_after_av_one_full  el_before_av_hr  column-top-margin\" style='border-radius:0px; '><section class=\"av_textblock_section \"  itemscope=\"itemscope\" itemtype=\"https:\/\/schema.org\/BlogPosting\" itemprop=\"blogPost\" ><div class='avia_textblock  '   itemprop=\"text\" ><p style=\"text-align: justify;\">En dependencias del Gobierno Regional, los miembros de la directiva de la Federaci\u00f3n Campesina Patagonia Verde se reunieron con la m\u00e1xima autoridad regional y miembros del Gabinete Regional para abordar distintas tem\u00e1ticas que afectan a las y los campesinos de la regi\u00f3n.<\/p>\n<p>La Federaci\u00f3n Gremial Agropecuaria y Forestal Ays\u00e9n Patagonia Verde (FEGAFAPV) est\u00e1 conformada por unidades bases, como Asociaciones Gremiales, Cooperativas y Comit\u00e9s Campesinos. Su fundaci\u00f3n data desde el a\u00f1o 2014 y ha logrado representaci\u00f3n de las cuatro provincias de la regi\u00f3n de Ays\u00e9n, con 10 organizaciones campesinas, y convoca a 350 asociados\/as.<\/p>\n<p style=\"text-align: justify;\">\u00abNos reunimos con la Federaci\u00f3n que re\u00fane a m\u00e1s de 10 organizaciones campesinas, donde pudimos escuchar sus principales demandas con miras a mejorar el desarrollo productivo del sector. Sabemos que la econom\u00eda familiar campesina debe ser promovida y por eso reafirmamos nuestro compromiso por velar por el desarrollo rural para todos los hombres y mujeres que habitan la regi\u00f3n\u00bb, afirm\u00f3 la Gobernadora Andrea Mac\u00edas Palma.<\/p>\n<div style=\"text-align: justify;\">\n<p>Con una alta participaci\u00f3n de mujeres rurales dentro de su organizaci\u00f3n, uno de los principales objetivos de la Federaci\u00f3n es la visibilizaci\u00f3n de las demandas territoriales de las y los peque\u00f1as\/os productores campesinas\/os. Por eso para Alejandra Carrillo, la secretaria del directorio, fue tan importante esta primera reuni\u00f3n.<\/p>\n<p>\u00abLa idea de este primer acercamiento con la Gobernadora era hacerle llegar nuestras inquietudes y necesidades como organizaciones campesinas, para que sean consideradas tambi\u00e9n en el plan de trabajo que ella desarrollar\u00e1 durante su periodo\u00bb, sostuvo en la oportunidad.<\/p>\n<p>Para su presidente, Diogenes Cayun, la instancia tambi\u00e9n fue provechosa para conocer en detalle los proyectos del programa de Gobierno de la Gobernadora Regional: \u00abMe permito resaltar y reconocer esta valiosa acci\u00f3n de recibirnos, a esta Federaci\u00f3n que nos permite agrupar a organizaciones base de Ays\u00e9n, Coyhaique, General Carrera y Capit\u00e1n Prat.<\/p>\n<\/div>\n<div style=\"text-align: justify;\">La Federaci\u00f3n y el Gobierno Regional seguir\u00e1n trabajando conjuntamente por las medidas que solicitan las organizaciones, en busca de que el desarrollo de la regi\u00f3n llegue de manera justa a todos y todas.<\/div>\n<\/div><\/section><\/div><div  style='height:50px' class='hr hr-invisible   avia-builder-el-6  el_after_av_one_full  el_before_av_social_share '><span class='hr-inner ' ><span class='hr-inner-style'><\/span><\/span><\/div><\/p>\n<div  class='av-social-sharing-box  avia-builder-el-7  el_after_av_hr  el_before_av_hr  '><div class='av-share-box'><h5 class='av-share-link-description av-no-toc '>Compartir esta noticia<\/h5><ul class='av-share-box-list noLightbox'><li class='av-share-link av-social-link-facebook' ><a target=\"_blank\" aria-label=\"Compartir en Facebook\" href='https:\/\/www.facebook.com\/sharer.php?u=https:\/\/radiorevelacionfm.cl\/?p=9548&#038;t=Federaci%C3%B3n%20Campesina%20Patagonia%20Verde%20aboga%20por%20un%20nuevo%20trato%20para%20organizaciones%20de%20base%20en%20la%20regi%C3%B3n' aria-hidden='false' data-av_icon='\ue8f3' data-av_iconfont='entypo-fontello' title='' data-avia-related-tooltip='Compartir en Facebook' rel=\"noopener\"><span class='avia_hidden_link_text'>Compartir en Facebook<\/span><\/a><\/li><li class='av-share-link av-social-link-twitter' ><a target=\"_blank\" aria-label=\"Compartir en Twitter\" href='https:\/\/twitter.com\/share?text=Federaci%C3%B3n%20Campesina%20Patagonia%20Verde%20aboga%20por%20un%20nuevo%20trato%20para%20organizaciones%20de%20base%20en%20la%20regi%C3%B3n&#038;url=https:\/\/radiorevelacionfm.cl\/?p=9548' aria-hidden='false' data-av_icon='\ue8f1' data-av_iconfont='entypo-fontello' title='' data-avia-related-tooltip='Compartir en Twitter' rel=\"noopener\"><span class='avia_hidden_link_text'>Compartir en Twitter<\/span><\/a><\/li><li class='av-share-link av-social-link-whatsapp' ><a target=\"_blank\" aria-label=\"Compartir en Whatsapp\" href='https:\/\/api.whatsapp.com\/send?text=https:\/\/radiorevelacionfm.cl\/?p=9548' aria-hidden='false' data-av_icon='\uf232' data-av_iconfont='entypo-fontello' title='' data-avia-related-tooltip='Compartir en Whatsapp' rel=\"noopener\"><span class='avia_hidden_link_text'>Compartir en Whatsapp<\/span><\/a><\/li><li class='av-share-link av-social-link-linkedin' ><a target=\"_blank\" aria-label=\"Compartir en LinkedIn\" href='https:\/\/linkedin.com\/shareArticle?mini=true&#038;title=Federaci%C3%B3n%20Campesina%20Patagonia%20Verde%20aboga%20por%20un%20nuevo%20trato%20para%20organizaciones%20de%20base%20en%20la%20regi%C3%B3n&#038;url=https:\/\/radiorevelacionfm.cl\/?p=9548' aria-hidden='false' data-av_icon='\ue8fc' data-av_iconfont='entypo-fontello' title='' data-avia-related-tooltip='Compartir en LinkedIn' rel=\"noopener\"><span class='avia_hidden_link_text'>Compartir en LinkedIn<\/span><\/a><\/li><li class='av-share-link av-social-link-mail' ><a  aria-label=\"Compartir por correo\" href='mailto:?subject=Federaci%C3%B3n%20Campesina%20Patagonia%20Verde%20aboga%20por%20un%20nuevo%20trato%20para%20organizaciones%20de%20base%20en%20la%20regi%C3%B3n&#038;body=https:\/\/radiorevelacionfm.cl\/?p=9548' aria-hidden='false' data-av_icon='\ue805' data-av_iconfont='entypo-fontello' title='' data-avia-related-tooltip='Compartir por correo'><span class='avia_hidden_link_text'>Compartir por correo<\/span><\/a><\/li><\/ul><\/div><\/div>\n<div  style='height:50px' class='hr hr-invisible   avia-builder-el-8  el_after_av_social_share  el_before_av_comments_list '><span class='hr-inner ' ><span class='hr-inner-style'><\/span><\/span><\/div>\n<div  class='av-buildercomment  av-blog-meta-html-info-disabled av-blog-meta-tag-disabled  '><\/div>\n","protected":false},"excerpt":{"rendered":"","protected":false},"author":1,"featured_media":9549,"comment_status":"open","ping_status":"open","sticky":false,"template":"","format":"standard","meta":{"footnotes":""},"categories":[38],"tags":[],"class_list":["post-9548","post","type-post","status-publish","format-standard","has-post-thumbnail","hentry","category-regional"],"jetpack_featured_media_url":"https:\/\/radiorevelacionfm.cl\/wp-content\/uploads\/2021\/10\/Federacion-Campesina-2021-10-11-1-1.jpeg","_links":{"self":[{"href":"https:\/\/radiorevelacionfm.cl\/index.php?rest_route=\/wp\/v2\/posts\/9548","targetHints":{"allow":["GET"]}}],"collection":[{"href":"https:\/\/radiorevelacionfm.cl\/index.php?rest_route=\/wp\/v2\/posts"}],"about":[{"href":"https:\/\/radiorevelacionfm.cl\/index.php?rest_route=\/wp\/v2\/types\/post"}],"author":[{"embeddable":true,"href":"https:\/\/radiorevelacionfm.cl\/index.php?rest_route=\/wp\/v2\/users\/1"}],"replies":[{"embeddable":true,"href":"https:\/\/radiorevelacionfm.cl\/index.php?rest_route=%2Fwp%2Fv2%2Fcomments&post=9548"}],"version-history":[{"count":1,"href":"https:\/\/radiorevelacionfm.cl\/index.php?rest_route=\/wp\/v2\/posts\/9548\/revisions"}],"predecessor-version":[{"id":9550,"href":"https:\/\/radiorevelacionfm.cl\/index.php?rest_route=\/wp\/v2\/posts\/9548\/revisions\/9550"}],"wp:featuredmedia":[{"embeddable":true,"href":"https:\/\/radiorevelacionfm.cl\/index.php?rest_route=\/wp\/v2\/media\/9549"}],"wp:attachment":[{"href":"https:\/\/radiorevelacionfm.cl\/index.php?rest_route=%2Fwp%2Fv2%2Fmedia&parent=9548"}],"wp:term":[{"taxonomy":"category","embeddable":true,"href":"https:\/\/radiorevelacionfm.cl\/index.php?rest_route=%2Fwp%2Fv2%2Fcategories&post=9548"},{"taxonomy":"post_tag","embeddable":true,"href":"https:\/\/radiorevelacionfm.cl\/index.php?rest_route=%2Fwp%2Fv2%2Ftags&post=9548"}],"curies":[{"name":"wp","href":"https:\/\/api.w.org\/{rel}","templated":true}]}}