{"id":9539,"date":"2021-10-11T21:44:38","date_gmt":"2021-10-12T00:44:38","guid":{"rendered":"https:\/\/radiorevelacionfm.cl\/?p=9539"},"modified":"2021-10-12T00:22:06","modified_gmt":"2021-10-12T03:22:06","slug":"estudiantes-de-liceos-bicentenario-kalem-y-santa-teresa-participaron-en-intervenciones-musicales-del-proyecto-arriba-la-orquesta","status":"publish","type":"post","link":"https:\/\/radiorevelacionfm.cl\/?p=9539","title":{"rendered":"Estudiantes de liceos Bicentenario Kalem y Santa Teresa participaron en intervenciones musicales del proyecto \u00a1Arriba la Orquesta!"},"content":{"rendered":"<div class=\"flex_column av_one_full  flex_column_div av-zero-column-padding first  avia-builder-el-0  el_before_av_one_full  avia-builder-el-first  \" style='border-radius:0px; '><div  class='avia-image-container  av-styling-    avia-builder-el-1  avia-builder-el-no-sibling  avia-align-center '  itemprop=\"image\" itemscope=\"itemscope\" itemtype=\"https:\/\/schema.org\/ImageObject\"  ><div class='avia-image-container-inner'><div class='avia-image-overlay-wrap'><img decoding=\"async\" class='wp-image-9543 avia-img-lazy-loading-not-9543 avia_image' src=\"https:\/\/radiorevelacionfm.cl\/wp-content\/uploads\/2021\/10\/kalem3-2-1.jpg\" alt='' title='kalem3 (2) (1)' height=\"600\" width=\"1000\"  itemprop=\"thumbnailUrl\" srcset=\"https:\/\/radiorevelacionfm.cl\/wp-content\/uploads\/2021\/10\/kalem3-2-1.jpg 1000w, https:\/\/radiorevelacionfm.cl\/wp-content\/uploads\/2021\/10\/kalem3-2-1-300x180.jpg 300w, https:\/\/radiorevelacionfm.cl\/wp-content\/uploads\/2021\/10\/kalem3-2-1-768x461.jpg 768w, https:\/\/radiorevelacionfm.cl\/wp-content\/uploads\/2021\/10\/kalem3-2-1-705x423.jpg 705w, https:\/\/radiorevelacionfm.cl\/wp-content\/uploads\/2021\/10\/kalem3-2-1-600x360.jpg 600w\" sizes=\"(max-width: 1000px) 100vw, 1000px\" \/><\/div><\/div><\/div><\/div><div class=\"flex_column av_one_full  flex_column_div av-zero-column-padding first  avia-builder-el-2  el_after_av_one_full  el_before_av_one_full  column-top-margin\" style='border-radius:0px; '><section class=\"av_textblock_section \"  itemscope=\"itemscope\" itemtype=\"https:\/\/schema.org\/BlogPosting\" itemprop=\"blogPost\" ><div class='avia_textblock  '   itemprop=\"text\" ><p style=\"text-align: center;\"><strong><span style=\"font-size: 18pt;\">Estudiantes de liceos Bicentenario Kalem y Santa Teresa participaron en intervenciones musicales del proyecto \u00a1Arriba la Orquesta!<\/span><\/strong><\/p>\n<div id=\"gtx-trans\" style=\"position: absolute; left: -50px; top: 4.31534px;\">\n<div class=\"gtx-trans-icon\"><\/div>\n<\/div>\n<\/div><\/section><\/div><\/p>\n<div class=\"flex_column av_one_full  flex_column_div av-zero-column-padding first  avia-builder-el-4  el_after_av_one_full  el_before_av_hr  column-top-margin\" style='border-radius:0px; '><section class=\"av_textblock_section \"  itemscope=\"itemscope\" itemtype=\"https:\/\/schema.org\/BlogPosting\" itemprop=\"blogPost\" ><div class='avia_textblock  '   itemprop=\"text\" ><p class=\"v1MsoNormal\" style=\"text-align: justify;\">Una motivadora intervenci\u00f3n musical a cargo de un dueto de cuerdas (viol\u00edn y viola) de la Fundaci\u00f3n de Orquestas Juveniles e Infantiles (Foji) fue la que vivieron los estudiantes de los liceos Bicentenario Kalem y Santa Teresa de los Andes de Puerto Ays\u00e9n en el marco del proyecto \u00a1Arriba la Orquesta! impulsado por el Ministerio de Educaci\u00f3n, Unesco y Foji para desarrollar las habilidades musicales de los estudiantes mediante la creaci\u00f3n de orquestas musicales.<\/p>\n<p class=\"v1MsoNormal\" style=\"text-align: justify;\">En una primera etapa son 61 Liceos Bicentenario de distintas regiones del pa\u00eds los que est\u00e1n participando de esta experiencia art\u00edstica.<\/p>\n<p class=\"v1MsoNormal\" style=\"text-align: justify;\">En el Liceo Kalem el dueto de los profesores Italo Opazo, int\u00e9rprete de viola y Paulina Rojas, int\u00e9rprete de Viol\u00edn deleitaron a los estudiantes con piezas de Mozart y tambi\u00e9n m\u00fasica popular chilena. Adem\u00e1s compartieron con los estudiantes de educaci\u00f3n b\u00e1sica y media conceptos iniciales de m\u00fasica.<\/p>\n<p class=\"v1MsoNormal\" style=\"text-align: justify;\">\u00abHoy compartimos un peque\u00f1o concierto educativo y fue una experiencia muy potente que tuvo una muy buena recepci\u00f3n de los estudiantes que se involucraron en la din\u00e1mica de aprendizaje que les propusimos\u00bb, afirm\u00f3 el profesor \u00cftalo Opazo.<\/p>\n<p class=\"v1MsoNormal\" style=\"text-align: justify;\">El dueto tambi\u00e9n realiz\u00f3 intervenciones musicales \u00a0en el Liceo Bicentenario Santa Teresa de los Andes, donde tambi\u00e9n hubo una respuesta muy positiva del alumnado. Sebasti\u00e1n Steinmeyer director del plantel manifest\u00f3 \u00abNos llena de alegr\u00eda haber sido parte de esta experiencia educacional y auditiva de m\u00fasica cl\u00e1sica en el aula. Esto permite visibilizar la importancia de la m\u00fasica, sobre todo porque lo art\u00edstico y musical forma parte del sello de nuestro proyecto educacional. Agradecemos a la Red de Liceos Bicentenario por gestionar la venida de m\u00fasicos concertistas profesionales que han llenado nuestras aulas de melod\u00edas\u00bb.<\/p>\n<p class=\"v1MsoNormal\" style=\"text-align: justify;\">El Seremi de Educaci\u00f3n de Ays\u00e9n Sergio Becerra Mera valor\u00f3 esta iniciativa se\u00f1alando que \u00abBeneficia en principio a dos liceos Bicentenario de la regi\u00f3n. Con ella, se potencia el proyecto educativo de estos planteles que tienen como foco el compromiso con el aprendizaje y aportando una mirada integral al proceso educativo. No solo se busca desarrollar \u00e1reas como Lenguaje, Matem\u00e1tica y Ciencias; tambi\u00e9n son importantes la actividad f\u00edsica y la educaci\u00f3n art\u00edstica y musical. Esta iniciativa se concreta a trav\u00e9s de una alianza virtuosa entre el Mineduc, Unesco y Foji\u00bb.<\/p>\n<p class=\"v1MsoNormal\" style=\"text-align: justify;\">El programa en tres etapas:<\/p>\n<p class=\"v1MsoNormal\" style=\"text-align: justify;\"><b><span lang=\"ES\">1. Desarrollo de la apreciaci\u00f3n musical y promoci\u00f3n de la m\u00fasica<\/span><\/b><span lang=\"ES\">, a trav\u00e9s de la presentaci\u00f3n de conciertos, cuartetos, quintetos de cuerda u\/o vientos en diferentes formatos, contando con una presentaci\u00f3n y mediaci\u00f3n, de modo tal que los alumnos y la comunidad educativa de cada establecimiento, puedan acceder a experiencias que ampl\u00eden su horizonte cultural y sensibilidad por la m\u00fasica y las artes.<\/span><\/p>\n<p class=\"v1MsoNormal\" style=\"text-align: justify;\"><b><span lang=\"ES\">2. Formaci\u00f3n de orquestas y\/o bandas,\u00a0<\/span><\/b><span lang=\"ES\">donde se busca generar una profunda inmersi\u00f3n en la ejecuci\u00f3n de m\u00fasica instrumental en establecimientos educacionales, potenciando tanto las habilidades musicales como el aspecto socioemocional y de convivencia escolar de toda la comunidad educativa, los cuales, en contexto de pandemia COVID19, se vuelven a\u00fan m\u00e1s relevantes.<\/span><\/p>\n<p class=\"v1MsoNormal\" style=\"text-align: justify;\"><b><span lang=\"ES\">3. Presentaciones y encuentros orquestales,\u00a0<\/span><\/b><span lang=\"ES\">el cual tiene por objetivo entregar a las orquestas infanto-juveniles\u00a0desarrolladas al interior de Liceos Bicentenario, un espacio de calidad para mostrar su nivel y trabajo orquestal, ofreci\u00e9ndoles la oportunidad de participar de encuentros tanto regionales como nacionales.<\/span><\/p>\n<\/div><\/section><\/div>\n<div  style='height:50px' class='hr hr-invisible   avia-builder-el-6  el_after_av_one_full  el_before_av_social_share '><span class='hr-inner ' ><span class='hr-inner-style'><\/span><\/span><\/div>\n<div  class='av-social-sharing-box  avia-builder-el-7  el_after_av_hr  el_before_av_hr  '><div class='av-share-box'><h5 class='av-share-link-description av-no-toc '>Compartir esta noticia<\/h5><ul class='av-share-box-list noLightbox'><li class='av-share-link av-social-link-facebook' ><a target=\"_blank\" aria-label=\"Compartir en Facebook\" href='https:\/\/www.facebook.com\/sharer.php?u=https:\/\/radiorevelacionfm.cl\/?p=9539&#038;t=Estudiantes%20de%20liceos%20Bicentenario%20Kalem%20y%20Santa%20Teresa%20participaron%20en%20intervenciones%20musicales%20del%20proyecto%20%C2%A1Arriba%20la%20Orquesta%21' aria-hidden='false' data-av_icon='\ue8f3' data-av_iconfont='entypo-fontello' title='' data-avia-related-tooltip='Compartir en Facebook' rel=\"noopener\"><span class='avia_hidden_link_text'>Compartir en Facebook<\/span><\/a><\/li><li class='av-share-link av-social-link-twitter' ><a target=\"_blank\" aria-label=\"Compartir en Twitter\" href='https:\/\/twitter.com\/share?text=Estudiantes%20de%20liceos%20Bicentenario%20Kalem%20y%20Santa%20Teresa%20participaron%20en%20intervenciones%20musicales%20del%20proyecto%20%C2%A1Arriba%20la%20Orquesta%21&#038;url=https:\/\/radiorevelacionfm.cl\/?p=9539' aria-hidden='false' data-av_icon='\ue8f1' data-av_iconfont='entypo-fontello' title='' data-avia-related-tooltip='Compartir en Twitter' rel=\"noopener\"><span class='avia_hidden_link_text'>Compartir en Twitter<\/span><\/a><\/li><li class='av-share-link av-social-link-whatsapp' ><a target=\"_blank\" aria-label=\"Compartir en Whatsapp\" href='https:\/\/api.whatsapp.com\/send?text=https:\/\/radiorevelacionfm.cl\/?p=9539' aria-hidden='false' data-av_icon='\uf232' data-av_iconfont='entypo-fontello' title='' data-avia-related-tooltip='Compartir en Whatsapp' rel=\"noopener\"><span class='avia_hidden_link_text'>Compartir en Whatsapp<\/span><\/a><\/li><li class='av-share-link av-social-link-linkedin' ><a target=\"_blank\" aria-label=\"Compartir en LinkedIn\" href='https:\/\/linkedin.com\/shareArticle?mini=true&#038;title=Estudiantes%20de%20liceos%20Bicentenario%20Kalem%20y%20Santa%20Teresa%20participaron%20en%20intervenciones%20musicales%20del%20proyecto%20%C2%A1Arriba%20la%20Orquesta%21&#038;url=https:\/\/radiorevelacionfm.cl\/?p=9539' aria-hidden='false' data-av_icon='\ue8fc' data-av_iconfont='entypo-fontello' title='' data-avia-related-tooltip='Compartir en LinkedIn' rel=\"noopener\"><span class='avia_hidden_link_text'>Compartir en LinkedIn<\/span><\/a><\/li><li class='av-share-link av-social-link-mail' ><a  aria-label=\"Compartir por correo\" href='mailto:?subject=Estudiantes%20de%20liceos%20Bicentenario%20Kalem%20y%20Santa%20Teresa%20participaron%20en%20intervenciones%20musicales%20del%20proyecto%20%C2%A1Arriba%20la%20Orquesta%21&#038;body=https:\/\/radiorevelacionfm.cl\/?p=9539' aria-hidden='false' data-av_icon='\ue805' data-av_iconfont='entypo-fontello' title='' data-avia-related-tooltip='Compartir por correo'><span class='avia_hidden_link_text'>Compartir por correo<\/span><\/a><\/li><\/ul><\/div><\/div>\n<div  style='height:50px' class='hr hr-invisible   avia-builder-el-8  el_after_av_social_share  el_before_av_comments_list '><span class='hr-inner ' ><span class='hr-inner-style'><\/span><\/span><\/div>\n<div  class='av-buildercomment  av-blog-meta-html-info-disabled av-blog-meta-tag-disabled  '><\/div>\n","protected":false},"excerpt":{"rendered":"","protected":false},"author":1,"featured_media":9543,"comment_status":"open","ping_status":"open","sticky":false,"template":"","format":"standard","meta":{"footnotes":""},"categories":[49],"tags":[],"class_list":["post-9539","post","type-post","status-publish","format-standard","has-post-thumbnail","hentry","category-educacion"],"jetpack_featured_media_url":"https:\/\/radiorevelacionfm.cl\/wp-content\/uploads\/2021\/10\/kalem3-2-1.jpg","_links":{"self":[{"href":"https:\/\/radiorevelacionfm.cl\/index.php?rest_route=\/wp\/v2\/posts\/9539","targetHints":{"allow":["GET"]}}],"collection":[{"href":"https:\/\/radiorevelacionfm.cl\/index.php?rest_route=\/wp\/v2\/posts"}],"about":[{"href":"https:\/\/radiorevelacionfm.cl\/index.php?rest_route=\/wp\/v2\/types\/post"}],"author":[{"embeddable":true,"href":"https:\/\/radiorevelacionfm.cl\/index.php?rest_route=\/wp\/v2\/users\/1"}],"replies":[{"embeddable":true,"href":"https:\/\/radiorevelacionfm.cl\/index.php?rest_route=%2Fwp%2Fv2%2Fcomments&post=9539"}],"version-history":[{"count":3,"href":"https:\/\/radiorevelacionfm.cl\/index.php?rest_route=\/wp\/v2\/posts\/9539\/revisions"}],"predecessor-version":[{"id":9545,"href":"https:\/\/radiorevelacionfm.cl\/index.php?rest_route=\/wp\/v2\/posts\/9539\/revisions\/9545"}],"wp:featuredmedia":[{"embeddable":true,"href":"https:\/\/radiorevelacionfm.cl\/index.php?rest_route=\/wp\/v2\/media\/9543"}],"wp:attachment":[{"href":"https:\/\/radiorevelacionfm.cl\/index.php?rest_route=%2Fwp%2Fv2%2Fmedia&parent=9539"}],"wp:term":[{"taxonomy":"category","embeddable":true,"href":"https:\/\/radiorevelacionfm.cl\/index.php?rest_route=%2Fwp%2Fv2%2Fcategories&post=9539"},{"taxonomy":"post_tag","embeddable":true,"href":"https:\/\/radiorevelacionfm.cl\/index.php?rest_route=%2Fwp%2Fv2%2Ftags&post=9539"}],"curies":[{"name":"wp","href":"https:\/\/api.w.org\/{rel}","templated":true}]}}