{"id":9533,"date":"2021-10-11T18:39:58","date_gmt":"2021-10-11T21:39:58","guid":{"rendered":"https:\/\/radiorevelacionfm.cl\/?p=9533"},"modified":"2021-10-11T18:39:58","modified_gmt":"2021-10-11T21:39:58","slug":"jovenes-de-chile-chico-desarrollan-idea-de-innovacion-social-apoyados-por-programa-creamos-de-injuv","status":"publish","type":"post","link":"https:\/\/radiorevelacionfm.cl\/?p=9533","title":{"rendered":"J\u00f3venes de Chile Chico desarrollan idea de innovaci\u00f3n social apoyados por programa Creamos de INJUV"},"content":{"rendered":"<div class=\"flex_column av_one_full  flex_column_div av-zero-column-padding first  avia-builder-el-0  el_before_av_one_full  avia-builder-el-first  \" style='border-radius:0px; '><div  class='avia-image-container  av-styling-    avia-builder-el-1  avia-builder-el-no-sibling  avia-align-center '  itemprop=\"image\" itemscope=\"itemscope\" itemtype=\"https:\/\/schema.org\/ImageObject\"  ><div class='avia-image-container-inner'><div class='avia-image-overlay-wrap'><img decoding=\"async\" class='wp-image-9534 avia-img-lazy-loading-not-9534 avia_image' src=\"https:\/\/radiorevelacionfm.cl\/wp-content\/uploads\/2021\/10\/Foto-2-6-1-1.jpg\" alt='' title='Foto 2 (6) (1) (1)' height=\"600\" width=\"792\"  itemprop=\"thumbnailUrl\" srcset=\"https:\/\/radiorevelacionfm.cl\/wp-content\/uploads\/2021\/10\/Foto-2-6-1-1.jpg 792w, https:\/\/radiorevelacionfm.cl\/wp-content\/uploads\/2021\/10\/Foto-2-6-1-1-300x227.jpg 300w, https:\/\/radiorevelacionfm.cl\/wp-content\/uploads\/2021\/10\/Foto-2-6-1-1-768x582.jpg 768w, https:\/\/radiorevelacionfm.cl\/wp-content\/uploads\/2021\/10\/Foto-2-6-1-1-705x534.jpg 705w, https:\/\/radiorevelacionfm.cl\/wp-content\/uploads\/2021\/10\/Foto-2-6-1-1-600x455.jpg 600w\" sizes=\"(max-width: 792px) 100vw, 792px\" \/><\/div><\/div><\/div><\/div><div class=\"flex_column av_one_full  flex_column_div av-zero-column-padding first  avia-builder-el-2  el_after_av_one_full  el_before_av_one_full  column-top-margin\" style='border-radius:0px; '><section class=\"av_textblock_section \"  itemscope=\"itemscope\" itemtype=\"https:\/\/schema.org\/BlogPosting\" itemprop=\"blogPost\" ><div class='avia_textblock  '   itemprop=\"text\" ><p style=\"text-align: center;\"><strong><span style=\"font-size: 18pt;\">J\u00f3venes de Chile Chico desarrollan idea de innovaci\u00f3n social apoyados por programa Creamos de INJUV<\/span><\/strong><\/p>\n<div id=\"gtx-trans\" style=\"position: absolute; left: -50px; top: 4.31534px;\">\n<div class=\"gtx-trans-icon\"><\/div>\n<\/div>\n<\/div><\/section><\/div><div class=\"flex_column av_one_full  flex_column_div av-zero-column-padding first  avia-builder-el-4  el_after_av_one_full  el_before_av_hr  column-top-margin\" style='border-radius:0px; '><section class=\"av_textblock_section \"  itemscope=\"itemscope\" itemtype=\"https:\/\/schema.org\/BlogPosting\" itemprop=\"blogPost\" ><div class='avia_textblock  '   itemprop=\"text\" ><p style=\"text-align: justify;\">Con el objetivo de fomentar la participaci\u00f3n de los j\u00f3venes y de entregarles las herramientas para que generen cambios que sus entornos necesitan, el Instituto Nacional de la Juventud (INJUV) est\u00e1 llevando a cabo el programa Creamos, espacio dirigido a j\u00f3venes interesados en generar cambios a peque\u00f1a o mediana escala proponiendo ideas innovadoras para problemas que afecten a su comunidad.<\/p>\n<p style=\"text-align: justify;\">Todo esto a trav\u00e9s de la innovaci\u00f3n social: una forma de generar valor para la sociedad a trav\u00e9s de un producto, servicio o proceso novedoso que responda a una necesidad. Por eso este programa no est\u00e1 dirigido a emprendimientos con fines comerciales.<\/p>\n<p style=\"text-align: justify;\">El proyecto ConectAys\u00e9n <a href=\"http:\/\/conectaysen.cl\">http:\/\/conectaysen.cl<\/a> que ser\u00e1 ejecutado por dos j\u00f3venes de la comuna de Chile Chico consiste en desarrollar un taller te\u00f3rico-pr\u00e1ctico distribuidos en distintos m\u00f3dulos que trabajan en nivel horizontal, con el objetivo de promover la participaci\u00f3n comunitaria y social respondiendo a las necesidades identificadas por medio de la entrega de productos 3D desarrollados por los beneficiarios. Todo el proceso de creaci\u00f3n involucra el uso de recursos digitales y anal\u00f3gicos, los procesos de aprendizaje se apoyan por medio de tecnolog\u00eda de impresi\u00f3n 3D, software de edici\u00f3n y arquitectura 3D.<\/p>\n<p style=\"text-align: justify;\">\u201cComo INJUV felicitamos a los j\u00f3venes adjudicatarios de este interesante proyecto, estamos convencidos que una juventud activa y participativa es clave para fortalecer el tejido social. El objetivo del programa Creamos es entregar herramientas a los j\u00f3venes que tienen ideas o quieran potenciar sus habilidades de liderazgo y que quieran lograr un cambio real, tanto a nivel local o macro. Invitamos a nuestra comunidad juvenil regional a informarse a trav\u00e9s de nuestras redes sociales, Fan Page, Instagram y Twitter @injuvaysen de las distintas actividades que nos encontramos realizando como servicio, enfocadas especialmente para nuestros j\u00f3venes ayseninos\u201d, se\u00f1al\u00f3 la directora regional (s) de INJUV Ays\u00e9n, G\u00e9nesis Arias Fuentes.<\/p>\n<p style=\"text-align: justify;\">\u00c1lvaro Vergara y Mat\u00edas Vergara indicaron que \u201cestamos muy contentos y entusiasmados para comenzar a desarrollar el proyecto, esta iniciativa permitir\u00e1 impulsar conocimientos en el \u00e1mbito de la ciencia, el arte y la tecnolog\u00eda a los j\u00f3venes de la comuna de Chile Chico. Nuestro objetivo es acercar la tecnolog\u00eda a la juventud de la regi\u00f3n y por medio de esta poder satisfacer distintas necesidades, a trav\u00e9s del uso de software de aprendizaje, impresiones 3D, tanto en la creaci\u00f3n de objetos, materiales, juguetes did\u00e1cticos y funcionales, al mismo tiempo que introducimos a los j\u00f3venes en \u00e1mbitos del auto-cuidado digital, independencia tecnol\u00f3gica, la programaci\u00f3n, arte y dise\u00f1o, temas que acompa\u00f1aran a los j\u00f3venes en cualquier \u00e1rea en la que se desarrollen en el futuro o inclusive acerc\u00e1ndolos a su futura ocupaci\u00f3n. Como gestores de esta iniciativa invitamos a los j\u00f3venes y comunidad a conocer ConectAysen que tiene por objetivo entregar un espacio donde los j\u00f3venes puedan desarrollar su creatividad, potenciar sus habilidades e involucrarse activamente en su comunidad\u201d.<\/p>\n<\/div><\/section><\/div><div  style='height:50px' class='hr hr-invisible   avia-builder-el-6  el_after_av_one_full  el_before_av_social_share '><span class='hr-inner ' ><span class='hr-inner-style'><\/span><\/span><\/div><\/p>\n<div  class='av-social-sharing-box  avia-builder-el-7  el_after_av_hr  el_before_av_hr  '><div class='av-share-box'><h5 class='av-share-link-description av-no-toc '>Compartir esta noticia<\/h5><ul class='av-share-box-list noLightbox'><li class='av-share-link av-social-link-facebook' ><a target=\"_blank\" aria-label=\"Compartir en Facebook\" href='https:\/\/www.facebook.com\/sharer.php?u=https:\/\/radiorevelacionfm.cl\/?p=9533&#038;t=J%C3%B3venes%20de%20Chile%20Chico%20desarrollan%20idea%20de%20innovaci%C3%B3n%20social%20apoyados%20por%20programa%20Creamos%20de%20INJUV' aria-hidden='false' data-av_icon='\ue8f3' data-av_iconfont='entypo-fontello' title='' data-avia-related-tooltip='Compartir en Facebook' rel=\"noopener\"><span class='avia_hidden_link_text'>Compartir en Facebook<\/span><\/a><\/li><li class='av-share-link av-social-link-twitter' ><a target=\"_blank\" aria-label=\"Compartir en Twitter\" href='https:\/\/twitter.com\/share?text=J%C3%B3venes%20de%20Chile%20Chico%20desarrollan%20idea%20de%20innovaci%C3%B3n%20social%20apoyados%20por%20programa%20Creamos%20de%20INJUV&#038;url=https:\/\/radiorevelacionfm.cl\/?p=9533' aria-hidden='false' data-av_icon='\ue8f1' data-av_iconfont='entypo-fontello' title='' data-avia-related-tooltip='Compartir en Twitter' rel=\"noopener\"><span class='avia_hidden_link_text'>Compartir en Twitter<\/span><\/a><\/li><li class='av-share-link av-social-link-whatsapp' ><a target=\"_blank\" aria-label=\"Compartir en Whatsapp\" href='https:\/\/api.whatsapp.com\/send?text=https:\/\/radiorevelacionfm.cl\/?p=9533' aria-hidden='false' data-av_icon='\uf232' data-av_iconfont='entypo-fontello' title='' data-avia-related-tooltip='Compartir en Whatsapp' rel=\"noopener\"><span class='avia_hidden_link_text'>Compartir en Whatsapp<\/span><\/a><\/li><li class='av-share-link av-social-link-linkedin' ><a target=\"_blank\" aria-label=\"Compartir en LinkedIn\" href='https:\/\/linkedin.com\/shareArticle?mini=true&#038;title=J%C3%B3venes%20de%20Chile%20Chico%20desarrollan%20idea%20de%20innovaci%C3%B3n%20social%20apoyados%20por%20programa%20Creamos%20de%20INJUV&#038;url=https:\/\/radiorevelacionfm.cl\/?p=9533' aria-hidden='false' data-av_icon='\ue8fc' data-av_iconfont='entypo-fontello' title='' data-avia-related-tooltip='Compartir en LinkedIn' rel=\"noopener\"><span class='avia_hidden_link_text'>Compartir en LinkedIn<\/span><\/a><\/li><li class='av-share-link av-social-link-mail' ><a  aria-label=\"Compartir por correo\" href='mailto:?subject=J%C3%B3venes%20de%20Chile%20Chico%20desarrollan%20idea%20de%20innovaci%C3%B3n%20social%20apoyados%20por%20programa%20Creamos%20de%20INJUV&#038;body=https:\/\/radiorevelacionfm.cl\/?p=9533' aria-hidden='false' data-av_icon='\ue805' data-av_iconfont='entypo-fontello' title='' data-avia-related-tooltip='Compartir por correo'><span class='avia_hidden_link_text'>Compartir por correo<\/span><\/a><\/li><\/ul><\/div><\/div>\n<div  style='height:50px' class='hr hr-invisible   avia-builder-el-8  el_after_av_social_share  el_before_av_comments_list '><span class='hr-inner ' ><span class='hr-inner-style'><\/span><\/span><\/div>\n<div  class='av-buildercomment  av-blog-meta-html-info-disabled av-blog-meta-tag-disabled  '><\/div>\n","protected":false},"excerpt":{"rendered":"","protected":false},"author":1,"featured_media":9534,"comment_status":"open","ping_status":"open","sticky":false,"template":"","format":"standard","meta":{"footnotes":""},"categories":[38],"tags":[],"class_list":["post-9533","post","type-post","status-publish","format-standard","has-post-thumbnail","hentry","category-regional"],"jetpack_featured_media_url":"https:\/\/radiorevelacionfm.cl\/wp-content\/uploads\/2021\/10\/Foto-2-6-1-1.jpg","_links":{"self":[{"href":"https:\/\/radiorevelacionfm.cl\/index.php?rest_route=\/wp\/v2\/posts\/9533","targetHints":{"allow":["GET"]}}],"collection":[{"href":"https:\/\/radiorevelacionfm.cl\/index.php?rest_route=\/wp\/v2\/posts"}],"about":[{"href":"https:\/\/radiorevelacionfm.cl\/index.php?rest_route=\/wp\/v2\/types\/post"}],"author":[{"embeddable":true,"href":"https:\/\/radiorevelacionfm.cl\/index.php?rest_route=\/wp\/v2\/users\/1"}],"replies":[{"embeddable":true,"href":"https:\/\/radiorevelacionfm.cl\/index.php?rest_route=%2Fwp%2Fv2%2Fcomments&post=9533"}],"version-history":[{"count":1,"href":"https:\/\/radiorevelacionfm.cl\/index.php?rest_route=\/wp\/v2\/posts\/9533\/revisions"}],"predecessor-version":[{"id":9535,"href":"https:\/\/radiorevelacionfm.cl\/index.php?rest_route=\/wp\/v2\/posts\/9533\/revisions\/9535"}],"wp:featuredmedia":[{"embeddable":true,"href":"https:\/\/radiorevelacionfm.cl\/index.php?rest_route=\/wp\/v2\/media\/9534"}],"wp:attachment":[{"href":"https:\/\/radiorevelacionfm.cl\/index.php?rest_route=%2Fwp%2Fv2%2Fmedia&parent=9533"}],"wp:term":[{"taxonomy":"category","embeddable":true,"href":"https:\/\/radiorevelacionfm.cl\/index.php?rest_route=%2Fwp%2Fv2%2Fcategories&post=9533"},{"taxonomy":"post_tag","embeddable":true,"href":"https:\/\/radiorevelacionfm.cl\/index.php?rest_route=%2Fwp%2Fv2%2Ftags&post=9533"}],"curies":[{"name":"wp","href":"https:\/\/api.w.org\/{rel}","templated":true}]}}