{"id":9529,"date":"2021-10-11T16:54:52","date_gmt":"2021-10-11T19:54:52","guid":{"rendered":"https:\/\/radiorevelacionfm.cl\/?p=9529"},"modified":"2021-10-11T16:54:52","modified_gmt":"2021-10-11T19:54:52","slug":"calisto-resalto-inicio-de-construccion-de-viviendas-en-la-chacra-g-en-coyhaique","status":"publish","type":"post","link":"https:\/\/radiorevelacionfm.cl\/?p=9529","title":{"rendered":"Calisto resalt\u00f3 inicio de construcci\u00f3n de viviendas en la Chacra G en Coyhaique"},"content":{"rendered":"<div class=\"flex_column av_one_full  flex_column_div av-zero-column-padding first  avia-builder-el-0  el_before_av_one_full  avia-builder-el-first  \" style='border-radius:0px; '><div  class='avia-image-container  av-styling-    avia-builder-el-1  avia-builder-el-no-sibling  avia-align-center '  itemprop=\"image\" itemscope=\"itemscope\" itemtype=\"https:\/\/schema.org\/ImageObject\"  ><div class='avia-image-container-inner'><div class='avia-image-overlay-wrap'><img decoding=\"async\" class='wp-image-9530 avia-img-lazy-loading-not-9530 avia_image' src=\"https:\/\/radiorevelacionfm.cl\/wp-content\/uploads\/2021\/10\/CALISTO-VIVIENDAS-CHACRA-G-1-1.jpg\" alt='' title='CALISTO-VIVIENDAS-CHACRA-G (1) (1)' height=\"600\" width=\"1023\"  itemprop=\"thumbnailUrl\" srcset=\"https:\/\/radiorevelacionfm.cl\/wp-content\/uploads\/2021\/10\/CALISTO-VIVIENDAS-CHACRA-G-1-1.jpg 1023w, https:\/\/radiorevelacionfm.cl\/wp-content\/uploads\/2021\/10\/CALISTO-VIVIENDAS-CHACRA-G-1-1-300x176.jpg 300w, https:\/\/radiorevelacionfm.cl\/wp-content\/uploads\/2021\/10\/CALISTO-VIVIENDAS-CHACRA-G-1-1-768x450.jpg 768w, https:\/\/radiorevelacionfm.cl\/wp-content\/uploads\/2021\/10\/CALISTO-VIVIENDAS-CHACRA-G-1-1-705x413.jpg 705w, https:\/\/radiorevelacionfm.cl\/wp-content\/uploads\/2021\/10\/CALISTO-VIVIENDAS-CHACRA-G-1-1-600x352.jpg 600w\" sizes=\"(max-width: 1023px) 100vw, 1023px\" \/><\/div><\/div><\/div><\/div><div class=\"flex_column av_one_full  flex_column_div av-zero-column-padding first  avia-builder-el-2  el_after_av_one_full  el_before_av_one_full  column-top-margin\" style='border-radius:0px; '><section class=\"av_textblock_section \"  itemscope=\"itemscope\" itemtype=\"https:\/\/schema.org\/BlogPosting\" itemprop=\"blogPost\" ><div class='avia_textblock  '   itemprop=\"text\" ><p style=\"text-align: center;\"><strong><span style=\"font-size: 18pt;\">Calisto resalt\u00f3 inicio de construcci\u00f3n de viviendas en la Chacra G en Coyhaique<\/span><\/strong><\/p>\n<div id=\"gtx-trans\" style=\"position: absolute; left: -50px; top: 4.31534px;\">\n<div class=\"gtx-trans-icon\"><\/div>\n<\/div>\n<\/div><\/section><\/div><div class=\"flex_column av_one_full  flex_column_div av-zero-column-padding first  avia-builder-el-4  el_after_av_one_full  el_before_av_hr  column-top-margin\" style='border-radius:0px; '><section class=\"av_textblock_section \"  itemscope=\"itemscope\" itemtype=\"https:\/\/schema.org\/BlogPosting\" itemprop=\"blogPost\" ><div class='avia_textblock  '   itemprop=\"text\" ><p style=\"text-align: justify;\">Como una gran noticia calific\u00f3 el diputado Miguel \u00c1ngel Calisto la confirmaci\u00f3n por parte del Ministro de Vivienda, Felipe Ward, de los inicios de las obras de construcci\u00f3n en la denominada Chacra G, esto en el marco de una serie de reuniones que sostuvo el parlamentario junto a dirigentes habitacionales con la autoridad nacional.<\/p>\n<p style=\"text-align: justify;\">Seg\u00fan el diputado Calisto, \u201cjunto a dirigentas de los comit\u00e9s Ventisqueros, Caminando por Coyhaique, 28 de marzo y Hermanos de la Patagonia, nos reunimos con el Ministro de Vivienda, Felipe Ward. Son cerca de 220 familias con quienes hemos trabajado firmemente en el marco del gran proyecto habitacional de la Chacra G\u201d.<\/p>\n<p style=\"text-align: justify;\">\u201cHoy tenemos el compromiso por parte del Ministro del inicio de obras en el a\u00f1o 2022. Y lo m\u00e1s importante, la autoridad nacional tambi\u00e9n nos confirm\u00f3 que las casas ser\u00e1n individuales, no pareadas, lo que era un deseo de estos comit\u00e9s\u201d, indic\u00f3 el legislador.<\/p>\n<p style=\"text-align: justify;\">Calisto agreg\u00f3 que \u201cpor fin vamos a ver el a\u00f1o 2022 las obras de inicio de este sector, esta chacra G por la cual tanto peleamos. Hoy ya estamos viendo resultados concretos, por lo que esto da esperanza para todo el resto de los comit\u00e9s, ya sean en altura o de casas, que proyectan cumplir sus sue\u00f1os en este terreno en la parte alta de Coyhaique\u201d.<\/p>\n<p style=\"text-align: justify;\">Por su parte, Deysi Fuentes Meneses, presidenta del Comit\u00e9 Hermanos de la Patagonia, asegur\u00f3 que \u201cfue una buena reuni\u00f3n que se concret\u00f3 gracias a Miguel \u00c1ngel Calisto, quien nos ha ayudado mucho en los pasos para nuestras viviendas, ha estado muy comprometido con todas nosotras.<\/p>\n<p style=\"text-align: justify;\">Finalmente, la dirigenta habitacional se\u00f1al\u00f3 que \u201cestamos contentas, porque se nos ha ido cumpliendo paso a paso todo lo que hemos pedido, incluso que nuestras viviendas sean individuales y no pareados, que era un tema muy importante para los socios y algo que nos ten\u00eda muy preocupados. As\u00ed que agradecemos a Miguel \u00c1ngel por las gestiones que ha realizado\u201d.<\/p>\n<\/div><\/section><\/div><div  style='height:50px' class='hr hr-invisible   avia-builder-el-6  el_after_av_one_full  el_before_av_social_share '><span class='hr-inner ' ><span class='hr-inner-style'><\/span><\/span><\/div><\/p>\n<div  class='av-social-sharing-box  avia-builder-el-7  el_after_av_hr  el_before_av_hr  '><div class='av-share-box'><h5 class='av-share-link-description av-no-toc '>Compartir esta noticia<\/h5><ul class='av-share-box-list noLightbox'><li class='av-share-link av-social-link-facebook' ><a target=\"_blank\" aria-label=\"Compartir en Facebook\" href='https:\/\/www.facebook.com\/sharer.php?u=https:\/\/radiorevelacionfm.cl\/?p=9529&#038;t=Calisto%20resalt%C3%B3%20inicio%20de%20construcci%C3%B3n%20de%20viviendas%20en%20la%20Chacra%20G%20en%20Coyhaique' aria-hidden='false' data-av_icon='\ue8f3' data-av_iconfont='entypo-fontello' title='' data-avia-related-tooltip='Compartir en Facebook' rel=\"noopener\"><span class='avia_hidden_link_text'>Compartir en Facebook<\/span><\/a><\/li><li class='av-share-link av-social-link-twitter' ><a target=\"_blank\" aria-label=\"Compartir en Twitter\" href='https:\/\/twitter.com\/share?text=Calisto%20resalt%C3%B3%20inicio%20de%20construcci%C3%B3n%20de%20viviendas%20en%20la%20Chacra%20G%20en%20Coyhaique&#038;url=https:\/\/radiorevelacionfm.cl\/?p=9529' aria-hidden='false' data-av_icon='\ue8f1' data-av_iconfont='entypo-fontello' title='' data-avia-related-tooltip='Compartir en Twitter' rel=\"noopener\"><span class='avia_hidden_link_text'>Compartir en Twitter<\/span><\/a><\/li><li class='av-share-link av-social-link-whatsapp' ><a target=\"_blank\" aria-label=\"Compartir en Whatsapp\" href='https:\/\/api.whatsapp.com\/send?text=https:\/\/radiorevelacionfm.cl\/?p=9529' aria-hidden='false' data-av_icon='\uf232' data-av_iconfont='entypo-fontello' title='' data-avia-related-tooltip='Compartir en Whatsapp' rel=\"noopener\"><span class='avia_hidden_link_text'>Compartir en Whatsapp<\/span><\/a><\/li><li class='av-share-link av-social-link-linkedin' ><a target=\"_blank\" aria-label=\"Compartir en LinkedIn\" href='https:\/\/linkedin.com\/shareArticle?mini=true&#038;title=Calisto%20resalt%C3%B3%20inicio%20de%20construcci%C3%B3n%20de%20viviendas%20en%20la%20Chacra%20G%20en%20Coyhaique&#038;url=https:\/\/radiorevelacionfm.cl\/?p=9529' aria-hidden='false' data-av_icon='\ue8fc' data-av_iconfont='entypo-fontello' title='' data-avia-related-tooltip='Compartir en LinkedIn' rel=\"noopener\"><span class='avia_hidden_link_text'>Compartir en LinkedIn<\/span><\/a><\/li><li class='av-share-link av-social-link-mail' ><a  aria-label=\"Compartir por correo\" href='mailto:?subject=Calisto%20resalt%C3%B3%20inicio%20de%20construcci%C3%B3n%20de%20viviendas%20en%20la%20Chacra%20G%20en%20Coyhaique&#038;body=https:\/\/radiorevelacionfm.cl\/?p=9529' aria-hidden='false' data-av_icon='\ue805' data-av_iconfont='entypo-fontello' title='' data-avia-related-tooltip='Compartir por correo'><span class='avia_hidden_link_text'>Compartir por correo<\/span><\/a><\/li><\/ul><\/div><\/div>\n<div  style='height:50px' class='hr hr-invisible   avia-builder-el-8  el_after_av_social_share  el_before_av_comments_list '><span class='hr-inner ' ><span class='hr-inner-style'><\/span><\/span><\/div>\n<div  class='av-buildercomment  av-blog-meta-html-info-disabled av-blog-meta-tag-disabled  '><\/div>\n","protected":false},"excerpt":{"rendered":"","protected":false},"author":1,"featured_media":9530,"comment_status":"open","ping_status":"open","sticky":false,"template":"","format":"standard","meta":{"footnotes":""},"categories":[57],"tags":[],"class_list":["post-9529","post","type-post","status-publish","format-standard","has-post-thumbnail","hentry","category-vivienda"],"jetpack_featured_media_url":"https:\/\/radiorevelacionfm.cl\/wp-content\/uploads\/2021\/10\/CALISTO-VIVIENDAS-CHACRA-G-1-1.jpg","_links":{"self":[{"href":"https:\/\/radiorevelacionfm.cl\/index.php?rest_route=\/wp\/v2\/posts\/9529","targetHints":{"allow":["GET"]}}],"collection":[{"href":"https:\/\/radiorevelacionfm.cl\/index.php?rest_route=\/wp\/v2\/posts"}],"about":[{"href":"https:\/\/radiorevelacionfm.cl\/index.php?rest_route=\/wp\/v2\/types\/post"}],"author":[{"embeddable":true,"href":"https:\/\/radiorevelacionfm.cl\/index.php?rest_route=\/wp\/v2\/users\/1"}],"replies":[{"embeddable":true,"href":"https:\/\/radiorevelacionfm.cl\/index.php?rest_route=%2Fwp%2Fv2%2Fcomments&post=9529"}],"version-history":[{"count":1,"href":"https:\/\/radiorevelacionfm.cl\/index.php?rest_route=\/wp\/v2\/posts\/9529\/revisions"}],"predecessor-version":[{"id":9531,"href":"https:\/\/radiorevelacionfm.cl\/index.php?rest_route=\/wp\/v2\/posts\/9529\/revisions\/9531"}],"wp:featuredmedia":[{"embeddable":true,"href":"https:\/\/radiorevelacionfm.cl\/index.php?rest_route=\/wp\/v2\/media\/9530"}],"wp:attachment":[{"href":"https:\/\/radiorevelacionfm.cl\/index.php?rest_route=%2Fwp%2Fv2%2Fmedia&parent=9529"}],"wp:term":[{"taxonomy":"category","embeddable":true,"href":"https:\/\/radiorevelacionfm.cl\/index.php?rest_route=%2Fwp%2Fv2%2Fcategories&post=9529"},{"taxonomy":"post_tag","embeddable":true,"href":"https:\/\/radiorevelacionfm.cl\/index.php?rest_route=%2Fwp%2Fv2%2Ftags&post=9529"}],"curies":[{"name":"wp","href":"https:\/\/api.w.org\/{rel}","templated":true}]}}