{"id":9526,"date":"2021-10-11T16:27:56","date_gmt":"2021-10-11T19:27:56","guid":{"rendered":"https:\/\/radiorevelacionfm.cl\/?p=9526"},"modified":"2021-10-11T16:27:56","modified_gmt":"2021-10-11T19:27:56","slug":"destacan-trabajo-de-jardin-infantil-de-puyuhuapi-en-crear-conciencia-del-cuidado-del-medio-ambiente","status":"publish","type":"post","link":"https:\/\/radiorevelacionfm.cl\/?p=9526","title":{"rendered":"Destacan trabajo de jard\u00edn infantil de Puyuhuapi en crear conciencia del cuidado del medio ambiente"},"content":{"rendered":"<div class=\"flex_column av_one_full  flex_column_div av-zero-column-padding first  avia-builder-el-0  el_before_av_one_full  avia-builder-el-first  \" style='border-radius:0px; '><div  class='avia-image-container  av-styling-    avia-builder-el-1  avia-builder-el-no-sibling  avia-align-center '  itemprop=\"image\" itemscope=\"itemscope\" itemtype=\"https:\/\/schema.org\/ImageObject\"  ><div class='avia-image-container-inner'><div class='avia-image-overlay-wrap'><img decoding=\"async\" class='wp-image-9527 avia-img-lazy-loading-not-9527 avia_image' src=\"https:\/\/radiorevelacionfm.cl\/wp-content\/uploads\/2021\/10\/JARDIN-PUYUHUAPI-2-1-1.jpeg\" alt='' title='JARDIN PUYUHUAPI 2 (1) (1)' height=\"600\" width=\"800\"  itemprop=\"thumbnailUrl\" srcset=\"https:\/\/radiorevelacionfm.cl\/wp-content\/uploads\/2021\/10\/JARDIN-PUYUHUAPI-2-1-1.jpeg 800w, https:\/\/radiorevelacionfm.cl\/wp-content\/uploads\/2021\/10\/JARDIN-PUYUHUAPI-2-1-1-300x225.jpeg 300w, https:\/\/radiorevelacionfm.cl\/wp-content\/uploads\/2021\/10\/JARDIN-PUYUHUAPI-2-1-1-768x576.jpeg 768w, https:\/\/radiorevelacionfm.cl\/wp-content\/uploads\/2021\/10\/JARDIN-PUYUHUAPI-2-1-1-705x529.jpeg 705w, https:\/\/radiorevelacionfm.cl\/wp-content\/uploads\/2021\/10\/JARDIN-PUYUHUAPI-2-1-1-600x450.jpeg 600w\" sizes=\"(max-width: 800px) 100vw, 800px\" \/><\/div><\/div><\/div><\/div><div class=\"flex_column av_one_full  flex_column_div av-zero-column-padding first  avia-builder-el-2  el_after_av_one_full  el_before_av_one_full  column-top-margin\" style='border-radius:0px; '><section class=\"av_textblock_section \"  itemscope=\"itemscope\" itemtype=\"https:\/\/schema.org\/BlogPosting\" itemprop=\"blogPost\" ><div class='avia_textblock  '   itemprop=\"text\" ><p style=\"text-align: center;\"><strong><span style=\"font-size: 18pt;\">Destacan trabajo de jard\u00edn infantil de Puyuhuapi en crear conciencia del cuidado del medio ambiente <\/span><\/strong><\/p>\n<div id=\"gtx-trans\" style=\"position: absolute; left: -50px; top: 4.31534px;\">\n<div class=\"gtx-trans-icon\"><\/div>\n<\/div>\n<\/div><\/section><\/div><div class=\"flex_column av_one_full  flex_column_div av-zero-column-padding first  avia-builder-el-4  el_after_av_one_full  el_before_av_hr  column-top-margin\" style='border-radius:0px; '><section class=\"av_textblock_section \"  itemscope=\"itemscope\" itemtype=\"https:\/\/schema.org\/BlogPosting\" itemprop=\"blogPost\" ><div class='avia_textblock  '   itemprop=\"text\" ><p style=\"text-align: justify;\">Una actividad sencilla pero muy significativa fue la que encabez\u00f3 el Alcalde de la comuna de Cisnes, Francisco Roncagliolo Lepio, en lo que fue la entrega de una compostera al jard\u00edn infantil \u201cT\u00eda Nora\u201d de la fundaci\u00f3n Integra en Puyuhuapi.<\/p>\n<p style=\"text-align: justify;\">Con esta y otras acciones que se est\u00e1n desarrollando en todo el territorio, se busca crear conciencia del cuidado al medio ambiente desde los m\u00e1s peque\u00f1itos, indic\u00f3 el jefe comunal.<\/p>\n<p style=\"text-align: justify;\">\u201cComo Municipalidad a trav\u00e9s de nuestro equipo de la oficina campesina, hemos llevado adelante distintas actividades en beneficio de nuestra agricultura y tambi\u00e9n de ir generando conciencia medioambiental. Por lo mismo, la entrega de esta compostera al jard\u00edn infantil T\u00eda Nora de Puerto Puyuhuapi, va en un camino de poder apoyar un trabajo y un proyecto educativo que tiene el jard\u00edn de cuidado al medio ambiente, de trabajar con reciclaje, de trabajar tambi\u00e9n con compostaje y con distintas instancias que nos ayuden a cuidar el medio ambiente, partiendo de la primera infancia y ense\u00f1\u00e1ndole a nuestros ni\u00f1os, lo importante que es cuidar nuestro planeta\u201d.<\/p>\n<p style=\"text-align: justify;\">Cintia Lazcano Lobos, directora jard\u00edn \u201cT\u00eda Nora\u201d de Fundaci\u00f3n Integra en Puyuhuapi, agradeci\u00f3 el apoyo de la Municipalidad de Cisnes, del Alcalde y los Concejales residentes en la localidad.<\/p>\n<p style=\"text-align: justify;\">\u201cEstamos s\u00faper agradecidas como equipo del jard\u00edn, por este gran regalo que nos hizo llegar nuestro Alcalde don Francisco Roncagliolo. Nosotros tenemos un invernadero al que le hemos sacado provecho el \u00faltimo tiempo, agradecemos tambi\u00e9n a nuestro Concejal Larry Letcher, quien nos ayud\u00f3 a reparar el invernadero y tambi\u00e9n de nuestra Concejala Almendra Silva, que nos regal\u00f3 semillas. A ra\u00edz de todo eso, nuestro Alcalde junto a la delegada municipal, Yohana Acu\u00f1a, nos hicieron llegar esta compostera, as\u00ed es que, estamos s\u00faper contentos porque vamos a seguir trabajando con los ni\u00f1os, con las familias tambi\u00e9n y ense\u00f1ar lo que es el cultivo de la tierra, el cuidado al medio ambiente\u201d.<\/p>\n<p style=\"text-align: justify;\">Desde la Municipalidad de Cisnes, se reafirma el compromiso en el cuidado y protecci\u00f3n al medio ambiente, con acciones como las desarrolladas en el jard\u00edn infantil de Puyuhuapi, la reciente campa\u00f1a de recolecci\u00f3n de bater\u00edas en desuso y la recolecci\u00f3n de aceite vegetal, entre otras medidas siempre en conjunto a la comunidad.<\/p>\n<\/div><\/section><\/div><div  style='height:50px' class='hr hr-invisible   avia-builder-el-6  el_after_av_one_full  el_before_av_social_share '><span class='hr-inner ' ><span class='hr-inner-style'><\/span><\/span><\/div><\/p>\n<div  class='av-social-sharing-box  avia-builder-el-7  el_after_av_hr  el_before_av_hr  '><div class='av-share-box'><h5 class='av-share-link-description av-no-toc '>Compartir esta noticia<\/h5><ul class='av-share-box-list noLightbox'><li class='av-share-link av-social-link-facebook' ><a target=\"_blank\" aria-label=\"Compartir en Facebook\" href='https:\/\/www.facebook.com\/sharer.php?u=https:\/\/radiorevelacionfm.cl\/?p=9526&#038;t=Destacan%20trabajo%20de%20jard%C3%ADn%20infantil%20de%20Puyuhuapi%20en%20crear%20conciencia%20del%20cuidado%20del%20medio%20ambiente' aria-hidden='false' data-av_icon='\ue8f3' data-av_iconfont='entypo-fontello' title='' data-avia-related-tooltip='Compartir en Facebook' rel=\"noopener\"><span class='avia_hidden_link_text'>Compartir en Facebook<\/span><\/a><\/li><li class='av-share-link av-social-link-twitter' ><a target=\"_blank\" aria-label=\"Compartir en Twitter\" href='https:\/\/twitter.com\/share?text=Destacan%20trabajo%20de%20jard%C3%ADn%20infantil%20de%20Puyuhuapi%20en%20crear%20conciencia%20del%20cuidado%20del%20medio%20ambiente&#038;url=https:\/\/radiorevelacionfm.cl\/?p=9526' aria-hidden='false' data-av_icon='\ue8f1' data-av_iconfont='entypo-fontello' title='' data-avia-related-tooltip='Compartir en Twitter' rel=\"noopener\"><span class='avia_hidden_link_text'>Compartir en Twitter<\/span><\/a><\/li><li class='av-share-link av-social-link-whatsapp' ><a target=\"_blank\" aria-label=\"Compartir en Whatsapp\" href='https:\/\/api.whatsapp.com\/send?text=https:\/\/radiorevelacionfm.cl\/?p=9526' aria-hidden='false' data-av_icon='\uf232' data-av_iconfont='entypo-fontello' title='' data-avia-related-tooltip='Compartir en Whatsapp' rel=\"noopener\"><span class='avia_hidden_link_text'>Compartir en Whatsapp<\/span><\/a><\/li><li class='av-share-link av-social-link-linkedin' ><a target=\"_blank\" aria-label=\"Compartir en LinkedIn\" href='https:\/\/linkedin.com\/shareArticle?mini=true&#038;title=Destacan%20trabajo%20de%20jard%C3%ADn%20infantil%20de%20Puyuhuapi%20en%20crear%20conciencia%20del%20cuidado%20del%20medio%20ambiente&#038;url=https:\/\/radiorevelacionfm.cl\/?p=9526' aria-hidden='false' data-av_icon='\ue8fc' data-av_iconfont='entypo-fontello' title='' data-avia-related-tooltip='Compartir en LinkedIn' rel=\"noopener\"><span class='avia_hidden_link_text'>Compartir en LinkedIn<\/span><\/a><\/li><li class='av-share-link av-social-link-mail' ><a  aria-label=\"Compartir por correo\" href='mailto:?subject=Destacan%20trabajo%20de%20jard%C3%ADn%20infantil%20de%20Puyuhuapi%20en%20crear%20conciencia%20del%20cuidado%20del%20medio%20ambiente&#038;body=https:\/\/radiorevelacionfm.cl\/?p=9526' aria-hidden='false' data-av_icon='\ue805' data-av_iconfont='entypo-fontello' title='' data-avia-related-tooltip='Compartir por correo'><span class='avia_hidden_link_text'>Compartir por correo<\/span><\/a><\/li><\/ul><\/div><\/div>\n<div  style='height:50px' class='hr hr-invisible   avia-builder-el-8  el_after_av_social_share  el_before_av_comments_list '><span class='hr-inner ' ><span class='hr-inner-style'><\/span><\/span><\/div>\n<div  class='av-buildercomment  av-blog-meta-html-info-disabled av-blog-meta-tag-disabled  '><\/div>\n","protected":false},"excerpt":{"rendered":"","protected":false},"author":1,"featured_media":9527,"comment_status":"open","ping_status":"open","sticky":false,"template":"","format":"standard","meta":{"footnotes":""},"categories":[38],"tags":[],"class_list":["post-9526","post","type-post","status-publish","format-standard","has-post-thumbnail","hentry","category-regional"],"jetpack_featured_media_url":"https:\/\/radiorevelacionfm.cl\/wp-content\/uploads\/2021\/10\/JARDIN-PUYUHUAPI-2-1-1.jpeg","_links":{"self":[{"href":"https:\/\/radiorevelacionfm.cl\/index.php?rest_route=\/wp\/v2\/posts\/9526","targetHints":{"allow":["GET"]}}],"collection":[{"href":"https:\/\/radiorevelacionfm.cl\/index.php?rest_route=\/wp\/v2\/posts"}],"about":[{"href":"https:\/\/radiorevelacionfm.cl\/index.php?rest_route=\/wp\/v2\/types\/post"}],"author":[{"embeddable":true,"href":"https:\/\/radiorevelacionfm.cl\/index.php?rest_route=\/wp\/v2\/users\/1"}],"replies":[{"embeddable":true,"href":"https:\/\/radiorevelacionfm.cl\/index.php?rest_route=%2Fwp%2Fv2%2Fcomments&post=9526"}],"version-history":[{"count":1,"href":"https:\/\/radiorevelacionfm.cl\/index.php?rest_route=\/wp\/v2\/posts\/9526\/revisions"}],"predecessor-version":[{"id":9528,"href":"https:\/\/radiorevelacionfm.cl\/index.php?rest_route=\/wp\/v2\/posts\/9526\/revisions\/9528"}],"wp:featuredmedia":[{"embeddable":true,"href":"https:\/\/radiorevelacionfm.cl\/index.php?rest_route=\/wp\/v2\/media\/9527"}],"wp:attachment":[{"href":"https:\/\/radiorevelacionfm.cl\/index.php?rest_route=%2Fwp%2Fv2%2Fmedia&parent=9526"}],"wp:term":[{"taxonomy":"category","embeddable":true,"href":"https:\/\/radiorevelacionfm.cl\/index.php?rest_route=%2Fwp%2Fv2%2Fcategories&post=9526"},{"taxonomy":"post_tag","embeddable":true,"href":"https:\/\/radiorevelacionfm.cl\/index.php?rest_route=%2Fwp%2Fv2%2Ftags&post=9526"}],"curies":[{"name":"wp","href":"https:\/\/api.w.org\/{rel}","templated":true}]}}