{"id":9523,"date":"2021-10-11T16:11:07","date_gmt":"2021-10-11T19:11:07","guid":{"rendered":"https:\/\/radiorevelacionfm.cl\/?p=9523"},"modified":"2021-10-11T16:11:07","modified_gmt":"2021-10-11T19:11:07","slug":"pobladores-de-rio-norte-exigen-a-las-autoridades-la-instalacion-de-un-puente-mecano-en-el-sector","status":"publish","type":"post","link":"https:\/\/radiorevelacionfm.cl\/?p=9523","title":{"rendered":"Pobladores de R\u00edo Norte exigen a las autoridades la instalaci\u00f3n de un puente mecano en el sector"},"content":{"rendered":"<div class=\"flex_column av_one_full  flex_column_div av-zero-column-padding first  avia-builder-el-0  el_before_av_one_full  avia-builder-el-first  \" style='border-radius:0px; '><div  class='avia-image-container  av-styling-    avia-builder-el-1  avia-builder-el-no-sibling  avia-align-center '  itemprop=\"image\" itemscope=\"itemscope\" itemtype=\"https:\/\/schema.org\/ImageObject\"  ><div class='avia-image-container-inner'><div class='avia-image-overlay-wrap'><img decoding=\"async\" class='wp-image-9524 avia-img-lazy-loading-not-9524 avia_image' src=\"https:\/\/radiorevelacionfm.cl\/wp-content\/uploads\/2021\/10\/Rio-Norte-2021-10-08-1-1.jpeg\" alt='' title='Rio Norte 2021-10-08 (1) (1)' height=\"600\" width=\"900\"  itemprop=\"thumbnailUrl\" srcset=\"https:\/\/radiorevelacionfm.cl\/wp-content\/uploads\/2021\/10\/Rio-Norte-2021-10-08-1-1.jpeg 900w, https:\/\/radiorevelacionfm.cl\/wp-content\/uploads\/2021\/10\/Rio-Norte-2021-10-08-1-1-300x200.jpeg 300w, https:\/\/radiorevelacionfm.cl\/wp-content\/uploads\/2021\/10\/Rio-Norte-2021-10-08-1-1-768x512.jpeg 768w, https:\/\/radiorevelacionfm.cl\/wp-content\/uploads\/2021\/10\/Rio-Norte-2021-10-08-1-1-705x470.jpeg 705w, https:\/\/radiorevelacionfm.cl\/wp-content\/uploads\/2021\/10\/Rio-Norte-2021-10-08-1-1-600x400.jpeg 600w\" sizes=\"(max-width: 900px) 100vw, 900px\" \/><\/div><\/div><\/div><\/div><div class=\"flex_column av_one_full  flex_column_div av-zero-column-padding first  avia-builder-el-2  el_after_av_one_full  el_before_av_one_full  column-top-margin\" style='border-radius:0px; '><section class=\"av_textblock_section \"  itemscope=\"itemscope\" itemtype=\"https:\/\/schema.org\/BlogPosting\" itemprop=\"blogPost\" ><div class='avia_textblock  '   itemprop=\"text\" ><p style=\"text-align: center;\"><span style=\"font-size: 18pt;\"><strong>Pobladores de R\u00edo Norte exigen a las autoridades la instalaci\u00f3n de un puente mecano en el sector<\/strong><\/span><\/p>\n<div id=\"gtx-trans\" style=\"position: absolute; left: -50px; top: 4.31534px;\">\n<div class=\"gtx-trans-icon\"><\/div>\n<\/div>\n<\/div><\/section><\/div><div class=\"flex_column av_one_full  flex_column_div av-zero-column-padding first  avia-builder-el-4  el_after_av_one_full  el_before_av_hr  column-top-margin\" style='border-radius:0px; '><section class=\"av_textblock_section \"  itemscope=\"itemscope\" itemtype=\"https:\/\/schema.org\/BlogPosting\" itemprop=\"blogPost\" ><div class='avia_textblock  '   itemprop=\"text\" ><p style=\"text-align: justify;\">Una sentida demanda tienen m\u00e1s de 30 familias del sector R\u00edo Norte, quienes integran el Comit\u00e9 Nueva Uni\u00f3n. Entre ellos, hay productores le\u00f1eros, agricultores y ganaderos, quienes piden a las autoridades que no los olviden y puedan gestionar m\u00e1s pronto que tarde, la instalaci\u00f3n de un puente mecano para poder transitar y tambi\u00e9n sacar sus productos a las localidades m\u00e1s cercanas como \u00d1irehuano, Villa Ortega, y tambi\u00e9n hacia la capital regional.<\/p>\n<p style=\"text-align: justify;\">Don Evaristo Vega Vega, es el presidente del comit\u00e9 y el viernes 8 de octubre reci\u00e9n pasado convoc\u00f3 a autoridades del Ministerio de Obras P\u00fablicas, Energ\u00eda y tambi\u00e9n del municipio de Coyhaique, adem\u00e1s del parlamentario Ren\u00e9 Alinco Bustos, el que cabe mencionar, fue el \u00fanico que acudi\u00f3 al encuentro.<\/p>\n<p style=\"text-align: justify;\">El dirigente sostuvo que esperan una soluci\u00f3n definitiva para vecinos del sector quienes a diario se arriesgan transitando por el puente que es de madera y tiene varias tablas sueltas, infraestructura que se levant\u00f3 en el 2002 y hace 5 a\u00f1os aproximadamente presenta graves da\u00f1os por lo que pobladores corren peligro inminente de caer al r\u00edo. Don Evaristo igualmente resalt\u00f3 los problemas en la producci\u00f3n, por ejemplo, con la le\u00f1a.<\/p>\n<p style=\"text-align: justify;\">\u201cAqu\u00ed tenemos un plan de manejo que ya se nos va a vencer porque no tenemos c\u00f3mo pasar, porque lo m\u00e1s cerca que tenemos es la le\u00f1a, hay gente igual, ac\u00e1 se est\u00e1 poblando y no tienen c\u00f3mo pasar su material\u2026 cuando el r\u00edo est\u00e1 bajo hay un bandeo, pero una vez creciendo ya no tenemos pasada y hay gente construyendo. Aqu\u00ed necesitamos el puente, porque es el problema m\u00e1s grande que tenemos\u2026\u201d, afirm\u00f3 Evaristo Vega, presidente del comit\u00e9 Nueva Uni\u00f3n.<\/p>\n<p style=\"text-align: justify;\">Por su parte, el diputado Ren\u00e9 Alinco Bustos, inform\u00f3 que se est\u00e1n realizando gestiones con el ministerio de Obras P\u00fablicas que encabeza Alfredo Moreno, con el fin de evitar mayor burocracia, tal como pas\u00f3 con el puente instalado en el sector de La Chilenita.<\/p>\n<p style=\"text-align: justify;\">\u201cEstamos trabajando hace un tiempo con los campesinos del sector de R\u00edo Norte, ellos tienen un sue\u00f1o y una necesidad urgente que es un puente para que puedan transitar en forma segura y expedita. Ya iniciamos las gestiones con el ministro de Obras P\u00fablicas en Santiago para ver que al m\u00e1s breve plazo podamos conseguir un puente mecano en el sector para que m\u00e1s de 30 o 40 pobladores, todos colonos puedan transitar y trasladar sus productos y as\u00ed elevar su nivel de vida\u2026\u201d, sostuvo el parlamentario aysenino en reuni\u00f3n con los vecinos de este alejado sector rural.<\/p>\n<p style=\"text-align: justify;\">Cabe resaltar que los pobladores elevar\u00e1n una carta con fotograf\u00edas al ministro, la que ser\u00e1 entregada por el congresista aysenino en Santiago.<\/p>\n<\/div><\/section><\/div><div  style='height:50px' class='hr hr-invisible   avia-builder-el-6  el_after_av_one_full  el_before_av_social_share '><span class='hr-inner ' ><span class='hr-inner-style'><\/span><\/span><\/div><\/p>\n<div  class='av-social-sharing-box  avia-builder-el-7  el_after_av_hr  el_before_av_hr  '><div class='av-share-box'><h5 class='av-share-link-description av-no-toc '>Compartir esta noticia<\/h5><ul class='av-share-box-list noLightbox'><li class='av-share-link av-social-link-facebook' ><a target=\"_blank\" aria-label=\"Compartir en Facebook\" href='https:\/\/www.facebook.com\/sharer.php?u=https:\/\/radiorevelacionfm.cl\/?p=9523&#038;t=Pobladores%20de%20R%C3%ADo%20Norte%20exigen%20a%20las%20autoridades%20la%20instalaci%C3%B3n%20de%20un%20puente%20mecano%20en%20el%20sector' aria-hidden='false' data-av_icon='\ue8f3' data-av_iconfont='entypo-fontello' title='' data-avia-related-tooltip='Compartir en Facebook' rel=\"noopener\"><span class='avia_hidden_link_text'>Compartir en Facebook<\/span><\/a><\/li><li class='av-share-link av-social-link-twitter' ><a target=\"_blank\" aria-label=\"Compartir en Twitter\" href='https:\/\/twitter.com\/share?text=Pobladores%20de%20R%C3%ADo%20Norte%20exigen%20a%20las%20autoridades%20la%20instalaci%C3%B3n%20de%20un%20puente%20mecano%20en%20el%20sector&#038;url=https:\/\/radiorevelacionfm.cl\/?p=9523' aria-hidden='false' data-av_icon='\ue8f1' data-av_iconfont='entypo-fontello' title='' data-avia-related-tooltip='Compartir en Twitter' rel=\"noopener\"><span class='avia_hidden_link_text'>Compartir en Twitter<\/span><\/a><\/li><li class='av-share-link av-social-link-whatsapp' ><a target=\"_blank\" aria-label=\"Compartir en Whatsapp\" href='https:\/\/api.whatsapp.com\/send?text=https:\/\/radiorevelacionfm.cl\/?p=9523' aria-hidden='false' data-av_icon='\uf232' data-av_iconfont='entypo-fontello' title='' data-avia-related-tooltip='Compartir en Whatsapp' rel=\"noopener\"><span class='avia_hidden_link_text'>Compartir en Whatsapp<\/span><\/a><\/li><li class='av-share-link av-social-link-linkedin' ><a target=\"_blank\" aria-label=\"Compartir en LinkedIn\" href='https:\/\/linkedin.com\/shareArticle?mini=true&#038;title=Pobladores%20de%20R%C3%ADo%20Norte%20exigen%20a%20las%20autoridades%20la%20instalaci%C3%B3n%20de%20un%20puente%20mecano%20en%20el%20sector&#038;url=https:\/\/radiorevelacionfm.cl\/?p=9523' aria-hidden='false' data-av_icon='\ue8fc' data-av_iconfont='entypo-fontello' title='' data-avia-related-tooltip='Compartir en LinkedIn' rel=\"noopener\"><span class='avia_hidden_link_text'>Compartir en LinkedIn<\/span><\/a><\/li><li class='av-share-link av-social-link-mail' ><a  aria-label=\"Compartir por correo\" href='mailto:?subject=Pobladores%20de%20R%C3%ADo%20Norte%20exigen%20a%20las%20autoridades%20la%20instalaci%C3%B3n%20de%20un%20puente%20mecano%20en%20el%20sector&#038;body=https:\/\/radiorevelacionfm.cl\/?p=9523' aria-hidden='false' data-av_icon='\ue805' data-av_iconfont='entypo-fontello' title='' data-avia-related-tooltip='Compartir por correo'><span class='avia_hidden_link_text'>Compartir por correo<\/span><\/a><\/li><\/ul><\/div><\/div>\n<div  style='height:50px' class='hr hr-invisible   avia-builder-el-8  el_after_av_social_share  el_before_av_comments_list '><span class='hr-inner ' ><span class='hr-inner-style'><\/span><\/span><\/div>\n<div  class='av-buildercomment  av-blog-meta-html-info-disabled av-blog-meta-tag-disabled  '><\/div>\n","protected":false},"excerpt":{"rendered":"","protected":false},"author":1,"featured_media":9524,"comment_status":"open","ping_status":"open","sticky":false,"template":"","format":"standard","meta":{"footnotes":""},"categories":[38],"tags":[],"class_list":["post-9523","post","type-post","status-publish","format-standard","has-post-thumbnail","hentry","category-regional"],"jetpack_featured_media_url":"https:\/\/radiorevelacionfm.cl\/wp-content\/uploads\/2021\/10\/Rio-Norte-2021-10-08-1-1.jpeg","_links":{"self":[{"href":"https:\/\/radiorevelacionfm.cl\/index.php?rest_route=\/wp\/v2\/posts\/9523","targetHints":{"allow":["GET"]}}],"collection":[{"href":"https:\/\/radiorevelacionfm.cl\/index.php?rest_route=\/wp\/v2\/posts"}],"about":[{"href":"https:\/\/radiorevelacionfm.cl\/index.php?rest_route=\/wp\/v2\/types\/post"}],"author":[{"embeddable":true,"href":"https:\/\/radiorevelacionfm.cl\/index.php?rest_route=\/wp\/v2\/users\/1"}],"replies":[{"embeddable":true,"href":"https:\/\/radiorevelacionfm.cl\/index.php?rest_route=%2Fwp%2Fv2%2Fcomments&post=9523"}],"version-history":[{"count":1,"href":"https:\/\/radiorevelacionfm.cl\/index.php?rest_route=\/wp\/v2\/posts\/9523\/revisions"}],"predecessor-version":[{"id":9525,"href":"https:\/\/radiorevelacionfm.cl\/index.php?rest_route=\/wp\/v2\/posts\/9523\/revisions\/9525"}],"wp:featuredmedia":[{"embeddable":true,"href":"https:\/\/radiorevelacionfm.cl\/index.php?rest_route=\/wp\/v2\/media\/9524"}],"wp:attachment":[{"href":"https:\/\/radiorevelacionfm.cl\/index.php?rest_route=%2Fwp%2Fv2%2Fmedia&parent=9523"}],"wp:term":[{"taxonomy":"category","embeddable":true,"href":"https:\/\/radiorevelacionfm.cl\/index.php?rest_route=%2Fwp%2Fv2%2Fcategories&post=9523"},{"taxonomy":"post_tag","embeddable":true,"href":"https:\/\/radiorevelacionfm.cl\/index.php?rest_route=%2Fwp%2Fv2%2Ftags&post=9523"}],"curies":[{"name":"wp","href":"https:\/\/api.w.org\/{rel}","templated":true}]}}