{"id":9520,"date":"2021-10-11T12:20:13","date_gmt":"2021-10-11T15:20:13","guid":{"rendered":"https:\/\/radiorevelacionfm.cl\/?p=9520"},"modified":"2021-10-11T12:20:13","modified_gmt":"2021-10-11T15:20:13","slug":"en-diversos-operativos-pdi-detuvo-a-nueve-personas-en-provincia-de-aysen","status":"publish","type":"post","link":"https:\/\/radiorevelacionfm.cl\/?p=9520","title":{"rendered":"En diversos operativos PDI detuvo a nueve personas en provincia de Ays\u00e9n"},"content":{"rendered":"<div class=\"flex_column av_one_full  flex_column_div av-zero-column-padding first  avia-builder-el-0  el_before_av_one_full  avia-builder-el-first  \" style='border-radius:0px; '><div  class='avia-image-container  av-styling-    avia-builder-el-1  avia-builder-el-no-sibling  avia-align-center '  itemprop=\"image\" itemscope=\"itemscope\" itemtype=\"https:\/\/schema.org\/ImageObject\"  ><div class='avia-image-container-inner'><div class='avia-image-overlay-wrap'><img decoding=\"async\" class='wp-image-6365 avia-img-lazy-loading-not-6365 avia_image' src=\"https:\/\/radiorevelacionfm.cl\/wp-content\/uploads\/2021\/07\/PDI-Imagen-referencial-1-1.jpg\" alt='' title='PDI Imagen referencial (1) (1)' height=\"600\" width=\"900\"  itemprop=\"thumbnailUrl\" srcset=\"https:\/\/radiorevelacionfm.cl\/wp-content\/uploads\/2021\/07\/PDI-Imagen-referencial-1-1.jpg 900w, https:\/\/radiorevelacionfm.cl\/wp-content\/uploads\/2021\/07\/PDI-Imagen-referencial-1-1-300x200.jpg 300w, https:\/\/radiorevelacionfm.cl\/wp-content\/uploads\/2021\/07\/PDI-Imagen-referencial-1-1-768x512.jpg 768w, https:\/\/radiorevelacionfm.cl\/wp-content\/uploads\/2021\/07\/PDI-Imagen-referencial-1-1-705x470.jpg 705w, https:\/\/radiorevelacionfm.cl\/wp-content\/uploads\/2021\/07\/PDI-Imagen-referencial-1-1-600x400.jpg 600w\" sizes=\"(max-width: 900px) 100vw, 900px\" \/><\/div><\/div><\/div><\/div>\n<div class=\"flex_column av_one_full  flex_column_div av-zero-column-padding first  avia-builder-el-2  el_after_av_one_full  el_before_av_one_full  column-top-margin\" style='border-radius:0px; '><section class=\"av_textblock_section \"  itemscope=\"itemscope\" itemtype=\"https:\/\/schema.org\/BlogPosting\" itemprop=\"blogPost\" ><div class='avia_textblock  '   itemprop=\"text\" ><p style=\"text-align: center;\"><strong><span style=\"font-size: 18pt;\">En diversos operativos PDI detuvo a nueve personas en provincia de Ays\u00e9n<\/span><\/strong><\/p>\n<div id=\"gtx-trans\" style=\"position: absolute; left: -50px; top: 4.31534px;\">\n<div class=\"gtx-trans-icon\"><\/div>\n<\/div>\n<\/div><\/section><\/div><div class=\"flex_column av_one_full  flex_column_div av-zero-column-padding first  avia-builder-el-4  el_after_av_one_full  el_before_av_hr  column-top-margin\" style='border-radius:0px; '><section class=\"av_textblock_section \"  itemscope=\"itemscope\" itemtype=\"https:\/\/schema.org\/BlogPosting\" itemprop=\"blogPost\" ><div class='avia_textblock  '   itemprop=\"text\" ><p style=\"text-align: justify;\">Durante la semana reci\u00e9n pasada, detectives de la Prefectura Provincial Ays\u00e9n dieron cumplimiento a requerimientos emanados por los Tribunales y el Ministerio P\u00fablico, deteniendo a nueve personas con \u00f3rdenes de arresto y detenci\u00f3n pendientes y por delitos flagrantes e investigaciones.<\/p>\n<p style=\"text-align: justify;\">Al respecto, el subprefecto Eduardo Charpentier, jefe de la Brigada de Investigaci\u00f3n Criminal Ays\u00e9n, se\u00f1al\u00f3 que \u201cdetectives de la Prefectura Provincial Ays\u00e9n en virtud al cumplimiento de las \u00f3rdenes de detenci\u00f3n emanadas por los Tribunales llevaron a efecto cinco detenciones en virtud a \u00f3rdenes de detenci\u00f3n por los delitos de atentado y amenazas contra la autoridad, receptaci\u00f3n, multas impagas del Juzgado de Polic\u00eda Local, no pago de pensi\u00f3n de alimentos y otros hechos. Estas personas fueron ubicadas y detenidas para ser puestas a disposici\u00f3n de los Tribunales correspondientes\u201d.<\/p>\n<p style=\"text-align: justify;\">Asimismo, a ra\u00edz de denuncias e investigaciones en curso se detuvo a cuatro personas por los delitos flagrantes de lesiones leves e infracci\u00f3n al art\u00edculo N\u00ba139 de la Ley de Pesca.<\/p>\n<p style=\"text-align: justify;\">Sobre el primero de los casos, el jefe de la unidad indic\u00f3 que \u201cen virtud a una denuncia por el delito de lesiones leves se procedieron a efectuar las diligencias de rigor que permitieron la identificaci\u00f3n, ubicaci\u00f3n y detenci\u00f3n de un hombre mayor de edad el cual hab\u00eda provocado lesiones a una mujer mayor de edad, que corresponde a la denunciante, poni\u00e9ndolo a disposici\u00f3n del Tribunal correspondiente\u201d.<\/p>\n<p style=\"text-align: justify;\">Posteriormente, los detectives de la Brigada Investigadora del Medio Ambiente y Patrimonio Cultural Ays\u00e9n se trasladaron hasta la localidad de Puerto Aguirre en virtud a una orden de investigar por la venta de locos, recurso hidrobiol\u00f3gico vedado, deteniendo a un sujeto mayor de edad y sin antecedentes policiales e incautando medio kilo del recurso. Por instrucci\u00f3n del fiscal de turno el sujeto qued\u00f3 en libertad, apercibido al art\u00edculo 26 del C\u00f3digo Procesal Penal.<\/p>\n<p style=\"text-align: justify;\">Finalmente, detectives de la Prefectura Provincial Ays\u00e9n detuvieron a dos hombres, mayores de edad y con antecedentes policiales, por el delito flagrante de lesiones leves, quienes se agredieron mutuamente en un altercado en la v\u00eda p\u00fablica. Ambos detenidos fueron dejados en libertad por instrucci\u00f3n del Ministerio P\u00fablico, apercibidos al art\u00edculo 26 del C\u00f3digo Procesal Penal.<\/p>\n<p style=\"text-align: justify;\">Parte de estas detenciones se realizaron previa denuncia, en ese sentido, el subprefecto Charpentier, indic\u00f3 que \u201ces importante que las personas afectadas denuncien este tipo de situaciones, as\u00ed como tambi\u00e9n las personas que tomen conocimiento de estos casos, ya que nos permitir\u00e1 investigar los hechos y dar con los responsables\u201d.<\/p>\n<\/div><\/section><\/div><\/p>\n<div  style='height:50px' class='hr hr-invisible   avia-builder-el-6  el_after_av_one_full  el_before_av_social_share '><span class='hr-inner ' ><span class='hr-inner-style'><\/span><\/span><\/div>\n<div  class='av-social-sharing-box  avia-builder-el-7  el_after_av_hr  el_before_av_hr  '><div class='av-share-box'><h5 class='av-share-link-description av-no-toc '>Compartir esta noticia<\/h5><ul class='av-share-box-list noLightbox'><li class='av-share-link av-social-link-facebook' ><a target=\"_blank\" aria-label=\"Compartir en Facebook\" href='https:\/\/www.facebook.com\/sharer.php?u=https:\/\/radiorevelacionfm.cl\/?p=9520&#038;t=En%20diversos%20operativos%20PDI%20detuvo%20a%20nueve%20personas%20en%20provincia%20de%20Ays%C3%A9n' aria-hidden='false' data-av_icon='\ue8f3' data-av_iconfont='entypo-fontello' title='' data-avia-related-tooltip='Compartir en Facebook' rel=\"noopener\"><span class='avia_hidden_link_text'>Compartir en Facebook<\/span><\/a><\/li><li class='av-share-link av-social-link-twitter' ><a target=\"_blank\" aria-label=\"Compartir en Twitter\" href='https:\/\/twitter.com\/share?text=En%20diversos%20operativos%20PDI%20detuvo%20a%20nueve%20personas%20en%20provincia%20de%20Ays%C3%A9n&#038;url=https:\/\/radiorevelacionfm.cl\/?p=9520' aria-hidden='false' data-av_icon='\ue8f1' data-av_iconfont='entypo-fontello' title='' data-avia-related-tooltip='Compartir en Twitter' rel=\"noopener\"><span class='avia_hidden_link_text'>Compartir en Twitter<\/span><\/a><\/li><li class='av-share-link av-social-link-whatsapp' ><a target=\"_blank\" aria-label=\"Compartir en Whatsapp\" href='https:\/\/api.whatsapp.com\/send?text=https:\/\/radiorevelacionfm.cl\/?p=9520' aria-hidden='false' data-av_icon='\uf232' data-av_iconfont='entypo-fontello' title='' data-avia-related-tooltip='Compartir en Whatsapp' rel=\"noopener\"><span class='avia_hidden_link_text'>Compartir en Whatsapp<\/span><\/a><\/li><li class='av-share-link av-social-link-linkedin' ><a target=\"_blank\" aria-label=\"Compartir en LinkedIn\" href='https:\/\/linkedin.com\/shareArticle?mini=true&#038;title=En%20diversos%20operativos%20PDI%20detuvo%20a%20nueve%20personas%20en%20provincia%20de%20Ays%C3%A9n&#038;url=https:\/\/radiorevelacionfm.cl\/?p=9520' aria-hidden='false' data-av_icon='\ue8fc' data-av_iconfont='entypo-fontello' title='' data-avia-related-tooltip='Compartir en LinkedIn' rel=\"noopener\"><span class='avia_hidden_link_text'>Compartir en LinkedIn<\/span><\/a><\/li><li class='av-share-link av-social-link-mail' ><a  aria-label=\"Compartir por correo\" href='mailto:?subject=En%20diversos%20operativos%20PDI%20detuvo%20a%20nueve%20personas%20en%20provincia%20de%20Ays%C3%A9n&#038;body=https:\/\/radiorevelacionfm.cl\/?p=9520' aria-hidden='false' data-av_icon='\ue805' data-av_iconfont='entypo-fontello' title='' data-avia-related-tooltip='Compartir por correo'><span class='avia_hidden_link_text'>Compartir por correo<\/span><\/a><\/li><\/ul><\/div><\/div>\n<div  style='height:50px' class='hr hr-invisible   avia-builder-el-8  el_after_av_social_share  el_before_av_comments_list '><span class='hr-inner ' ><span class='hr-inner-style'><\/span><\/span><\/div>\n<div  class='av-buildercomment  av-blog-meta-html-info-disabled av-blog-meta-tag-disabled  '><\/div>\n","protected":false},"excerpt":{"rendered":"","protected":false},"author":1,"featured_media":6365,"comment_status":"open","ping_status":"open","sticky":false,"template":"","format":"standard","meta":{"footnotes":""},"categories":[36],"tags":[],"class_list":["post-9520","post","type-post","status-publish","format-standard","has-post-thumbnail","hentry","category-policial"],"jetpack_featured_media_url":"https:\/\/radiorevelacionfm.cl\/wp-content\/uploads\/2021\/07\/PDI-Imagen-referencial-1-1.jpg","_links":{"self":[{"href":"https:\/\/radiorevelacionfm.cl\/index.php?rest_route=\/wp\/v2\/posts\/9520","targetHints":{"allow":["GET"]}}],"collection":[{"href":"https:\/\/radiorevelacionfm.cl\/index.php?rest_route=\/wp\/v2\/posts"}],"about":[{"href":"https:\/\/radiorevelacionfm.cl\/index.php?rest_route=\/wp\/v2\/types\/post"}],"author":[{"embeddable":true,"href":"https:\/\/radiorevelacionfm.cl\/index.php?rest_route=\/wp\/v2\/users\/1"}],"replies":[{"embeddable":true,"href":"https:\/\/radiorevelacionfm.cl\/index.php?rest_route=%2Fwp%2Fv2%2Fcomments&post=9520"}],"version-history":[{"count":2,"href":"https:\/\/radiorevelacionfm.cl\/index.php?rest_route=\/wp\/v2\/posts\/9520\/revisions"}],"predecessor-version":[{"id":9522,"href":"https:\/\/radiorevelacionfm.cl\/index.php?rest_route=\/wp\/v2\/posts\/9520\/revisions\/9522"}],"wp:featuredmedia":[{"embeddable":true,"href":"https:\/\/radiorevelacionfm.cl\/index.php?rest_route=\/wp\/v2\/media\/6365"}],"wp:attachment":[{"href":"https:\/\/radiorevelacionfm.cl\/index.php?rest_route=%2Fwp%2Fv2%2Fmedia&parent=9520"}],"wp:term":[{"taxonomy":"category","embeddable":true,"href":"https:\/\/radiorevelacionfm.cl\/index.php?rest_route=%2Fwp%2Fv2%2Fcategories&post=9520"},{"taxonomy":"post_tag","embeddable":true,"href":"https:\/\/radiorevelacionfm.cl\/index.php?rest_route=%2Fwp%2Fv2%2Ftags&post=9520"}],"curies":[{"name":"wp","href":"https:\/\/api.w.org\/{rel}","templated":true}]}}