{"id":9518,"date":"2021-10-11T11:39:31","date_gmt":"2021-10-11T14:39:31","guid":{"rendered":"https:\/\/radiorevelacionfm.cl\/?p=9518"},"modified":"2021-10-12T00:25:49","modified_gmt":"2021-10-12T03:25:49","slug":"pdi-y-fiscalia-investigan-abuso-sexual-a-nina-de-11-anos","status":"publish","type":"post","link":"https:\/\/radiorevelacionfm.cl\/?p=9518","title":{"rendered":"PDI y Fiscal\u00eda investigan abuso sexual a ni\u00f1a de 11 a\u00f1os"},"content":{"rendered":"<div class=\"flex_column av_one_full  flex_column_div av-zero-column-padding first  avia-builder-el-0  el_before_av_one_full  avia-builder-el-first  \" style='border-radius:0px; '><div  class='avia-image-container  av-styling-    avia-builder-el-1  avia-builder-el-no-sibling  avia-align-center '  itemprop=\"image\" itemscope=\"itemscope\" itemtype=\"https:\/\/schema.org\/ImageObject\"  ><div class='avia-image-container-inner'><div class='avia-image-overlay-wrap'><img decoding=\"async\" class='wp-image-9546 avia-img-lazy-loading-not-9546 avia_image' src=\"https:\/\/radiorevelacionfm.cl\/wp-content\/uploads\/2021\/10\/PDI-11.01.21-1-1.jpg\" alt='' title='PDI 11.01.21 (1) (1)' height=\"600\" width=\"903\"  itemprop=\"thumbnailUrl\" srcset=\"https:\/\/radiorevelacionfm.cl\/wp-content\/uploads\/2021\/10\/PDI-11.01.21-1-1.jpg 903w, https:\/\/radiorevelacionfm.cl\/wp-content\/uploads\/2021\/10\/PDI-11.01.21-1-1-300x199.jpg 300w, https:\/\/radiorevelacionfm.cl\/wp-content\/uploads\/2021\/10\/PDI-11.01.21-1-1-768x510.jpg 768w, https:\/\/radiorevelacionfm.cl\/wp-content\/uploads\/2021\/10\/PDI-11.01.21-1-1-705x468.jpg 705w, https:\/\/radiorevelacionfm.cl\/wp-content\/uploads\/2021\/10\/PDI-11.01.21-1-1-600x399.jpg 600w\" sizes=\"(max-width: 903px) 100vw, 903px\" \/><\/div><\/div><\/div><\/div><div class=\"flex_column av_one_full  flex_column_div av-zero-column-padding first  avia-builder-el-2  el_after_av_one_full  el_before_av_one_full  column-top-margin\" style='border-radius:0px; '><section class=\"av_textblock_section \"  itemscope=\"itemscope\" itemtype=\"https:\/\/schema.org\/BlogPosting\" itemprop=\"blogPost\" ><div class='avia_textblock  '   itemprop=\"text\" ><p style=\"text-align: center;\"><span style=\"font-size: 18pt;\"><strong>PDI y Fiscal\u00eda investigan abuso sexual a ni\u00f1a de 11 a\u00f1os <\/strong><\/span><\/p>\n<div id=\"gtx-trans\" style=\"position: absolute; left: -50px; top: 4.31534px;\">\n<div class=\"gtx-trans-icon\"><\/div>\n<\/div>\n<\/div><\/section><\/div><\/p>\n<div class=\"flex_column av_one_full  flex_column_div av-zero-column-padding first  avia-builder-el-4  el_after_av_one_full  el_before_av_hr  column-top-margin\" style='border-radius:0px; '><section class=\"av_textblock_section \"  itemscope=\"itemscope\" itemtype=\"https:\/\/schema.org\/BlogPosting\" itemprop=\"blogPost\" ><div class='avia_textblock  '   itemprop=\"text\" ><p style=\"text-align: justify;\">A ra\u00edz de una denuncia interpuesta en la PDI y en un trabajo investigativo coordinado con el Ministerio P\u00fablico, detectives de la Brigada Investigadora de Delitos Sexuales (BRISEX) Coyhaique detuvieron a un sujeto, de 43 a\u00f1os y sin antecedentes policiales, por el delito de abuso sexual de \u00a0menor de 14 a\u00f1os.<\/p>\n<p style=\"text-align: justify;\">Sobre los hechos, el subprefecto Richard Biernay, jefe de la unidad especializada, se\u00f1al\u00f3 que \u201cel pasado jueves 7 de octubre recibimos una denuncia por el delito de abuso sexual de menor de 14 a\u00f1os, hechos que afectaron a una ni\u00f1a de 11 a\u00f1os, informando de estos antecedentes al Ministerio P\u00fablico, quien instruy\u00f3 una orden de investigar verbal\u201d.<\/p>\n<p style=\"text-align: justify;\">En ese sentido, \u201clos detectives especializados en delitos sexuales realizaron las primeras diligencias sobre este caso, que consistieron en fijaci\u00f3n fotogr\u00e1fica y planim\u00e9trica del sitio de suceso, tomar declaraciones, procediendo a la detenci\u00f3n del imputado para ponerlo a disposici\u00f3n del Juzgado de Garant\u00eda para su control de detenci\u00f3n\u201d, agreg\u00f3 el subprefecto Biernay.<\/p>\n<p style=\"text-align: justify;\">FORMALIZACI\u00d3N<\/p>\n<p style=\"text-align: justify;\">Al respecto, la fiscal Mar\u00eda In\u00e9s N\u00fa\u00f1ez Briso, indic\u00f3 que durante la audiencia de control de la detenci\u00f3n efectuada el viernes, se solicit\u00f3 ampliar su aprehensi\u00f3n para poder continuar con las diligencias investigativas que permitieran su formalizaci\u00f3n.<\/p>\n<p style=\"text-align: justify;\">La segunda audiencia se efectu\u00f3 este s\u00e1bado, donde el Ministerio P\u00fablico solicit\u00f3 la prisi\u00f3n preventiva del imputado, sin embargo el Tribunal decret\u00f3 la aplicaci\u00f3n de otras medida cautelares. \u201cEl imputado qued\u00f3 sujeto a medidas cautelares del art\u00edculo 155; en ese caso el Tribunal decret\u00f3 el arraigo regional, vigilancia de la autoridad y la prohibici\u00f3n absoluta de acercarse a la v\u00edctima, domicilio o lugar de estudios\u201d, coment\u00f3 la fiscal Mar\u00eda In\u00e9s N\u00fa\u00f1ez.<\/p>\n<p style=\"text-align: justify;\">La persecutora penal agreg\u00f3 que, el plazo para el t\u00e9rmino de las diligencias fue fijado en 90 d\u00edas, por parte del Juzgado de Garant\u00eda.<\/p>\n<p style=\"text-align: justify;\">DENUNCIAR<\/p>\n<p style=\"text-align: justify;\">Desde la PDI, el subprefecto Richard Biernay, jefe de la BRISEX Coyhaique, enfatiz\u00f3 en la importancia de denunciar todos los hechos que afecten la indemnidad y derechos de los ni\u00f1os, ni\u00f1as y adolescentes y alert\u00f3 a los padres, madres y adultos responsables a estar atentos frente a los hechos que afecten a los ni\u00f1os y ni\u00f1as, ense\u00f1arles a proteger su intimidad y establecer espacios de confianza y comunicaci\u00f3n con ellos para detectar cualquier hecho negativo que pueda vulnerar sus derechos, denunciando oportunamente ante los organismos competentes para esclarecer los hechos. \u201cEl llamado que hace la PDI es a cursar las denuncias de manera oportuna porque esto nos da a nosotros la posibilidad de realizar las primeras diligencias que son esenciales para tener estos resultados\u201d, puntualiz\u00f3 el subprefecto Biernay.<\/p>\n<\/div><\/section><\/div>\n<div  style='height:50px' class='hr hr-invisible   avia-builder-el-6  el_after_av_one_full  el_before_av_social_share '><span class='hr-inner ' ><span class='hr-inner-style'><\/span><\/span><\/div>\n<div  class='av-social-sharing-box  avia-builder-el-7  el_after_av_hr  el_before_av_hr  '><div class='av-share-box'><h5 class='av-share-link-description av-no-toc '>Compartir esta noticia<\/h5><ul class='av-share-box-list noLightbox'><li class='av-share-link av-social-link-facebook' ><a target=\"_blank\" aria-label=\"Compartir en Facebook\" href='https:\/\/www.facebook.com\/sharer.php?u=https:\/\/radiorevelacionfm.cl\/?p=9518&#038;t=PDI%20y%20Fiscal%C3%ADa%20investigan%20abuso%20sexual%20a%20ni%C3%B1a%20de%2011%20a%C3%B1os' aria-hidden='false' data-av_icon='\ue8f3' data-av_iconfont='entypo-fontello' title='' data-avia-related-tooltip='Compartir en Facebook' rel=\"noopener\"><span class='avia_hidden_link_text'>Compartir en Facebook<\/span><\/a><\/li><li class='av-share-link av-social-link-twitter' ><a target=\"_blank\" aria-label=\"Compartir en Twitter\" href='https:\/\/twitter.com\/share?text=PDI%20y%20Fiscal%C3%ADa%20investigan%20abuso%20sexual%20a%20ni%C3%B1a%20de%2011%20a%C3%B1os&#038;url=https:\/\/radiorevelacionfm.cl\/?p=9518' aria-hidden='false' data-av_icon='\ue8f1' data-av_iconfont='entypo-fontello' title='' data-avia-related-tooltip='Compartir en Twitter' rel=\"noopener\"><span class='avia_hidden_link_text'>Compartir en Twitter<\/span><\/a><\/li><li class='av-share-link av-social-link-whatsapp' ><a target=\"_blank\" aria-label=\"Compartir en Whatsapp\" href='https:\/\/api.whatsapp.com\/send?text=https:\/\/radiorevelacionfm.cl\/?p=9518' aria-hidden='false' data-av_icon='\uf232' data-av_iconfont='entypo-fontello' title='' data-avia-related-tooltip='Compartir en Whatsapp' rel=\"noopener\"><span class='avia_hidden_link_text'>Compartir en Whatsapp<\/span><\/a><\/li><li class='av-share-link av-social-link-linkedin' ><a target=\"_blank\" aria-label=\"Compartir en LinkedIn\" href='https:\/\/linkedin.com\/shareArticle?mini=true&#038;title=PDI%20y%20Fiscal%C3%ADa%20investigan%20abuso%20sexual%20a%20ni%C3%B1a%20de%2011%20a%C3%B1os&#038;url=https:\/\/radiorevelacionfm.cl\/?p=9518' aria-hidden='false' data-av_icon='\ue8fc' data-av_iconfont='entypo-fontello' title='' data-avia-related-tooltip='Compartir en LinkedIn' rel=\"noopener\"><span class='avia_hidden_link_text'>Compartir en LinkedIn<\/span><\/a><\/li><li class='av-share-link av-social-link-mail' ><a  aria-label=\"Compartir por correo\" href='mailto:?subject=PDI%20y%20Fiscal%C3%ADa%20investigan%20abuso%20sexual%20a%20ni%C3%B1a%20de%2011%20a%C3%B1os&#038;body=https:\/\/radiorevelacionfm.cl\/?p=9518' aria-hidden='false' data-av_icon='\ue805' data-av_iconfont='entypo-fontello' title='' data-avia-related-tooltip='Compartir por correo'><span class='avia_hidden_link_text'>Compartir por correo<\/span><\/a><\/li><\/ul><\/div><\/div>\n<div  style='height:50px' class='hr hr-invisible   avia-builder-el-8  el_after_av_social_share  el_before_av_comments_list '><span class='hr-inner ' ><span class='hr-inner-style'><\/span><\/span><\/div>\n<div  class='av-buildercomment  av-blog-meta-html-info-disabled av-blog-meta-tag-disabled  '><\/div>\n","protected":false},"excerpt":{"rendered":"","protected":false},"author":1,"featured_media":9546,"comment_status":"open","ping_status":"open","sticky":false,"template":"","format":"standard","meta":{"footnotes":""},"categories":[36],"tags":[],"class_list":["post-9518","post","type-post","status-publish","format-standard","has-post-thumbnail","hentry","category-policial"],"jetpack_featured_media_url":"https:\/\/radiorevelacionfm.cl\/wp-content\/uploads\/2021\/10\/PDI-11.01.21-1-1.jpg","_links":{"self":[{"href":"https:\/\/radiorevelacionfm.cl\/index.php?rest_route=\/wp\/v2\/posts\/9518","targetHints":{"allow":["GET"]}}],"collection":[{"href":"https:\/\/radiorevelacionfm.cl\/index.php?rest_route=\/wp\/v2\/posts"}],"about":[{"href":"https:\/\/radiorevelacionfm.cl\/index.php?rest_route=\/wp\/v2\/types\/post"}],"author":[{"embeddable":true,"href":"https:\/\/radiorevelacionfm.cl\/index.php?rest_route=\/wp\/v2\/users\/1"}],"replies":[{"embeddable":true,"href":"https:\/\/radiorevelacionfm.cl\/index.php?rest_route=%2Fwp%2Fv2%2Fcomments&post=9518"}],"version-history":[{"count":2,"href":"https:\/\/radiorevelacionfm.cl\/index.php?rest_route=\/wp\/v2\/posts\/9518\/revisions"}],"predecessor-version":[{"id":9547,"href":"https:\/\/radiorevelacionfm.cl\/index.php?rest_route=\/wp\/v2\/posts\/9518\/revisions\/9547"}],"wp:featuredmedia":[{"embeddable":true,"href":"https:\/\/radiorevelacionfm.cl\/index.php?rest_route=\/wp\/v2\/media\/9546"}],"wp:attachment":[{"href":"https:\/\/radiorevelacionfm.cl\/index.php?rest_route=%2Fwp%2Fv2%2Fmedia&parent=9518"}],"wp:term":[{"taxonomy":"category","embeddable":true,"href":"https:\/\/radiorevelacionfm.cl\/index.php?rest_route=%2Fwp%2Fv2%2Fcategories&post=9518"},{"taxonomy":"post_tag","embeddable":true,"href":"https:\/\/radiorevelacionfm.cl\/index.php?rest_route=%2Fwp%2Fv2%2Ftags&post=9518"}],"curies":[{"name":"wp","href":"https:\/\/api.w.org\/{rel}","templated":true}]}}