{"id":9515,"date":"2021-10-09T21:48:40","date_gmt":"2021-10-10T00:48:40","guid":{"rendered":"https:\/\/radiorevelacionfm.cl\/?p=9515"},"modified":"2021-10-09T21:48:40","modified_gmt":"2021-10-10T00:48:40","slug":"tribunal-ambiental-de-valdivia-declara-ilegal-construccion-de-central-los-maquis-de-edelaysen","status":"publish","type":"post","link":"https:\/\/radiorevelacionfm.cl\/?p=9515","title":{"rendered":"Tribunal Ambiental de Valdivia declara ilegal construcci\u00f3n de central Los Maquis de Edelays\u00e9n"},"content":{"rendered":"<div class=\"flex_column av_one_full  flex_column_div av-zero-column-padding first  avia-builder-el-0  el_before_av_one_full  avia-builder-el-first  \" style='border-radius:0px; '><div  class='avia-image-container  av-styling-    avia-builder-el-1  avia-builder-el-no-sibling  avia-align-center '  itemprop=\"image\" itemscope=\"itemscope\" itemtype=\"https:\/\/schema.org\/ImageObject\"  ><div class='avia-image-container-inner'><div class='avia-image-overlay-wrap'><img decoding=\"async\" class='wp-image-9516 avia-img-lazy-loading-not-9516 avia_image' src=\"https:\/\/radiorevelacionfm.cl\/wp-content\/uploads\/2021\/10\/central-los-maquis-0-1_optimized.jpg\" alt='' title='central-los-maquis-(0)-(1)_optimized' height=\"600\" width=\"751\"  itemprop=\"thumbnailUrl\" srcset=\"https:\/\/radiorevelacionfm.cl\/wp-content\/uploads\/2021\/10\/central-los-maquis-0-1_optimized.jpg 751w, https:\/\/radiorevelacionfm.cl\/wp-content\/uploads\/2021\/10\/central-los-maquis-0-1_optimized-300x240.jpg 300w, https:\/\/radiorevelacionfm.cl\/wp-content\/uploads\/2021\/10\/central-los-maquis-0-1_optimized-705x563.jpg 705w, https:\/\/radiorevelacionfm.cl\/wp-content\/uploads\/2021\/10\/central-los-maquis-0-1_optimized-600x479.jpg 600w\" sizes=\"(max-width: 751px) 100vw, 751px\" \/><\/div><\/div><\/div><\/div><div class=\"flex_column av_one_full  flex_column_div av-zero-column-padding first  avia-builder-el-2  el_after_av_one_full  el_before_av_one_full  column-top-margin\" style='border-radius:0px; '><section class=\"av_textblock_section \"  itemscope=\"itemscope\" itemtype=\"https:\/\/schema.org\/BlogPosting\" itemprop=\"blogPost\" ><div class='avia_textblock  '   itemprop=\"text\" ><p style=\"text-align: center;\"><strong><span style=\"font-size: 18pt;\">Tribunal Ambiental de Valdivia declara ilegal construcci\u00f3n de central Los Maquis de Edelays\u00e9n<\/span><\/strong><\/p>\n<div id=\"gtx-trans\" style=\"position: absolute; left: -50px; top: 4.31534px;\">\n<div class=\"gtx-trans-icon\"><\/div>\n<\/div>\n<\/div><\/section><\/div><div class=\"flex_column av_one_full  flex_column_div av-zero-column-padding first  avia-builder-el-4  el_after_av_one_full  el_before_av_hr  column-top-margin\" style='border-radius:0px; '><section class=\"av_textblock_section \"  itemscope=\"itemscope\" itemtype=\"https:\/\/schema.org\/BlogPosting\" itemprop=\"blogPost\" ><div class='avia_textblock  '   itemprop=\"text\" ><p class=\"v1MsoNormal\" style=\"text-align: justify;\"><span lang=\"ES\">Sin apoyo de organismo p<\/span><span lang=\"X-NONE\">\u00fablico alguno, un grupo de vecinos y vecinas de Puerto Guadal logr\u00f3 un importante triunfo ciudadano luego que este viernes el Tribunal Ambiental de Valdivia declarara ilegal la construcci\u00f3n y eventual futura operaci\u00f3n de la central hidroel\u00e9ctrica Los Maquis, en las emblem\u00e1ticas cascadas hom\u00f3nimas.\u00a0\u00a0La sentencia revoc\u00f3 as\u00ed una resoluci\u00f3n de la Superintendencia del Medio Ambiente de diciembre pasado que desestim\u00f3 la denuncia de parte de la comunidad local que reclamaba que el proyecto deb\u00eda ingresar al Sistema de Evaluaci\u00f3n de Impacto Ambiental.<\/span><\/p>\n<p class=\"v1MsoNormal\" style=\"text-align: justify;\"><span lang=\"X-NONE\">La corte estableci\u00f3 que la construcci\u00f3n de la central, que pretende utilizar las aguas de la cascada y seg\u00fan las y los denunciantes gener\u00f3 durante las obras altos impactos ambientales y al patrimonio cultural y tur\u00edstico, se desarroll\u00f3 dentro de un \u00e1rea bajo protecci\u00f3n oficial como es la Zona de Inter\u00e9s Tur\u00edstico (ZOIT) Chelenko, que tiene como uno de sus objetivos \u00abla protecci\u00f3n y valoraci\u00f3n de sus recursos naturales, identidad y tradiciones, asegurando el desarrollo sustentable de sus comunidades locales\u00bb.<\/span><\/p>\n<p class=\"v1MsoNormal\" style=\"text-align: justify;\"><span lang=\"X-NONE\">\u00abSe anula la Res. Ex. N\u00ba 2423, de 7 de diciembre de 2020, dictada por la Superintendencia del Medio Ambiente, por no conformarse con la normativa vigente, debiendo esta \u00faltima dictar la resoluci\u00f3n que en derecho corresponda, conforme a\u00a0\u00a0lo considerado en la presente sentencia\u00bb se se\u00f1ala en la sentencia de 45 p\u00e1ginas.<\/span><\/p>\n<p class=\"v1MsoNormal\" style=\"text-align: justify;\"><span lang=\"X-NONE\">\u00abEl fallo reconoce, en t\u00e9rminos concretos, que la decisi\u00f3n de la SMA de archivar esta denuncia argumentando que este proyecto no era susceptible de afectar la Zona de Inter\u00e9s Tur\u00edstico Chelenko es una decisi\u00f3n de car\u00e1cter ilegal\u00bb se\u00f1al\u00f3 el asesor legal Erwin Sandoval Gallardo, del Estudio Jur\u00eddico Lawen que integra adem\u00e1s el abogado Rodrigo Meneses Tapia.\u00a0\u00a0El equipo fue el que patrocin\u00f3 la reclamaci\u00f3n de la comunidad.<\/span><\/p>\n<p class=\"v1MsoNormal\" style=\"text-align: justify;\"><span lang=\"X-NONE\">El fallo establece que la ZOIT Chelenko no s\u00f3lo es un instrumento de gesti\u00f3n de recursos con el objeto de promover inversi\u00f3n p\u00fablica o privada en materia tur\u00edstica en un determinado territorio.\u00a0\u00a0Al caracterizarse por su claro objetivo de preservaci\u00f3n y conservaci\u00f3n de los bienes naturales presentes en el \u00e1rea declarada como tal, debe ser considerada como \u00e1rea puesta bajo protecci\u00f3n oficial para los efectos del Sistema de Evaluaci\u00f3n de Impacto Ambiental.<\/span><\/p>\n<p class=\"v1MsoNormal\" style=\"text-align: justify;\"><span lang=\"X-NONE\">Es as\u00ed que la cascada Los Maquis, sus ca\u00eddas de agua, pozones y \u00e1rea circundante forman parte del objeto de protecci\u00f3n de la ZOIT. Y Edelays\u00e9n (del Grupo Saesa, controlado por capitales canadienses), al construir su central hidroel\u00e9ctrica, podr\u00eda afectar este atractivo por lo cual debi\u00f3 ingresar, previo a su materializaci\u00f3n, al SEIA. En el fondo, el pronunciamiento de la Superintendencia del Medio Ambiente que concluy\u00f3 lo contrario no se ajust\u00f3 a derecho.<\/span><\/p>\n<p class=\"v1MsoNormal\" style=\"text-align: justify;\"><span lang=\"X-NONE\">Al respecto Andr\u00e9s Barr\u00eda, vecino y uno de los firmantes, expres\u00f3 que \u00abla convicci\u00f3n que siempre hemos tenido como parte de la Red Los Maquis Libre y poblador de Puerto Guadal es sobre el valor hist\u00f3rico que tienen las cascadas y pozones Los Maquis\u00bb. Patrimonio que\u00a0\u00abestaba siendo amenazado por la ilegalidad y falso desarrollo, y provocando rivalidades entre algunos vecinos\u00bb indic\u00f3.<\/span><\/p>\n<p class=\"v1MsoNormal\" style=\"text-align: justify;\"><span lang=\"X-NONE\">Y puntualiz\u00f3: \u00abHemos recibido con gran alegr\u00eda la noticia. Esperamos que la empresa Edelays\u00e9n repare los da\u00f1os ambientales al lugar, considerando que la cascada Los Maquis es uno de los lugares culturales, recreativos y tur\u00edsticos m\u00e1s emblem\u00e1ticos de la localidad\u00bb.<\/span><\/p>\n<p class=\"v1MsoNormal\" style=\"text-align: justify;\"><span lang=\"X-NONE\">\u00abNos pone s\u00faper contentos obtener alg\u00fan tipo de triunfo como ciudadanos, porque sentimos que todo el tiempo est\u00e1 todo en contra. La verdad es que cuando comienzan a construir una obra de tal envergadura los pobladores y los campesinos tampoco saben qu\u00e9 hacer, no sabemos c\u00f3mo actuar como ciudadanos o qu\u00e9 caminos tomar\u00bb explic\u00f3 otra de las requirentes, Evelyn Quezada. \u00abPero gracias a que nos hemos podido organizar pudimos levantar un movimiento ciudadano por preservar la naturaleza y el sistema \u00fanico de las cascadas, en la Patagonia chilena, lugar emblem\u00e1tico porque debemos cuidar el agua\u00bb.<\/span><\/p>\n<p class=\"v1MsoNormal\" style=\"text-align: justify;\"><span lang=\"X-NONE\">En su opini\u00f3n, \u00e9ste \u00ab<\/span><span lang=\"ES\">es un precedente para que pongamos ojo y que las entidades competentes escuchen a las personas y a la ciudadan\u00eda antes de aceptar a las grandes empresas que hagan lo que quieran en los territorios<\/span><span lang=\"X-NONE\">\u00ab.<\/span><\/p>\n<p class=\"v1MsoNormal\" style=\"text-align: justify;\"><span lang=\"X-NONE\">El recurso cont\u00f3 con el respaldo y apoyo de la Corporaci\u00f3n Privada para el Desarrollo de Ays\u00e9n (Codesa) y la Corporaci\u00f3n Fiscal\u00eda del Medio Ambiente (FIMA). La SMA tiene 15 d\u00edas h\u00e1biles para presentar recurso de casaci\u00f3n ante la Corte Suprema, sin embargo los reclamantes esperan que tal no ocurra, con el fin de no insistir en destinar recursos p\u00fablicos, de todos, para seguir avalando proyectos privados declaradamente ilegales.<\/span><\/p>\n<p class=\"v1MsoNormal\" style=\"text-align: justify;\"><span lang=\"ES\">\u00a0<\/span><\/p>\n<\/div><\/section><\/div><div  style='height:50px' class='hr hr-invisible   avia-builder-el-6  el_after_av_one_full  el_before_av_social_share '><span class='hr-inner ' ><span class='hr-inner-style'><\/span><\/span><\/div><\/p>\n<div  class='av-social-sharing-box  avia-builder-el-7  el_after_av_hr  el_before_av_hr  '><div class='av-share-box'><h5 class='av-share-link-description av-no-toc '>Compartir esta noticia<\/h5><ul class='av-share-box-list noLightbox'><li class='av-share-link av-social-link-facebook' ><a target=\"_blank\" aria-label=\"Compartir en Facebook\" href='https:\/\/www.facebook.com\/sharer.php?u=https:\/\/radiorevelacionfm.cl\/?p=9515&#038;t=Tribunal%20Ambiental%20de%20Valdivia%20declara%20ilegal%20construcci%C3%B3n%20de%20central%20Los%20Maquis%20de%20Edelays%C3%A9n' aria-hidden='false' data-av_icon='\ue8f3' data-av_iconfont='entypo-fontello' title='' data-avia-related-tooltip='Compartir en Facebook' rel=\"noopener\"><span class='avia_hidden_link_text'>Compartir en Facebook<\/span><\/a><\/li><li class='av-share-link av-social-link-twitter' ><a target=\"_blank\" aria-label=\"Compartir en Twitter\" href='https:\/\/twitter.com\/share?text=Tribunal%20Ambiental%20de%20Valdivia%20declara%20ilegal%20construcci%C3%B3n%20de%20central%20Los%20Maquis%20de%20Edelays%C3%A9n&#038;url=https:\/\/radiorevelacionfm.cl\/?p=9515' aria-hidden='false' data-av_icon='\ue8f1' data-av_iconfont='entypo-fontello' title='' data-avia-related-tooltip='Compartir en Twitter' rel=\"noopener\"><span class='avia_hidden_link_text'>Compartir en Twitter<\/span><\/a><\/li><li class='av-share-link av-social-link-whatsapp' ><a target=\"_blank\" aria-label=\"Compartir en Whatsapp\" href='https:\/\/api.whatsapp.com\/send?text=https:\/\/radiorevelacionfm.cl\/?p=9515' aria-hidden='false' data-av_icon='\uf232' data-av_iconfont='entypo-fontello' title='' data-avia-related-tooltip='Compartir en Whatsapp' rel=\"noopener\"><span class='avia_hidden_link_text'>Compartir en Whatsapp<\/span><\/a><\/li><li class='av-share-link av-social-link-linkedin' ><a target=\"_blank\" aria-label=\"Compartir en LinkedIn\" href='https:\/\/linkedin.com\/shareArticle?mini=true&#038;title=Tribunal%20Ambiental%20de%20Valdivia%20declara%20ilegal%20construcci%C3%B3n%20de%20central%20Los%20Maquis%20de%20Edelays%C3%A9n&#038;url=https:\/\/radiorevelacionfm.cl\/?p=9515' aria-hidden='false' data-av_icon='\ue8fc' data-av_iconfont='entypo-fontello' title='' data-avia-related-tooltip='Compartir en LinkedIn' rel=\"noopener\"><span class='avia_hidden_link_text'>Compartir en LinkedIn<\/span><\/a><\/li><li class='av-share-link av-social-link-mail' ><a  aria-label=\"Compartir por correo\" href='mailto:?subject=Tribunal%20Ambiental%20de%20Valdivia%20declara%20ilegal%20construcci%C3%B3n%20de%20central%20Los%20Maquis%20de%20Edelays%C3%A9n&#038;body=https:\/\/radiorevelacionfm.cl\/?p=9515' aria-hidden='false' data-av_icon='\ue805' data-av_iconfont='entypo-fontello' title='' data-avia-related-tooltip='Compartir por correo'><span class='avia_hidden_link_text'>Compartir por correo<\/span><\/a><\/li><\/ul><\/div><\/div>\n<div  style='height:50px' class='hr hr-invisible   avia-builder-el-8  el_after_av_social_share  el_before_av_comments_list '><span class='hr-inner ' ><span class='hr-inner-style'><\/span><\/span><\/div>\n<div  class='av-buildercomment  av-blog-meta-html-info-disabled av-blog-meta-tag-disabled  '><\/div>\n","protected":false},"excerpt":{"rendered":"","protected":false},"author":1,"featured_media":9516,"comment_status":"open","ping_status":"open","sticky":false,"template":"","format":"standard","meta":{"footnotes":""},"categories":[39],"tags":[],"class_list":["post-9515","post","type-post","status-publish","format-standard","has-post-thumbnail","hentry","category-medio-ambiente"],"jetpack_featured_media_url":"https:\/\/radiorevelacionfm.cl\/wp-content\/uploads\/2021\/10\/central-los-maquis-0-1_optimized.jpg","_links":{"self":[{"href":"https:\/\/radiorevelacionfm.cl\/index.php?rest_route=\/wp\/v2\/posts\/9515","targetHints":{"allow":["GET"]}}],"collection":[{"href":"https:\/\/radiorevelacionfm.cl\/index.php?rest_route=\/wp\/v2\/posts"}],"about":[{"href":"https:\/\/radiorevelacionfm.cl\/index.php?rest_route=\/wp\/v2\/types\/post"}],"author":[{"embeddable":true,"href":"https:\/\/radiorevelacionfm.cl\/index.php?rest_route=\/wp\/v2\/users\/1"}],"replies":[{"embeddable":true,"href":"https:\/\/radiorevelacionfm.cl\/index.php?rest_route=%2Fwp%2Fv2%2Fcomments&post=9515"}],"version-history":[{"count":1,"href":"https:\/\/radiorevelacionfm.cl\/index.php?rest_route=\/wp\/v2\/posts\/9515\/revisions"}],"predecessor-version":[{"id":9517,"href":"https:\/\/radiorevelacionfm.cl\/index.php?rest_route=\/wp\/v2\/posts\/9515\/revisions\/9517"}],"wp:featuredmedia":[{"embeddable":true,"href":"https:\/\/radiorevelacionfm.cl\/index.php?rest_route=\/wp\/v2\/media\/9516"}],"wp:attachment":[{"href":"https:\/\/radiorevelacionfm.cl\/index.php?rest_route=%2Fwp%2Fv2%2Fmedia&parent=9515"}],"wp:term":[{"taxonomy":"category","embeddable":true,"href":"https:\/\/radiorevelacionfm.cl\/index.php?rest_route=%2Fwp%2Fv2%2Fcategories&post=9515"},{"taxonomy":"post_tag","embeddable":true,"href":"https:\/\/radiorevelacionfm.cl\/index.php?rest_route=%2Fwp%2Fv2%2Ftags&post=9515"}],"curies":[{"name":"wp","href":"https:\/\/api.w.org\/{rel}","templated":true}]}}