{"id":9502,"date":"2021-10-11T12:00:49","date_gmt":"2021-10-11T15:00:49","guid":{"rendered":"https:\/\/radiorevelacionfm.cl\/?p=9502"},"modified":"2021-10-11T12:00:49","modified_gmt":"2021-10-11T15:00:49","slug":"instituciones-de-educacion-superior-acuerdan-acciones-conjuntas-en-las-areas-culturales-y-artisticas-para-la-region-de-aysen","status":"publish","type":"post","link":"https:\/\/radiorevelacionfm.cl\/?p=9502","title":{"rendered":"Instituciones de Educaci\u00f3n Superior acuerdan acciones conjuntas en las \u00e1reas culturales y art\u00edsticas para la regi\u00f3n de Ays\u00e9n"},"content":{"rendered":"<div class=\"flex_column av_one_full  flex_column_div av-zero-column-padding first  avia-builder-el-0  el_before_av_one_full  avia-builder-el-first  \" style='border-radius:0px; '><div  class='avia-image-container  av-styling-    avia-builder-el-1  avia-builder-el-no-sibling  avia-align-center '  itemprop=\"image\" itemscope=\"itemscope\" itemtype=\"https:\/\/schema.org\/ImageObject\"  ><div class='avia-image-container-inner'><div class='avia-image-overlay-wrap'><img decoding=\"async\" class='wp-image-9503 avia-img-lazy-loading-not-9503 avia_image' src=\"https:\/\/radiorevelacionfm.cl\/wp-content\/uploads\/2021\/10\/IMG_7294-1-1.jpg\" alt='' title='IMG_7294 (1) (1)' height=\"600\" width=\"1428\"  itemprop=\"thumbnailUrl\" srcset=\"https:\/\/radiorevelacionfm.cl\/wp-content\/uploads\/2021\/10\/IMG_7294-1-1.jpg 1428w, https:\/\/radiorevelacionfm.cl\/wp-content\/uploads\/2021\/10\/IMG_7294-1-1-300x126.jpg 300w, https:\/\/radiorevelacionfm.cl\/wp-content\/uploads\/2021\/10\/IMG_7294-1-1-1030x433.jpg 1030w, https:\/\/radiorevelacionfm.cl\/wp-content\/uploads\/2021\/10\/IMG_7294-1-1-768x323.jpg 768w, https:\/\/radiorevelacionfm.cl\/wp-content\/uploads\/2021\/10\/IMG_7294-1-1-705x296.jpg 705w, https:\/\/radiorevelacionfm.cl\/wp-content\/uploads\/2021\/10\/IMG_7294-1-1-600x252.jpg 600w\" sizes=\"(max-width: 1428px) 100vw, 1428px\" \/><\/div><\/div><\/div><\/div><div class=\"flex_column av_one_full  flex_column_div av-zero-column-padding first  avia-builder-el-2  el_after_av_one_full  el_before_av_one_full  column-top-margin\" style='border-radius:0px; '><section class=\"av_textblock_section \"  itemscope=\"itemscope\" itemtype=\"https:\/\/schema.org\/BlogPosting\" itemprop=\"blogPost\" ><div class='avia_textblock  '   itemprop=\"text\" ><p style=\"text-align: center;\"><span style=\"font-size: 18pt;\"><strong>Instituciones de Educaci\u00f3n Superior acuerdan acciones conjuntas en las \u00e1reas culturales y art\u00edsticas para la regi\u00f3n de Ays\u00e9n<\/strong><\/span><\/p>\n<div id=\"gtx-trans\" style=\"position: absolute; left: -50px; top: 4.31534px;\">\n<div class=\"gtx-trans-icon\"><\/div>\n<\/div>\n<\/div><\/section><\/div><div class=\"flex_column av_one_full  flex_column_div av-zero-column-padding first  avia-builder-el-4  el_after_av_one_full  el_before_av_hr  column-top-margin\" style='border-radius:0px; '><section class=\"av_textblock_section \"  itemscope=\"itemscope\" itemtype=\"https:\/\/schema.org\/BlogPosting\" itemprop=\"blogPost\" ><div class='avia_textblock  '   itemprop=\"text\" ><p style=\"text-align: justify;\">Seg\u00fan datos hist\u00f3ricos durante la d\u00e9cada del 70\u2019 se inicia la llegada de las casas de estudios a la regi\u00f3n de Ays\u00e9n, alcanzando su auge en los a\u00f1os 90\u2019 y hoy contamos con diversas Instituciones de Educaci\u00f3n Superior (IES).<\/p>\n<p style=\"text-align: justify;\">El desaf\u00edo principal es que las instituciones presentes en la regi\u00f3n cultiven la vida universitaria de forma articulada y en sinton\u00eda con las comunidades, que son la matriz sociocultural de los y las estudiantes que forman parte de ellas. Por lo anterior, es que un grupo de profesionales de cuatro casas de estudios en Ays\u00e9n comenz\u00f3 a trabajar en una \u201cRed Cultural de Instituciones de Educaci\u00f3n Superior de la regi\u00f3n de Ays\u00e9n\u201d, para enriquecer y visibilizar el patrimonio cultural presente en el territorio, difundiendo y potenciando la identidad territorial entre sus comunidades educativas, dando valor a su patrimonio material, como inmaterial.<\/p>\n<p style=\"text-align: justify;\">Alejandro Reyes, Director del Campus Patagonia UACh, se\u00f1al\u00f3 que \u201chemos impulsado fuertemente este protocolo de acuerdo entre las Instituciones de Educaci\u00f3n Superior aqu\u00ed en la regi\u00f3n para promover todos los temas referentes a los proyectos de arte y cultura. Esta es una regi\u00f3n que tiene caracter\u00edsticas, desde el punto de vista cultural, bastantes peculiares y relevantes que es necesario rescatar, cuidar, estudiar y mantener. Somos tambi\u00e9n una regi\u00f3n peque\u00f1a, estamos insertos en un ambiente altamente complejo en t\u00e9rminos de territorio y cultura, por los episodios de poblamiento que caracterizaron a esta regi\u00f3n; desde ese punto de vista, lo l\u00f3gico es que las IES que est\u00e1n destinadas, justamente, a rescatar este acervo cultural se articularan en una red que pudiera tener mayor provecho de todas estas acciones y nos abre la posibilidad de articular una propuesta m\u00e1s robusta de actividades art\u00edstico-culturales para los habitantes de la regi\u00f3n\u201d.<\/p>\n<p style=\"text-align: justify;\">Las IES que subscriben a esta red, tambi\u00e9n manifiestan que esta instancia les servir\u00e1 para visibilizar la vida universitaria e inter universitaria en la comunidad local y regional, dando valor al patrimonio regional como identidad territorial, as\u00ed lo destac\u00f3 la Rectora de la Universidad de Ays\u00e9n, Natacha Pino.<\/p>\n<p style=\"text-align: justify;\">\u201cPara nosotros como Universidad de Ays\u00e9n, la firma de este manifiesto en torno a la cultura y el patrimonio es algo fundamental, nos permite contar con la articulaci\u00f3n para fortalecer, para visibilizar en conjunto, la identidad y patrimonio cultural de estos territorios, que son extremos y tambi\u00e9n nos ayuda a poner en valor el crecimiento art\u00edstico cultural de la propia regi\u00f3n, y sobretodo potenciarlo al interior de nuestras comunidades universitarias, para que nos comprometamos con esta cultura y con el desarrollo socioecon\u00f3mico de cada uno de los territorios: en ese sentido la Red Cultural de la regi\u00f3n de Ays\u00e9n nos compromete a estrechar estos lazos como instituciones formativas, tambi\u00e9n es parte de nuestro rol avanzar en organizar actividades de forma conjunta que pongan en valor la cultura, el patrimonio y las artes\u201d.<\/p>\n<p style=\"text-align: justify;\">Desde la Red Cultural, manifiestan que se har\u00e1n parte de las actividades culturales que fomenten la cultura comunitaria de Educaci\u00f3n Superior, validando as\u00ed a sus estudiantes como actores participativos y con derechos a la socializaci\u00f3n y difusi\u00f3n del patrimonio regional sin distinci\u00f3n de instituci\u00f3n formativa, para organizar iniciativas comunes socioculturales\u00a0 e ir formando lazos entre las casas de estudios de esta red cultural en Ays\u00e9n.<\/p>\n<p style=\"text-align: justify;\">Finalmente, Ana Mar\u00eda Retamal, profesional del IP Los Lagos, sede Coyhaique, coment\u00f3 que \u201cpara nosotros como Centro de Formaci\u00f3n T\u00e9cnica e Instituto Profesional, es una actividad relevante el poder formar parte de esta Red Regional de IES que est\u00e1n asociadas a la cultura de nuestra regi\u00f3n, porque nos permite tambi\u00e9n ser parte y comenzar a generar el patrimonio local, que tiene que ver con las actividades de los alumnos que se encuentran actualmente en la regi\u00f3n desarroll\u00e1ndose como profesionales y que eligieron, adem\u00e1s, quedarse en nuestra regi\u00f3n y confiar en cada una de las instituciones que est\u00e1n presentes. Para nuestra instituci\u00f3n es una gran alianza, nos da la posibilidad de generar instancias de crecimiento para nuestros alumnos, que son lo m\u00e1s importante y de poder generar estos lazos con las diferentes instituciones que nos permitir\u00e1n generar espacios para que puedan vincularse, ir conoci\u00e9ndose y fortaleciendo la Educaci\u00f3n Superior en nuestra regi\u00f3n\u201d.<\/p>\n<\/div><\/section><\/div><div  style='height:50px' class='hr hr-invisible   avia-builder-el-6  el_after_av_one_full  el_before_av_social_share '><span class='hr-inner ' ><span class='hr-inner-style'><\/span><\/span><\/div><\/p>\n<div  class='av-social-sharing-box  avia-builder-el-7  el_after_av_hr  el_before_av_hr  '><div class='av-share-box'><h5 class='av-share-link-description av-no-toc '>Compartir esta noticia<\/h5><ul class='av-share-box-list noLightbox'><li class='av-share-link av-social-link-facebook' ><a target=\"_blank\" aria-label=\"Compartir en Facebook\" href='https:\/\/www.facebook.com\/sharer.php?u=https:\/\/radiorevelacionfm.cl\/?p=9502&#038;t=Instituciones%20de%20Educaci%C3%B3n%20Superior%20acuerdan%20acciones%20conjuntas%20en%20las%20%C3%A1reas%20culturales%20y%20art%C3%ADsticas%20para%20la%20regi%C3%B3n%20de%20Ays%C3%A9n' aria-hidden='false' data-av_icon='\ue8f3' data-av_iconfont='entypo-fontello' title='' data-avia-related-tooltip='Compartir en Facebook' rel=\"noopener\"><span class='avia_hidden_link_text'>Compartir en Facebook<\/span><\/a><\/li><li class='av-share-link av-social-link-twitter' ><a target=\"_blank\" aria-label=\"Compartir en Twitter\" href='https:\/\/twitter.com\/share?text=Instituciones%20de%20Educaci%C3%B3n%20Superior%20acuerdan%20acciones%20conjuntas%20en%20las%20%C3%A1reas%20culturales%20y%20art%C3%ADsticas%20para%20la%20regi%C3%B3n%20de%20Ays%C3%A9n&#038;url=https:\/\/radiorevelacionfm.cl\/?p=9502' aria-hidden='false' data-av_icon='\ue8f1' data-av_iconfont='entypo-fontello' title='' data-avia-related-tooltip='Compartir en Twitter' rel=\"noopener\"><span class='avia_hidden_link_text'>Compartir en Twitter<\/span><\/a><\/li><li class='av-share-link av-social-link-whatsapp' ><a target=\"_blank\" aria-label=\"Compartir en Whatsapp\" href='https:\/\/api.whatsapp.com\/send?text=https:\/\/radiorevelacionfm.cl\/?p=9502' aria-hidden='false' data-av_icon='\uf232' data-av_iconfont='entypo-fontello' title='' data-avia-related-tooltip='Compartir en Whatsapp' rel=\"noopener\"><span class='avia_hidden_link_text'>Compartir en Whatsapp<\/span><\/a><\/li><li class='av-share-link av-social-link-linkedin' ><a target=\"_blank\" aria-label=\"Compartir en LinkedIn\" href='https:\/\/linkedin.com\/shareArticle?mini=true&#038;title=Instituciones%20de%20Educaci%C3%B3n%20Superior%20acuerdan%20acciones%20conjuntas%20en%20las%20%C3%A1reas%20culturales%20y%20art%C3%ADsticas%20para%20la%20regi%C3%B3n%20de%20Ays%C3%A9n&#038;url=https:\/\/radiorevelacionfm.cl\/?p=9502' aria-hidden='false' data-av_icon='\ue8fc' data-av_iconfont='entypo-fontello' title='' data-avia-related-tooltip='Compartir en LinkedIn' rel=\"noopener\"><span class='avia_hidden_link_text'>Compartir en LinkedIn<\/span><\/a><\/li><li class='av-share-link av-social-link-mail' ><a  aria-label=\"Compartir por correo\" href='mailto:?subject=Instituciones%20de%20Educaci%C3%B3n%20Superior%20acuerdan%20acciones%20conjuntas%20en%20las%20%C3%A1reas%20culturales%20y%20art%C3%ADsticas%20para%20la%20regi%C3%B3n%20de%20Ays%C3%A9n&#038;body=https:\/\/radiorevelacionfm.cl\/?p=9502' aria-hidden='false' data-av_icon='\ue805' data-av_iconfont='entypo-fontello' title='' data-avia-related-tooltip='Compartir por correo'><span class='avia_hidden_link_text'>Compartir por correo<\/span><\/a><\/li><\/ul><\/div><\/div>\n<div  style='height:50px' class='hr hr-invisible   avia-builder-el-8  el_after_av_social_share  el_before_av_comments_list '><span class='hr-inner ' ><span class='hr-inner-style'><\/span><\/span><\/div>\n<div  class='av-buildercomment  av-blog-meta-html-info-disabled av-blog-meta-tag-disabled  '><\/div>\n","protected":false},"excerpt":{"rendered":"","protected":false},"author":1,"featured_media":9503,"comment_status":"open","ping_status":"open","sticky":false,"template":"","format":"standard","meta":{"footnotes":""},"categories":[49],"tags":[],"class_list":["post-9502","post","type-post","status-publish","format-standard","has-post-thumbnail","hentry","category-educacion"],"jetpack_featured_media_url":"https:\/\/radiorevelacionfm.cl\/wp-content\/uploads\/2021\/10\/IMG_7294-1-1.jpg","_links":{"self":[{"href":"https:\/\/radiorevelacionfm.cl\/index.php?rest_route=\/wp\/v2\/posts\/9502","targetHints":{"allow":["GET"]}}],"collection":[{"href":"https:\/\/radiorevelacionfm.cl\/index.php?rest_route=\/wp\/v2\/posts"}],"about":[{"href":"https:\/\/radiorevelacionfm.cl\/index.php?rest_route=\/wp\/v2\/types\/post"}],"author":[{"embeddable":true,"href":"https:\/\/radiorevelacionfm.cl\/index.php?rest_route=\/wp\/v2\/users\/1"}],"replies":[{"embeddable":true,"href":"https:\/\/radiorevelacionfm.cl\/index.php?rest_route=%2Fwp%2Fv2%2Fcomments&post=9502"}],"version-history":[{"count":1,"href":"https:\/\/radiorevelacionfm.cl\/index.php?rest_route=\/wp\/v2\/posts\/9502\/revisions"}],"predecessor-version":[{"id":9504,"href":"https:\/\/radiorevelacionfm.cl\/index.php?rest_route=\/wp\/v2\/posts\/9502\/revisions\/9504"}],"wp:featuredmedia":[{"embeddable":true,"href":"https:\/\/radiorevelacionfm.cl\/index.php?rest_route=\/wp\/v2\/media\/9503"}],"wp:attachment":[{"href":"https:\/\/radiorevelacionfm.cl\/index.php?rest_route=%2Fwp%2Fv2%2Fmedia&parent=9502"}],"wp:term":[{"taxonomy":"category","embeddable":true,"href":"https:\/\/radiorevelacionfm.cl\/index.php?rest_route=%2Fwp%2Fv2%2Fcategories&post=9502"},{"taxonomy":"post_tag","embeddable":true,"href":"https:\/\/radiorevelacionfm.cl\/index.php?rest_route=%2Fwp%2Fv2%2Ftags&post=9502"}],"curies":[{"name":"wp","href":"https:\/\/api.w.org\/{rel}","templated":true}]}}