{"id":9496,"date":"2021-10-09T14:38:58","date_gmt":"2021-10-09T17:38:58","guid":{"rendered":"https:\/\/radiorevelacionfm.cl\/?p=9496"},"modified":"2021-10-09T14:44:04","modified_gmt":"2021-10-09T17:44:04","slug":"andrea-macias-expone-urgencias-regionales-en-comision-de-presupuesto-del-congreso-nacional","status":"publish","type":"post","link":"https:\/\/radiorevelacionfm.cl\/?p=9496","title":{"rendered":"Andrea Mac\u00edas expone urgencias regionales en Comisi\u00f3n de Presupuesto del Congreso Nacional"},"content":{"rendered":"<div class=\"flex_column av_one_full  flex_column_div av-zero-column-padding first  avia-builder-el-0  el_before_av_one_full  avia-builder-el-first  \" style='border-radius:0px; '><div  class='avia-image-container  av-styling-    avia-builder-el-1  avia-builder-el-no-sibling  avia-align-center '  itemprop=\"image\" itemscope=\"itemscope\" itemtype=\"https:\/\/schema.org\/ImageObject\"  ><div class='avia-image-container-inner'><div class='avia-image-overlay-wrap'><img decoding=\"async\" class='wp-image-9497 avia-img-lazy-loading-not-9497 avia_image' src=\"https:\/\/radiorevelacionfm.cl\/wp-content\/uploads\/2021\/10\/Gobernadora-2021-10-08i-1-1.jpg\" alt='' title='Gobernadora 2021-10-08i (1) (1)' height=\"600\" width=\"711\"  itemprop=\"thumbnailUrl\" srcset=\"https:\/\/radiorevelacionfm.cl\/wp-content\/uploads\/2021\/10\/Gobernadora-2021-10-08i-1-1.jpg 711w, https:\/\/radiorevelacionfm.cl\/wp-content\/uploads\/2021\/10\/Gobernadora-2021-10-08i-1-1-300x253.jpg 300w, https:\/\/radiorevelacionfm.cl\/wp-content\/uploads\/2021\/10\/Gobernadora-2021-10-08i-1-1-705x595.jpg 705w, https:\/\/radiorevelacionfm.cl\/wp-content\/uploads\/2021\/10\/Gobernadora-2021-10-08i-1-1-600x506.jpg 600w\" sizes=\"(max-width: 711px) 100vw, 711px\" \/><\/div><\/div><\/div><\/div><div class=\"flex_column av_one_full  flex_column_div av-zero-column-padding first  avia-builder-el-2  el_after_av_one_full  el_before_av_one_full  column-top-margin\" style='border-radius:0px; '><section class=\"av_textblock_section \"  itemscope=\"itemscope\" itemtype=\"https:\/\/schema.org\/BlogPosting\" itemprop=\"blogPost\" ><div class='avia_textblock  '   itemprop=\"text\" ><p style=\"text-align: center;\"><strong><span style=\"font-size: 18pt;\">Andrea Mac\u00edas expone urgencias regionales en Comisi\u00f3n de Presupuesto del Congreso Nacional<\/span><\/strong><\/p>\n<div id=\"gtx-trans\" style=\"position: absolute; left: -50px; top: 4.31534px;\">\n<div class=\"gtx-trans-icon\"><\/div>\n<\/div>\n<\/div><\/section><\/div><div class=\"flex_column av_one_full  flex_column_div av-zero-column-padding first  avia-builder-el-4  el_after_av_one_full  el_before_av_hr  column-top-margin\" style='border-radius:0px; '><section class=\"av_textblock_section \"  itemscope=\"itemscope\" itemtype=\"https:\/\/schema.org\/BlogPosting\" itemprop=\"blogPost\" ><div class='avia_textblock  '   itemprop=\"text\" ><p style=\"text-align: justify;\">La regi\u00f3n de Ays\u00e9n estuvo representada este jueves 7 de octubre en la discusi\u00f3n parlamentaria que se encuentra zanjando el Presupuesto de la Naci\u00f3n 2022, a trav\u00e9s de la exposici\u00f3n de la m\u00e1xima autoridad regional en la propuesta de modificaci\u00f3n de glosas.<\/p>\n<p style=\"text-align: justify;\">La presentaci\u00f3n, que fue trabajada en conjunto por la Asociaci\u00f3n de Gobernadores y Gobernadoras Regionales, recalc\u00f3 la importancia de tomar criterios territoriales en el uso de los recursos asignados para cada regi\u00f3n del pa\u00eds.<\/p>\n<p style=\"text-align: justify;\">Dentro de las intervenciones de la Gobernadora Andrea Mac\u00edas, se hizo referencia al Plan Especial de Desarrollo de Zonas Extremas (PEDZE), proyecto del anterior Gobierno de la Presidenta Michelle Bachelet que vino a hacer justicia con los territorios que m\u00e1s necesitan de la inversi\u00f3n p\u00fablica.<\/p>\n<p style=\"text-align: justify;\">\u00abM\u00e1s all\u00e1 de la inversi\u00f3n que se establece en la cantidad de recursos extras para las regiones, creo que si hay algo que tuvo el PEDZE es que hubo un cambio en su metodolog\u00eda de evaluaci\u00f3n, Senadores y Senadoras. Eso vino a marcar una tremenda diferencia, porque cuando nosotros evaluamos costo\/beneficio, resulta que me dicen que en nuestra regi\u00f3n no podemos gastar m\u00e1s de 7 millones de pesos por arranque de agua potable, cuando en la realidad nos sale 30. Si la l\u00f3gica cambia al costo\/eficiencia podemos darle respuestas a esos vecinos y vecinas que hacen patria en todos los rincones de nuestra regi\u00f3n. Esto es un tema que hemos conversado con los y las Gobernadores Regionales porque no es solamente aumento de presupuesto, sino c\u00f3mo evaluamos la pol\u00edtica en nuestros territorios\u00bb, afirm\u00f3 la Gobernadora.<\/p>\n<p style=\"text-align: justify;\">\u00abLas personas necesitan alcantarillado aunque salga caro, avanzar en que todas las comunidades tengan energ\u00eda las 24 horas aunque el proyecto nos cueste mucho. Porque es la dignidad de nuestra gente, la que vive en el territorio. No importa que seamos pocas personas en Ays\u00e9n, necesitamos el 100% de los servicios b\u00e1sicos para toda nuestra poblaci\u00f3n\u00bb, finaliz\u00f3 la autoridad regional.<\/p>\n<p style=\"text-align: justify;\">Los parlamentarios, que seguir\u00e1n discutiendo durante las pr\u00f3ximas semanas, valoraron el aporte de los Gobiernos Regionales, un nuevo poder constituido en el proceso de descentralizaci\u00f3n.<\/p>\n<div style=\"text-align: justify;\">\n<p style=\"text-align: justify;\">Para el presidente de la comisi\u00f3n, Senador Carlos Montes, la discusi\u00f3n parlamentaria incluir\u00e1 los aportes territoriales en la redacci\u00f3n final de la ley.<\/p>\n<p style=\"text-align: justify;\">\u00abLa Comisi\u00f3n de Presupuesto est\u00e1 recibiendo a los Gobernadores Regionales. Partimos con los de ciudades grandes y ayer vimos a los de zonas extremas y la pr\u00f3xima semana el resto. Hoy, la principal presentaci\u00f3n fue de la Gobernadora de Ays\u00e9n, Andrea Mac\u00edas Palma, que hizo una presentaci\u00f3n muy completa y que hizo una revisi\u00f3n de cada una de las glosas de lo que es el presupuesto, agregando ideas y propuestas para mejorar esas glosas. Creo que fue algo muy s\u00f3lido y muy fuerte que lo tomaremos en consideraci\u00f3n cuando entramos propiamente en la redacci\u00f3n de lo que es el presupuesto. Quisiera felicitarla y ojala contar con ella para seguir aportando a mejorar el presupuesto de la Naci\u00f3n\u00bb.<\/p>\n<\/div>\n<\/div><\/section><\/div><div  style='height:50px' class='hr hr-invisible   avia-builder-el-6  el_after_av_one_full  el_before_av_social_share '><span class='hr-inner ' ><span class='hr-inner-style'><\/span><\/span><\/div><\/p>\n<div  class='av-social-sharing-box  avia-builder-el-7  el_after_av_hr  el_before_av_hr  '><div class='av-share-box'><h5 class='av-share-link-description av-no-toc '>Compartir esta noticia<\/h5><ul class='av-share-box-list noLightbox'><li class='av-share-link av-social-link-facebook' ><a target=\"_blank\" aria-label=\"Compartir en Facebook\" href='https:\/\/www.facebook.com\/sharer.php?u=https:\/\/radiorevelacionfm.cl\/?p=9496&#038;t=Andrea%20Mac%C3%ADas%20expone%20urgencias%20regionales%20en%20Comisi%C3%B3n%20de%20Presupuesto%20del%20Congreso%20Nacional' aria-hidden='false' data-av_icon='\ue8f3' data-av_iconfont='entypo-fontello' title='' data-avia-related-tooltip='Compartir en Facebook' rel=\"noopener\"><span class='avia_hidden_link_text'>Compartir en Facebook<\/span><\/a><\/li><li class='av-share-link av-social-link-twitter' ><a target=\"_blank\" aria-label=\"Compartir en Twitter\" href='https:\/\/twitter.com\/share?text=Andrea%20Mac%C3%ADas%20expone%20urgencias%20regionales%20en%20Comisi%C3%B3n%20de%20Presupuesto%20del%20Congreso%20Nacional&#038;url=https:\/\/radiorevelacionfm.cl\/?p=9496' aria-hidden='false' data-av_icon='\ue8f1' data-av_iconfont='entypo-fontello' title='' data-avia-related-tooltip='Compartir en Twitter' rel=\"noopener\"><span class='avia_hidden_link_text'>Compartir en Twitter<\/span><\/a><\/li><li class='av-share-link av-social-link-whatsapp' ><a target=\"_blank\" aria-label=\"Compartir en Whatsapp\" href='https:\/\/api.whatsapp.com\/send?text=https:\/\/radiorevelacionfm.cl\/?p=9496' aria-hidden='false' data-av_icon='\uf232' data-av_iconfont='entypo-fontello' title='' data-avia-related-tooltip='Compartir en Whatsapp' rel=\"noopener\"><span class='avia_hidden_link_text'>Compartir en Whatsapp<\/span><\/a><\/li><li class='av-share-link av-social-link-linkedin' ><a target=\"_blank\" aria-label=\"Compartir en LinkedIn\" href='https:\/\/linkedin.com\/shareArticle?mini=true&#038;title=Andrea%20Mac%C3%ADas%20expone%20urgencias%20regionales%20en%20Comisi%C3%B3n%20de%20Presupuesto%20del%20Congreso%20Nacional&#038;url=https:\/\/radiorevelacionfm.cl\/?p=9496' aria-hidden='false' data-av_icon='\ue8fc' data-av_iconfont='entypo-fontello' title='' data-avia-related-tooltip='Compartir en LinkedIn' rel=\"noopener\"><span class='avia_hidden_link_text'>Compartir en LinkedIn<\/span><\/a><\/li><li class='av-share-link av-social-link-mail' ><a  aria-label=\"Compartir por correo\" href='mailto:?subject=Andrea%20Mac%C3%ADas%20expone%20urgencias%20regionales%20en%20Comisi%C3%B3n%20de%20Presupuesto%20del%20Congreso%20Nacional&#038;body=https:\/\/radiorevelacionfm.cl\/?p=9496' aria-hidden='false' data-av_icon='\ue805' data-av_iconfont='entypo-fontello' title='' data-avia-related-tooltip='Compartir por correo'><span class='avia_hidden_link_text'>Compartir por correo<\/span><\/a><\/li><\/ul><\/div><\/div>\n<div  style='height:50px' class='hr hr-invisible   avia-builder-el-8  el_after_av_social_share  el_before_av_comments_list '><span class='hr-inner ' ><span class='hr-inner-style'><\/span><\/span><\/div>\n<div  class='av-buildercomment  av-blog-meta-html-info-disabled av-blog-meta-tag-disabled  '><\/div>\n","protected":false},"excerpt":{"rendered":"","protected":false},"author":1,"featured_media":9506,"comment_status":"open","ping_status":"open","sticky":false,"template":"","format":"standard","meta":{"footnotes":""},"categories":[38],"tags":[],"class_list":["post-9496","post","type-post","status-publish","format-standard","has-post-thumbnail","hentry","category-regional"],"jetpack_featured_media_url":"https:\/\/radiorevelacionfm.cl\/wp-content\/uploads\/2021\/10\/Gobernadora-2021-10-08a-1.jpg","_links":{"self":[{"href":"https:\/\/radiorevelacionfm.cl\/index.php?rest_route=\/wp\/v2\/posts\/9496","targetHints":{"allow":["GET"]}}],"collection":[{"href":"https:\/\/radiorevelacionfm.cl\/index.php?rest_route=\/wp\/v2\/posts"}],"about":[{"href":"https:\/\/radiorevelacionfm.cl\/index.php?rest_route=\/wp\/v2\/types\/post"}],"author":[{"embeddable":true,"href":"https:\/\/radiorevelacionfm.cl\/index.php?rest_route=\/wp\/v2\/users\/1"}],"replies":[{"embeddable":true,"href":"https:\/\/radiorevelacionfm.cl\/index.php?rest_route=%2Fwp%2Fv2%2Fcomments&post=9496"}],"version-history":[{"count":1,"href":"https:\/\/radiorevelacionfm.cl\/index.php?rest_route=\/wp\/v2\/posts\/9496\/revisions"}],"predecessor-version":[{"id":9498,"href":"https:\/\/radiorevelacionfm.cl\/index.php?rest_route=\/wp\/v2\/posts\/9496\/revisions\/9498"}],"wp:featuredmedia":[{"embeddable":true,"href":"https:\/\/radiorevelacionfm.cl\/index.php?rest_route=\/wp\/v2\/media\/9506"}],"wp:attachment":[{"href":"https:\/\/radiorevelacionfm.cl\/index.php?rest_route=%2Fwp%2Fv2%2Fmedia&parent=9496"}],"wp:term":[{"taxonomy":"category","embeddable":true,"href":"https:\/\/radiorevelacionfm.cl\/index.php?rest_route=%2Fwp%2Fv2%2Fcategories&post=9496"},{"taxonomy":"post_tag","embeddable":true,"href":"https:\/\/radiorevelacionfm.cl\/index.php?rest_route=%2Fwp%2Fv2%2Ftags&post=9496"}],"curies":[{"name":"wp","href":"https:\/\/api.w.org\/{rel}","templated":true}]}}