{"id":9493,"date":"2021-10-09T11:12:19","date_gmt":"2021-10-09T14:12:19","guid":{"rendered":"https:\/\/radiorevelacionfm.cl\/?p=9493"},"modified":"2021-10-09T11:12:19","modified_gmt":"2021-10-09T14:12:19","slug":"comenzo-pago-del-ife-laboral-a-982-beneficiarios-de-la-region-de-aysen","status":"publish","type":"post","link":"https:\/\/radiorevelacionfm.cl\/?p=9493","title":{"rendered":"Comenz\u00f3 pago del IFE Laboral a 982 beneficiarios de la Regi\u00f3n de Ays\u00e9n"},"content":{"rendered":"<div class=\"flex_column av_one_full  flex_column_div av-zero-column-padding first  avia-builder-el-0  el_before_av_one_full  avia-builder-el-first  \" style='border-radius:0px; '><div  class='avia-image-container  av-styling-    avia-builder-el-1  avia-builder-el-no-sibling  avia-align-center '  itemprop=\"image\" itemscope=\"itemscope\" itemtype=\"https:\/\/schema.org\/ImageObject\"  ><div class='avia-image-container-inner'><div class='avia-image-overlay-wrap'><img decoding=\"async\" class='wp-image-9494 avia-img-lazy-loading-not-9494 avia_image' src=\"https:\/\/radiorevelacionfm.cl\/wp-content\/uploads\/2021\/10\/IFELaboral_0-1-1.jpg\" alt='' title='IFELaboral_0 (1) (1)' height=\"600\" width=\"1176\"  itemprop=\"thumbnailUrl\" srcset=\"https:\/\/radiorevelacionfm.cl\/wp-content\/uploads\/2021\/10\/IFELaboral_0-1-1.jpg 1176w, https:\/\/radiorevelacionfm.cl\/wp-content\/uploads\/2021\/10\/IFELaboral_0-1-1-300x153.jpg 300w, https:\/\/radiorevelacionfm.cl\/wp-content\/uploads\/2021\/10\/IFELaboral_0-1-1-1030x526.jpg 1030w, https:\/\/radiorevelacionfm.cl\/wp-content\/uploads\/2021\/10\/IFELaboral_0-1-1-768x392.jpg 768w, https:\/\/radiorevelacionfm.cl\/wp-content\/uploads\/2021\/10\/IFELaboral_0-1-1-705x360.jpg 705w, https:\/\/radiorevelacionfm.cl\/wp-content\/uploads\/2021\/10\/IFELaboral_0-1-1-600x306.jpg 600w\" sizes=\"(max-width: 1176px) 100vw, 1176px\" \/><\/div><\/div><\/div><\/div><div class=\"flex_column av_one_full  flex_column_div av-zero-column-padding first  avia-builder-el-2  el_after_av_one_full  el_before_av_one_full  column-top-margin\" style='border-radius:0px; '><section class=\"av_textblock_section \"  itemscope=\"itemscope\" itemtype=\"https:\/\/schema.org\/BlogPosting\" itemprop=\"blogPost\" ><div class='avia_textblock  '   itemprop=\"text\" ><p style=\"text-align: center;\"><strong><span style=\"font-size: 18pt;\">Comenz\u00f3 pago del IFE Laboral a 982 beneficiarios de la Regi\u00f3n de Ays\u00e9n<\/span><\/strong><\/p>\n<div id=\"gtx-trans\" style=\"position: absolute; left: -50px; top: 4.31534px;\">\n<div class=\"gtx-trans-icon\"><\/div>\n<\/div>\n<\/div><\/section><\/div><div class=\"flex_column av_one_full  flex_column_div av-zero-column-padding first  avia-builder-el-4  el_after_av_one_full  el_before_av_hr  column-top-margin\" style='border-radius:0px; '><section class=\"av_textblock_section \"  itemscope=\"itemscope\" itemtype=\"https:\/\/schema.org\/BlogPosting\" itemprop=\"blogPost\" ><div class='avia_textblock  '   itemprop=\"text\" ><p class=\"v1MsoNormal\" style=\"text-align: justify;\"><span lang=\"ES\">Ya comenz\u00f3 el primer pago del nuevo Subsidio al Empleo, IFE Laboral, iniciativa del Ministerio del Trabajo y Previsi\u00f3n Social que ejecuta el Servicio Nacional de Capacitaci\u00f3n y Empleo, Sence, y que es un incentivo para que los trabajadores se empleen formalmente, otorg\u00e1ndoles un subsidio por un nuevo contrato, el que se entrega directamente al trabajador o trabajadora.<\/span><\/p>\n<p class=\"v1MsoNormal\" style=\"text-align: justify;\"><span lang=\"ES\">\u00abComo Gobierno estamos contentos de poder llegar a cientos, y a futuro, miles de ayseninos con el IFE Laboral, el cual es parte de la pol\u00edtica p\u00fablica de la Red de Protecci\u00f3n Social, la cual hemos impulsado para ir en ayuda de las familias y personas afectadas por la pandemia; en un trabajo que ha sido constante por recuperar empleos y generar m\u00e1s y mejores oportunidades para los trabajadores de Ays\u00e9n\u00bb, destac\u00f3 la Delegada Presidencial Regional, Margarita Ossa.<\/span><\/p>\n<p class=\"v1MsoNormal\" style=\"text-align: justify;\"><span lang=\"ES\">La Seremi de Trabajo y Previsi\u00f3n Social, Andrea Ponce Olivares, recalc\u00f3 la recuperaci\u00f3n del empleo y la cifra positiva de beneficiarios, \u00abEl llamado es a postular. Son 982 los trabajadores y trabajadoras de nuestra Regi\u00f3n de Ays\u00e9n que est\u00e1n ya recibiendo el IFE Laboral. \u00bfQu\u00e9 significa eso? Que son 982 personas con un nuevo contrato formal de trabajo, 982 familias que van a recibir una remuneraci\u00f3n. Quiero tambi\u00e9n llamarlos a que se queden tranquilos que, si postula al IFE Laboral, porque tiene un nuevo empleo, no va a perder el IFE Universal, ese beneficio ya lo tiene su familia. Nos hemos recuperado econ\u00f3micamente y esperamos que se mantengan las bajas cifras de contagios de Covid, salga tranquilo a trabajar, con las medidas sanitarias que ya conocemos, pero salga a trabajar, aproveche las vacantes laborales que hay en la regi\u00f3n. Hoy tenemos un 3,7% de desempleo en la Regi\u00f3n de Ays\u00e9n, que es una cifra similar a la que ten\u00edamos antes de la pandemia y eso es muy positivo. El IFE Laboral est\u00e1 aportando a la formalidad, para que los trabajadores est\u00e9n cubiertos, con seguridad social, cubiertos con la ley de seguro de accidentes y enfermedades profesionales, con salud, con previsi\u00f3n social, con seguro de cesant\u00eda, todo para que el trabajador salga tranquilo a trabajar\u00bb.<\/span><\/p>\n<p class=\"v1MsoNormal\" style=\"text-align: justify;\"><span lang=\"ES\">Con respecto a las postulaciones y a los montos del subsidio del IFE Laboral, la directora regional de Sence, Katherine Kingma, explic\u00f3, \u00abEstamos contentos, nos ha ido muy bien en la Regi\u00f3n de Ays\u00e9n con el IFE Laboral, ya tenemos a 982 trabajadores que est\u00e1n recibiendo el pago de su IFE Laboral por tener un nuevo contrato formal. Este es un subsidio que postula directamente el trabajador, a trav\u00e9s de la p\u00e1gina en <a href=\"http:\/\/www.subsidioalempleo.cl\/\" target=\"_blank\" rel=\"noopener noreferrer\">www.subsidioalempleo.cl<\/a>, con su clave \u00fanica. Para los varones mayores de 24 y menores de 55 a\u00f1os el monto del subsidio es del\u00a050% de su Remuneraci\u00f3n Bruta Mensual, con tope de $200.000 mensuales. En el caso de las mujeres, j\u00f3venes entre 18 y 24 a\u00f1os, hombres mayores de 55 a\u00f1os y personas con discapacidad, el monto del subsidio es de un\u00a060% de la Remuneraci\u00f3n Bruta Mensual, con un tope de $250.000 mensuales.\u00bb<\/span><\/p>\n<p class=\"v1MsoNormal\" style=\"text-align: justify;\"><span lang=\"ES\">Las autoridades llamaron a informarse sobre los requisitos para postular al IFE Laboral, \u00abEl IFE Laboral se puede postular hasta diciembre y entre los requisitos que deben cumplir los trabajadores est\u00e1n: Que el sueldo bruto de su nuevo contrato sea menor o igual a 3 sueldos m\u00ednimos, es decir, $1.011.000; haber estado cesante por 30 d\u00edas antes de la postulaci\u00f3n y contar, que es lo m\u00e1s importante, con un nuevo contrato de trabajo a partir de agosto del presente a\u00f1o\u00bb, se\u00f1al\u00f3 la directora regional de Sence.<\/span><\/p>\n<p class=\"v1MsoNormal\" style=\"text-align: justify;\"><span lang=\"ES\">\u00abEn la p\u00e1gina web\u00a0<a href=\"http:\/\/www.subsidioalempleo.cl\/\" target=\"_blank\" rel=\"noopener noreferrer\">www.subsidioalempleo.cl<\/a>\u00a0hay un simulador donde usted puede colocar su edad, sexo, si tiene alg\u00fan tipo de discapacidad o no y el monto bruto de su nueva remuneraci\u00f3n y ver al instante cu\u00e1nto recibir\u00eda con el IFE Laboral si cumple con los requisitos. Inf\u00f3rmese, no perder\u00e9 el IFE Universal, sino que todo se sumar\u00e1, teniendo en cuenta que el IFE Laboral es un aporte directo al bolsillo del trabajador o de la trabajadora. Si alguien est\u00e1 complicado con la tecnolog\u00eda, ac\u00e9rquese a Sence, hay oficinas en las cuatro provincias de la regi\u00f3n\u00bb, mencion\u00f3 la Seremi Andrea Ponce.<\/span><\/p>\n<p class=\"v1MsoNormal\" style=\"text-align: justify;\"><span lang=\"ES\">Una de las beneficiarias del IFE Laboral es Yoselin Melo, secretaria de una empresa de seguridad en Coyhaique, quien afirm\u00f3, \u00abMe parece bien porque quise postular porque igual faltan las lucas y est\u00e1 todo m\u00e1s caro, esta es una gran ayuda. Me estuve fijando en las p\u00e1ginas y ah\u00ed vi que pod\u00eda postular\u00bb, coment\u00f3.<\/span><\/p>\n<p class=\"v1MsoNormal\" style=\"text-align: justify;\"><span lang=\"ES\">Sobre el tipo de contrato, este debe ser C\u00f3digo de Trabajo, pudiendo ser jornada completa, jornada parcial, indefinido, a plazo fijo, por obra o faena determinada o de temporada. Adem\u00e1s, el IFE Laboral es compatible con el IFE Universal, el Ingreso M\u00ednimo Garantizado, el Subsidio Protege, el Bono Trabajo Mujer (BTM) y el Subsidio Empleo Joven (SEJ).<\/span><\/p>\n<\/div><\/section><\/div><div  style='height:50px' class='hr hr-invisible   avia-builder-el-6  el_after_av_one_full  el_before_av_social_share '><span class='hr-inner ' ><span class='hr-inner-style'><\/span><\/span><\/div><\/p>\n<div  class='av-social-sharing-box  avia-builder-el-7  el_after_av_hr  el_before_av_hr  '><div class='av-share-box'><h5 class='av-share-link-description av-no-toc '>Compartir esta noticia<\/h5><ul class='av-share-box-list noLightbox'><li class='av-share-link av-social-link-facebook' ><a target=\"_blank\" aria-label=\"Compartir en Facebook\" href='https:\/\/www.facebook.com\/sharer.php?u=https:\/\/radiorevelacionfm.cl\/?p=9493&#038;t=Comenz%C3%B3%20pago%20del%20IFE%20Laboral%20a%20982%20beneficiarios%20de%20la%20Regi%C3%B3n%20de%20Ays%C3%A9n' aria-hidden='false' data-av_icon='\ue8f3' data-av_iconfont='entypo-fontello' title='' data-avia-related-tooltip='Compartir en Facebook' rel=\"noopener\"><span class='avia_hidden_link_text'>Compartir en Facebook<\/span><\/a><\/li><li class='av-share-link av-social-link-twitter' ><a target=\"_blank\" aria-label=\"Compartir en Twitter\" href='https:\/\/twitter.com\/share?text=Comenz%C3%B3%20pago%20del%20IFE%20Laboral%20a%20982%20beneficiarios%20de%20la%20Regi%C3%B3n%20de%20Ays%C3%A9n&#038;url=https:\/\/radiorevelacionfm.cl\/?p=9493' aria-hidden='false' data-av_icon='\ue8f1' data-av_iconfont='entypo-fontello' title='' data-avia-related-tooltip='Compartir en Twitter' rel=\"noopener\"><span class='avia_hidden_link_text'>Compartir en Twitter<\/span><\/a><\/li><li class='av-share-link av-social-link-whatsapp' ><a target=\"_blank\" aria-label=\"Compartir en Whatsapp\" href='https:\/\/api.whatsapp.com\/send?text=https:\/\/radiorevelacionfm.cl\/?p=9493' aria-hidden='false' data-av_icon='\uf232' data-av_iconfont='entypo-fontello' title='' data-avia-related-tooltip='Compartir en Whatsapp' rel=\"noopener\"><span class='avia_hidden_link_text'>Compartir en Whatsapp<\/span><\/a><\/li><li class='av-share-link av-social-link-linkedin' ><a target=\"_blank\" aria-label=\"Compartir en LinkedIn\" href='https:\/\/linkedin.com\/shareArticle?mini=true&#038;title=Comenz%C3%B3%20pago%20del%20IFE%20Laboral%20a%20982%20beneficiarios%20de%20la%20Regi%C3%B3n%20de%20Ays%C3%A9n&#038;url=https:\/\/radiorevelacionfm.cl\/?p=9493' aria-hidden='false' data-av_icon='\ue8fc' data-av_iconfont='entypo-fontello' title='' data-avia-related-tooltip='Compartir en LinkedIn' rel=\"noopener\"><span class='avia_hidden_link_text'>Compartir en LinkedIn<\/span><\/a><\/li><li class='av-share-link av-social-link-mail' ><a  aria-label=\"Compartir por correo\" href='mailto:?subject=Comenz%C3%B3%20pago%20del%20IFE%20Laboral%20a%20982%20beneficiarios%20de%20la%20Regi%C3%B3n%20de%20Ays%C3%A9n&#038;body=https:\/\/radiorevelacionfm.cl\/?p=9493' aria-hidden='false' data-av_icon='\ue805' data-av_iconfont='entypo-fontello' title='' data-avia-related-tooltip='Compartir por correo'><span class='avia_hidden_link_text'>Compartir por correo<\/span><\/a><\/li><\/ul><\/div><\/div>\n<div  style='height:50px' class='hr hr-invisible   avia-builder-el-8  el_after_av_social_share  el_before_av_comments_list '><span class='hr-inner ' ><span class='hr-inner-style'><\/span><\/span><\/div>\n<div  class='av-buildercomment  av-blog-meta-html-info-disabled av-blog-meta-tag-disabled  '><\/div>\n","protected":false},"excerpt":{"rendered":"","protected":false},"author":1,"featured_media":9494,"comment_status":"open","ping_status":"open","sticky":false,"template":"","format":"standard","meta":{"footnotes":""},"categories":[56],"tags":[],"class_list":["post-9493","post","type-post","status-publish","format-standard","has-post-thumbnail","hentry","category-trabajo"],"jetpack_featured_media_url":"https:\/\/radiorevelacionfm.cl\/wp-content\/uploads\/2021\/10\/IFELaboral_0-1-1.jpg","_links":{"self":[{"href":"https:\/\/radiorevelacionfm.cl\/index.php?rest_route=\/wp\/v2\/posts\/9493","targetHints":{"allow":["GET"]}}],"collection":[{"href":"https:\/\/radiorevelacionfm.cl\/index.php?rest_route=\/wp\/v2\/posts"}],"about":[{"href":"https:\/\/radiorevelacionfm.cl\/index.php?rest_route=\/wp\/v2\/types\/post"}],"author":[{"embeddable":true,"href":"https:\/\/radiorevelacionfm.cl\/index.php?rest_route=\/wp\/v2\/users\/1"}],"replies":[{"embeddable":true,"href":"https:\/\/radiorevelacionfm.cl\/index.php?rest_route=%2Fwp%2Fv2%2Fcomments&post=9493"}],"version-history":[{"count":1,"href":"https:\/\/radiorevelacionfm.cl\/index.php?rest_route=\/wp\/v2\/posts\/9493\/revisions"}],"predecessor-version":[{"id":9495,"href":"https:\/\/radiorevelacionfm.cl\/index.php?rest_route=\/wp\/v2\/posts\/9493\/revisions\/9495"}],"wp:featuredmedia":[{"embeddable":true,"href":"https:\/\/radiorevelacionfm.cl\/index.php?rest_route=\/wp\/v2\/media\/9494"}],"wp:attachment":[{"href":"https:\/\/radiorevelacionfm.cl\/index.php?rest_route=%2Fwp%2Fv2%2Fmedia&parent=9493"}],"wp:term":[{"taxonomy":"category","embeddable":true,"href":"https:\/\/radiorevelacionfm.cl\/index.php?rest_route=%2Fwp%2Fv2%2Fcategories&post=9493"},{"taxonomy":"post_tag","embeddable":true,"href":"https:\/\/radiorevelacionfm.cl\/index.php?rest_route=%2Fwp%2Fv2%2Ftags&post=9493"}],"curies":[{"name":"wp","href":"https:\/\/api.w.org\/{rel}","templated":true}]}}